{"id":120458,"date":"2023-02-13T19:25:09","date_gmt":"2023-02-13T22:25:09","guid":{"rendered":"https:\/\/www.elsindical.com.ar\/notas\/?p=120458"},"modified":"2023-02-13T19:29:37","modified_gmt":"2023-02-13T22:29:37","slug":"miguel-angel-pirker-la-muerte-que-es-un-estigma-en-la-historia-de-la-policia-federal-argentina","status":"publish","type":"post","link":"https:\/\/www.elsindical.com.ar\/notas\/miguel-angel-pirker-la-muerte-que-es-un-estigma-en-la-historia-de-la-policia-federal-argentina\/","title":{"rendered":"Miguel \u00c1ngel Pirker, la muerte que es un estigma en la historia de la Polic\u00eda Federal Argentina"},"content":{"rendered":"<div class=\"wp-block-image\">\n<figure class=\"aligncenter size-large\"><a href=\"https:\/\/www.elsindical.com.ar\/notas\/var\/www\/html\/notas\/wp-content\/uploads\/2023\/02\/Juan-Angel-Pirker.jpg\"><img loading=\"lazy\" decoding=\"async\" width=\"1024\" height=\"1024\" src=\"https:\/\/www.elsindical.com.ar\/notas\/var\/www\/html\/notas\/wp-content\/uploads\/2023\/02\/Juan-Angel-Pirker-1024x1024.jpg\" alt=\"\" class=\"wp-image-120459\" srcset=\"https:\/\/www.elsindical.com.ar\/notas\/var\/www\/html\/notas\/wp-content\/uploads\/2023\/02\/Juan-Angel-Pirker-1024x1024.jpg 1024w, https:\/\/www.elsindical.com.ar\/notas\/var\/www\/html\/notas\/wp-content\/uploads\/2023\/02\/Juan-Angel-Pirker-300x300.jpg 300w, https:\/\/www.elsindical.com.ar\/notas\/var\/www\/html\/notas\/wp-content\/uploads\/2023\/02\/Juan-Angel-Pirker-150x150.jpg 150w, https:\/\/www.elsindical.com.ar\/notas\/var\/www\/html\/notas\/wp-content\/uploads\/2023\/02\/Juan-Angel-Pirker-768x768.jpg 768w, https:\/\/www.elsindical.com.ar\/notas\/var\/www\/html\/notas\/wp-content\/uploads\/2023\/02\/Juan-Angel-Pirker-1536x1536.jpg 1536w, https:\/\/www.elsindical.com.ar\/notas\/var\/www\/html\/notas\/wp-content\/uploads\/2023\/02\/Juan-Angel-Pirker-50x50.jpg 50w, https:\/\/www.elsindical.com.ar\/notas\/var\/www\/html\/notas\/wp-content\/uploads\/2023\/02\/Juan-Angel-Pirker.jpg 1600w\" sizes=\"auto, (max-width: 1024px) 100vw, 1024px\" \/><\/a><\/figure>\n<\/div>\n\n\n<p>     Ninguno de sus ex jefes de polic\u00eda han quedado tan marcados en la historia de la Polic\u00eda Federal Argentina, como Pirker, incluso su muerte \u00abnatural\u00bb super\u00f3 el asesinato con explosivos que terminara con la vida de \u00abtubito\u00bb Villar y su esposa cuando volaron la lancha en la que paseaban por el Delta.<\/p>\n\n\n\n<p>La explicaci\u00f3n es que en muchos la muerte de Pirker es una voz que reclama justicia en sus conciencias, la inveros\u00edmil versi\u00f3n de que el Jefe de la PFA, un cargo que por aquellos d\u00edas era sin\u00f3nimo de poder por las incumbencias de la polic\u00eda federal y de su red de personal de inteligencia disperso en todo el pa\u00eds, sumado al hecho de que era la \u00fanica fuerza con el mayor archivo de antecedentes y huellas dactilares.<\/p>\n\n\n\n<p>Para muchos Miguel \u00c1ngel Pirker era un jefe de polic\u00eda distinto, pero en realidad fue esa condici\u00f3n de distinto la que sellar\u00eda su suerte, llegar a la jefatura no es lo mismo que sobrevivir y es en donde este hombre pec\u00f3 de ingenuidad.<\/p>\n\n\n\n<p>Su muerte nunca fue investigada, como no se investig\u00f3 qui\u00e9n abri\u00f3 su caja fuerte personal, ni el faltante de un collar de un elevado valor que era de su novia, quien luego de la muerte m\u00e1s que condolencias recibi\u00f3 intimidaciones.<\/p>\n\n\n\n<p>A diferencia de los otros jefes de polic\u00eda no era millonario durante el cargo ni dej\u00f3 una herencia injustificada, fue de los pocos que abri\u00f3 la instituci\u00f3n a los medios y a la sociedad.<\/p>\n\n\n\n<p><strong>Pinker hab\u00eda esclarecido, precisamente, el secuestro y asesinato de Osvaldo Sivak y de otros empresarios a manos de una banda integrada por oficiales y agentes de la fuerza.<\/strong> Tambi\u00e9n se hab\u00eda erigido en el principal protagonista del secuestro de 60 kilos de coca\u00edna, una investigaci\u00f3n rigurosa y de compleja acci\u00f3n que le mereci\u00f3 la felicitaci\u00f3n personal de Ra\u00fal Alfons\u00edn. Y como si todo eso fuera poco, Pirker, durante su gesti\u00f3n al frente del Departamento,<strong> posibilit\u00f3 el desbaratamiento de varias c\u00e9lulas de ultraderecha asociadas a ese tr\u00e1fico<\/strong>. En definitiva, hab\u00eda posibilitado instalar la polic\u00eda so\u00f1ada, al servicio de la comunidad, con amplio y firme sentido democr\u00e1tico.<\/p>\n\n\n\n<p>Fue el primero en hacer p\u00fablico el negocio de cambiar autos en Paraguay por coca\u00edna y en los a\u00f1os donde ya la DEA comenzaba a apretar a empresarios vinculados al lavado de dinero, un tipo como Pirker era un problema  pol\u00edtico a resolver, pero no se le pod\u00eda pedir la renuncia a un tipo que la sociedad lo ve\u00eda como honesto y transparente, fue el \u00fanico jefe de polic\u00eda en ir a programas como un invitado m\u00e1s, pero esos mismos periodistas que dec\u00edan admirarlo, callaron frente a su muerte.<\/p>\n\n\n\n<figure class=\"wp-block-image size-full\"><a href=\"https:\/\/www.elsindical.com.ar\/notas\/var\/www\/html\/notas\/wp-content\/uploads\/2023\/02\/Pirker-y-Nosiglia.jpg\"><img loading=\"lazy\" decoding=\"async\" width=\"861\" height=\"622\" src=\"https:\/\/www.elsindical.com.ar\/notas\/var\/www\/html\/notas\/wp-content\/uploads\/2023\/02\/Pirker-y-Nosiglia.jpg\" alt=\"\" class=\"wp-image-120460\" srcset=\"https:\/\/www.elsindical.com.ar\/notas\/var\/www\/html\/notas\/wp-content\/uploads\/2023\/02\/Pirker-y-Nosiglia.jpg 861w, https:\/\/www.elsindical.com.ar\/notas\/var\/www\/html\/notas\/wp-content\/uploads\/2023\/02\/Pirker-y-Nosiglia-300x217.jpg 300w, https:\/\/www.elsindical.com.ar\/notas\/var\/www\/html\/notas\/wp-content\/uploads\/2023\/02\/Pirker-y-Nosiglia-768x555.jpg 768w, https:\/\/www.elsindical.com.ar\/notas\/var\/www\/html\/notas\/wp-content\/uploads\/2023\/02\/Pirker-y-Nosiglia-415x300.jpg 415w\" sizes=\"auto, (max-width: 861px) 100vw, 861px\" \/><\/a><\/figure>\n\n\n\n<p>Quien todos se\u00f1alan sabe lo que nunca confes\u00f3 es quien era el jefe de Pirker y no es otro que el \u00abmonje negro\u00bb Enrique Nosiglia, un armador de poder como pocos, operador judicial y pol\u00edtico que ejerce un poder omnisciente. <\/p>\n\n\n\n<p>Por Marcelo Ricardo Hawrylciw<\/p>\n","protected":false},"excerpt":{"rendered":"<p>Ninguno de sus ex jefes de polic\u00eda han quedado tan marcados en la historia de la Polic\u00eda Federal Argentina, como Pirker, incluso su muerte \u00abnatural\u00bb super\u00f3 el asesinato con explosivos que terminara con la vida de \u00abtubito\u00bb Villar y su esposa cuando volaron la lancha en la que paseaban por el Delta. La explicaci\u00f3n es&hellip;<\/p>\n","protected":false},"author":1,"featured_media":120459,"comment_status":"open","ping_status":"open","sticky":false,"template":"","format":"standard","meta":{"footnotes":""},"categories":[10],"tags":[39556,1451,2450,39557,1452,305,39558,698,1890],"class_list":["post-120458","post","type-post","status-publish","format-standard","has-post-thumbnail","hentry","category-editorial","tag-comisario-general-miguel-angel-pirker","tag-corrupcion","tag-diario-el-sindical","tag-enrique-nosiglia","tag-mafias","tag-muerte","tag-operador-politico","tag-pfa","tag-raul-alfonsin"],"_links":{"self":[{"href":"https:\/\/www.elsindical.com.ar\/notas\/wp-json\/wp\/v2\/posts\/120458","targetHints":{"allow":["GET"]}}],"collection":[{"href":"https:\/\/www.elsindical.com.ar\/notas\/wp-json\/wp\/v2\/posts"}],"about":[{"href":"https:\/\/www.elsindical.com.ar\/notas\/wp-json\/wp\/v2\/types\/post"}],"author":[{"embeddable":true,"href":"https:\/\/www.elsindical.com.ar\/notas\/wp-json\/wp\/v2\/users\/1"}],"replies":[{"embeddable":true,"href":"https:\/\/www.elsindical.com.ar\/notas\/wp-json\/wp\/v2\/comments?post=120458"}],"version-history":[{"count":2,"href":"https:\/\/www.elsindical.com.ar\/notas\/wp-json\/wp\/v2\/posts\/120458\/revisions"}],"predecessor-version":[{"id":120463,"href":"https:\/\/www.elsindical.com.ar\/notas\/wp-json\/wp\/v2\/posts\/120458\/revisions\/120463"}],"wp:featuredmedia":[{"embeddable":true,"href":"https:\/\/www.elsindical.com.ar\/notas\/wp-json\/wp\/v2\/media\/120459"}],"wp:attachment":[{"href":"https:\/\/www.elsindical.com.ar\/notas\/wp-json\/wp\/v2\/media?parent=120458"}],"wp:term":[{"taxonomy":"category","embeddable":true,"href":"https:\/\/www.elsindical.com.ar\/notas\/wp-json\/wp\/v2\/categories?post=120458"},{"taxonomy":"post_tag","embeddable":true,"href":"https:\/\/www.elsindical.com.ar\/notas\/wp-json\/wp\/v2\/tags?post=120458"}],"curies":[{"name":"wp","href":"https:\/\/api.w.org\/{rel}","templated":true}]}}