{"id":120429,"date":"2023-02-12T13:09:34","date_gmt":"2023-02-12T16:09:34","guid":{"rendered":"https:\/\/www.elsindical.com.ar\/notas\/?p=120429"},"modified":"2023-02-12T14:25:07","modified_gmt":"2023-02-12T17:25:07","slug":"caba-otra-muerte-mas-vinculada-a-las-drogas-derriba-el-discurso-de-larreta-sobre-seguridad","status":"publish","type":"post","link":"https:\/\/www.elsindical.com.ar\/notas\/caba-otra-muerte-mas-vinculada-a-las-drogas-derriba-el-discurso-de-larreta-sobre-seguridad\/","title":{"rendered":"CABA: Otra muerte m\u00e1s vinculada a las drogas derriba el discurso de Larreta sobre seguridad"},"content":{"rendered":"<div class=\"wp-block-image\">\n<figure class=\"aligncenter size-large\"><a href=\"https:\/\/www.elsindical.com.ar\/notas\/var\/www\/html\/notas\/wp-content\/uploads\/2023\/02\/El-Gallito-de-Floresta.jpg\"><img loading=\"lazy\" decoding=\"async\" width=\"1024\" height=\"768\" src=\"https:\/\/www.elsindical.com.ar\/notas\/var\/www\/html\/notas\/wp-content\/uploads\/2023\/02\/El-Gallito-de-Floresta-1024x768.jpg\" alt=\"\" class=\"wp-image-120430\" srcset=\"https:\/\/www.elsindical.com.ar\/notas\/var\/www\/html\/notas\/wp-content\/uploads\/2023\/02\/El-Gallito-de-Floresta-1024x768.jpg 1024w, https:\/\/www.elsindical.com.ar\/notas\/var\/www\/html\/notas\/wp-content\/uploads\/2023\/02\/El-Gallito-de-Floresta-300x225.jpg 300w, https:\/\/www.elsindical.com.ar\/notas\/var\/www\/html\/notas\/wp-content\/uploads\/2023\/02\/El-Gallito-de-Floresta-768x576.jpg 768w, https:\/\/www.elsindical.com.ar\/notas\/var\/www\/html\/notas\/wp-content\/uploads\/2023\/02\/El-Gallito-de-Floresta-400x300.jpg 400w, https:\/\/www.elsindical.com.ar\/notas\/var\/www\/html\/notas\/wp-content\/uploads\/2023\/02\/El-Gallito-de-Floresta-1536x1152.jpg 1536w, https:\/\/www.elsindical.com.ar\/notas\/var\/www\/html\/notas\/wp-content\/uploads\/2023\/02\/El-Gallito-de-Floresta.jpg 2048w\" sizes=\"auto, (max-width: 1024px) 100vw, 1024px\" \/><\/a><\/figure>\n<\/div>\n\n\n<p class=\"wp-block-paragraph\">   Mientras Horacio Rodr\u00edguez Larreta sigue con su campa\u00f1a pol\u00edtica y no  duda en mentir sobre los logros que dice haber logrado en la seguridad de la Ciudad, la realidad es que luego de acusar al gobierno nacional de no importarle las vidas de los ciudadanos, se conocen m\u00e1s casos de muertes donde el com\u00fan denominador es la venta de drogas, la corrupci\u00f3n y la impunidad.<\/p>\n\n\n\n<p class=\"wp-block-paragraph\">Luego del cruel asesinato de Nayla la nena de 4 a\u00f1os, que recibi\u00f3 en su cabeza uno de los 32 disparos que se realizaron dos bandas que se disputan la venta de drogas en la 1-11-14, las protestas y testimonios de los vecinos dejaron en claro que nada ha cambiado en el lugar sobre el narcotr\u00e1fico, los robos y asesinatos que denunciaron es algo diario. Incluso la familia para poder dar sepultura al cuerpo de la menor debi\u00f3 ir a un canal de noticias y desde all\u00ed esperar el resultado de una colecta.<\/p>\n\n\n\n<p class=\"wp-block-paragraph\">Ahora una nueva muerte con graves denuncias de los vecinos que apuntan a la corrupci\u00f3n policial y de funcionarios del Gobierno de la Ciudad no ha podido ser \u00abplanchada\u00bb en los medios que demoraron varias horas en dar informaci\u00f3n, dicen desde el Partido Obrero por presiones del Gobierno de la Ciudad bajo amenaza de limitar la pauta publicitaria.<\/p>\n\n\n\n<figure class=\"wp-block-image size-large\"><a href=\"https:\/\/www.elsindical.com.ar\/notas\/var\/www\/html\/notas\/wp-content\/uploads\/2023\/02\/Claudia-Patricia-Tupa-Lorore-2.jpg\"><img loading=\"lazy\" decoding=\"async\" width=\"768\" height=\"1024\" src=\"https:\/\/www.elsindical.com.ar\/notas\/var\/www\/html\/notas\/wp-content\/uploads\/2023\/02\/Claudia-Patricia-Tupa-Lorore-2-768x1024.jpg\" alt=\"\" class=\"wp-image-120431\" srcset=\"https:\/\/www.elsindical.com.ar\/notas\/var\/www\/html\/notas\/wp-content\/uploads\/2023\/02\/Claudia-Patricia-Tupa-Lorore-2-768x1024.jpg 768w, https:\/\/www.elsindical.com.ar\/notas\/var\/www\/html\/notas\/wp-content\/uploads\/2023\/02\/Claudia-Patricia-Tupa-Lorore-2-225x300.jpg 225w, https:\/\/www.elsindical.com.ar\/notas\/var\/www\/html\/notas\/wp-content\/uploads\/2023\/02\/Claudia-Patricia-Tupa-Lorore-2.jpg 960w\" sizes=\"auto, (max-width: 768px) 100vw, 768px\" \/><\/a><\/figure>\n\n\n\n<p class=\"wp-block-paragraph\">En las \u00faltimas horas se dio a conocer la muerte de <strong>Claudia Patricia Tupa Lorore<\/strong>, delegada del Polo Obrero, quien fue encontrada muerta este viernes en sospechosas circunstancias en el barrio porte\u00f1o de Floresta. El cuerpo de la mujer fue hallado en la puerta de un local gastron\u00f3mico ubicado entre Avenida Rivadavia y Joaqu\u00edn V. Gonz\u00e1lez.<\/p>\n\n\n\n<p class=\"wp-block-paragraph\">Este s\u00e1bado, los vecinos de la zona organizaron una marcha en la esquina en la que ocurrieron los hechos, para pedir justicia por la joven y reclamar que la polic\u00eda investigue el caso. \u201cNo fue un accidente\u201d, expresaba el cartel de uno de los manifestantes.<\/p>\n\n\n\n<p class=\"wp-block-paragraph\">\u201cHasta lo que sabemos, Claudia fue al lugar y se descompuso. Parece que falleci\u00f3 ah\u00ed y que el due\u00f1o del local la sac\u00f3\u201d, expres\u00f3 el referente de Unidad Piquetera, <strong>Eduardo Belliboni<\/strong>.<\/p>\n\n\n\n<p class=\"wp-block-paragraph\">Seg\u00fan el resultado de la autopsia de <strong>Claudia Patricia Tupa Lorore<\/strong>, indica una \u201ccardiopat\u00eda hipertr\u00f3fica, congesti\u00f3n y edema pulmonar\u201d, indicaron fuentes oficiales. Polic\u00edas en el lugar informaron que no se observaba a simple vista<strong> signos de violencia sobre el cuerpo<\/strong>. Asimismo, advirtieron que m\u00e9dicos del SAME lograron reanimar al hombre, el cual fue derivado al <strong>hospital Pi\u00f1eiro<\/strong>, y constataron que la mujer ya se encontraba sin vida.<\/p>\n\n\n\n<p class=\"wp-block-paragraph\">Por su parte, se supo que testigos confirmaron el lugar del hecho y que all\u00ed se encontraba una pareja ebria, desvanecidos y sobre la vereda.<\/p>\n\n\n\n<p class=\"wp-block-paragraph\">El jueves, en los momentos previos a ser encontrada muerta, Tupa hab\u00eda salido a celebrar los festejos de \u201cCompadres\u201d, una festividad propia del carnaval de Bolivia, seg\u00fan relataron sus allegados.<\/p>\n\n\n\n<p class=\"wp-block-paragraph\">Durante la protesta de esta tarde, familiares y amigos de Claudia apuntaron sus reclamos contra el due\u00f1o del local gastron\u00f3mico, conocido como \u201cEl gallito de Floresta\u201d, a quien lo acusan de ser el presunto asesino, y tambi\u00e9n de comercializar drogas. \u201cNo pueden descartar a una persona y quedar libres de culpa. Dejaron que muera una madre de familia\u201d, se\u00f1alaron.<\/p>\n\n\n\n<p class=\"wp-block-paragraph\">Asimismo, manifestaron que la polic\u00eda \u201cno realiz\u00f3 allanamientos en el lugar\u201d, y tampoco investig\u00f3 lo sucedido. \u201cSali\u00f3 a divertirse y apareci\u00f3 muerta\u201d, relat\u00f3 Mar\u00eda, una de sus compa\u00f1eras de militancia.<\/p>\n\n\n\n<p class=\"wp-block-paragraph\">\u201cEra una militante solidaria que organizaba a los vecinos para una vida mejor. Ayer nos enteramos con enorme dolor de esta tragedia. No podemos dejar pasar el tiempo. No vamos a parar hasta que se esclarezca la muerte de Claudia, hasta que la polic\u00eda y la justicia nos den una respuesta\u201d, a\u00f1adi\u00f3.<\/p>\n\n\n\n<figure class=\"wp-block-embed is-type-video is-provider-youtube wp-block-embed-youtube wp-embed-aspect-16-9 wp-has-aspect-ratio\"><div class=\"wp-block-embed__wrapper\">\n<iframe loading=\"lazy\" title=\"Justicia por Claudia Patricia Tupa\" width=\"700\" height=\"394\" src=\"https:\/\/www.youtube.com\/embed\/DNQ1blHOxjY?feature=oembed\" frameborder=\"0\" allow=\"accelerometer; autoplay; clipboard-write; encrypted-media; gyroscope; picture-in-picture; web-share\" allowfullscreen><\/iframe>\n<\/div><\/figure>\n\n\n\n<h2 class=\"wp-block-heading\"><strong>La pista de Mat\u00edas<\/strong><\/h2>\n\n\n\n<p class=\"wp-block-paragraph\">   Luego de conocida la noticia, las denuncias y la marcha por justicia, allegados a Claudia difundieron un video en redes sociales donde se la ve con un joven del que dicen se llamar\u00eda Mat\u00edas y solicitaron a la poblaci\u00f3n si lo conocen se comuniquen con la familia ya que sospechan puede saber qu\u00e9 ocurri\u00f3 con Claudia y de qu\u00e9 manera muri\u00f3.<\/p>\n\n\n\n<figure class=\"wp-block-embed is-type-video is-provider-youtube wp-block-embed-youtube wp-embed-aspect-16-9 wp-has-aspect-ratio\"><div class=\"wp-block-embed__wrapper\">\n<iframe loading=\"lazy\" title=\"Mat\u00edas lo buscan para informaci\u00f3n\" width=\"700\" height=\"394\" src=\"https:\/\/www.youtube.com\/embed\/t9GZKFenmDQ?feature=oembed\" frameborder=\"0\" allow=\"accelerometer; autoplay; clipboard-write; encrypted-media; gyroscope; picture-in-picture; web-share\" allowfullscreen><\/iframe>\n<\/div><\/figure>\n\n\n<div class=\"wp-block-image\">\n<figure class=\"aligncenter size-full\"><a href=\"https:\/\/www.elsindical.com.ar\/notas\/var\/www\/html\/notas\/wp-content\/uploads\/2023\/02\/Matias-buscan-informacion.jpg\"><img loading=\"lazy\" decoding=\"async\" width=\"671\" height=\"742\" src=\"https:\/\/www.elsindical.com.ar\/notas\/var\/www\/html\/notas\/wp-content\/uploads\/2023\/02\/Matias-buscan-informacion.jpg\" alt=\"\" class=\"wp-image-120435\" srcset=\"https:\/\/www.elsindical.com.ar\/notas\/var\/www\/html\/notas\/wp-content\/uploads\/2023\/02\/Matias-buscan-informacion.jpg 671w, https:\/\/www.elsindical.com.ar\/notas\/var\/www\/html\/notas\/wp-content\/uploads\/2023\/02\/Matias-buscan-informacion-271x300.jpg 271w\" sizes=\"auto, (max-width: 671px) 100vw, 671px\" \/><\/a><\/figure>\n<\/div>","protected":false},"excerpt":{"rendered":"<p>Mientras Horacio Rodr\u00edguez Larreta sigue con su campa\u00f1a pol\u00edtica y no duda en mentir sobre los logros que dice haber logrado en la seguridad de la Ciudad, la realidad es que luego de acusar al gobierno nacional de no importarle las vidas de los ciudadanos, se conocen m\u00e1s casos de muertes donde el com\u00fan denominador&hellip;<\/p>\n","protected":false},"author":1,"featured_media":120430,"comment_status":"open","ping_status":"open","sticky":false,"template":"","format":"standard","meta":{"footnotes":""},"categories":[22],"tags":[4284,39552,1451,22020,2450,382,1848,1943,305,6176],"class_list":["post-120429","post","type-post","status-publish","format-standard","has-post-thumbnail","hentry","category-policiales","tag-caba","tag-claudia-patricia-tupa-lorore","tag-corrupcion","tag-denuncias","tag-diario-el-sindical","tag-drogas","tag-floresta","tag-horacio-rodriguez-larreta","tag-muerte","tag-partido-obrero"],"_links":{"self":[{"href":"https:\/\/www.elsindical.com.ar\/notas\/wp-json\/wp\/v2\/posts\/120429","targetHints":{"allow":["GET"]}}],"collection":[{"href":"https:\/\/www.elsindical.com.ar\/notas\/wp-json\/wp\/v2\/posts"}],"about":[{"href":"https:\/\/www.elsindical.com.ar\/notas\/wp-json\/wp\/v2\/types\/post"}],"author":[{"embeddable":true,"href":"https:\/\/www.elsindical.com.ar\/notas\/wp-json\/wp\/v2\/users\/1"}],"replies":[{"embeddable":true,"href":"https:\/\/www.elsindical.com.ar\/notas\/wp-json\/wp\/v2\/comments?post=120429"}],"version-history":[{"count":4,"href":"https:\/\/www.elsindical.com.ar\/notas\/wp-json\/wp\/v2\/posts\/120429\/revisions"}],"predecessor-version":[{"id":120437,"href":"https:\/\/www.elsindical.com.ar\/notas\/wp-json\/wp\/v2\/posts\/120429\/revisions\/120437"}],"wp:featuredmedia":[{"embeddable":true,"href":"https:\/\/www.elsindical.com.ar\/notas\/wp-json\/wp\/v2\/media\/120430"}],"wp:attachment":[{"href":"https:\/\/www.elsindical.com.ar\/notas\/wp-json\/wp\/v2\/media?parent=120429"}],"wp:term":[{"taxonomy":"category","embeddable":true,"href":"https:\/\/www.elsindical.com.ar\/notas\/wp-json\/wp\/v2\/categories?post=120429"},{"taxonomy":"post_tag","embeddable":true,"href":"https:\/\/www.elsindical.com.ar\/notas\/wp-json\/wp\/v2\/tags?post=120429"}],"curies":[{"name":"wp","href":"https:\/\/api.w.org\/{rel}","templated":true}]}}