{"id":120397,"date":"2023-02-10T12:59:40","date_gmt":"2023-02-10T15:59:40","guid":{"rendered":"https:\/\/www.elsindical.com.ar\/notas\/?p=120397"},"modified":"2023-02-10T13:00:14","modified_gmt":"2023-02-10T16:00:14","slug":"prepagas-el-grupo-galeno-sigue-aumentando-sus-cuotas-y-cerro-un-convenio-precarizador-con-un-sindicato-de-la-patronal","status":"publish","type":"post","link":"https:\/\/www.elsindical.com.ar\/notas\/prepagas-el-grupo-galeno-sigue-aumentando-sus-cuotas-y-cerro-un-convenio-precarizador-con-un-sindicato-de-la-patronal\/","title":{"rendered":"Prepagas: \u00abEl Grupo Galeno sigue aumentando sus cuotas y cerr\u00f3 un convenio precarizador con un sindicato de la patronal\u00bb"},"content":{"rendered":"\n<figure class=\"wp-block-image size-full\"><a href=\"https:\/\/www.elsindical.com.ar\/notas\/var\/www\/html\/notas\/wp-content\/uploads\/2023\/02\/reclamos-contra-Galeno.jpg\"><img loading=\"lazy\" decoding=\"async\" width=\"960\" height=\"543\" src=\"https:\/\/www.elsindical.com.ar\/notas\/var\/www\/html\/notas\/wp-content\/uploads\/2023\/02\/reclamos-contra-Galeno.jpg\" alt=\"\" class=\"wp-image-120398\" srcset=\"https:\/\/www.elsindical.com.ar\/notas\/var\/www\/html\/notas\/wp-content\/uploads\/2023\/02\/reclamos-contra-Galeno.jpg 960w, https:\/\/www.elsindical.com.ar\/notas\/var\/www\/html\/notas\/wp-content\/uploads\/2023\/02\/reclamos-contra-Galeno-300x170.jpg 300w, https:\/\/www.elsindical.com.ar\/notas\/var\/www\/html\/notas\/wp-content\/uploads\/2023\/02\/reclamos-contra-Galeno-768x434.jpg 768w, https:\/\/www.elsindical.com.ar\/notas\/var\/www\/html\/notas\/wp-content\/uploads\/2023\/02\/reclamos-contra-Galeno-500x283.jpg 500w, https:\/\/www.elsindical.com.ar\/notas\/var\/www\/html\/notas\/wp-content\/uploads\/2023\/02\/reclamos-contra-Galeno-460x260.jpg 460w\" sizes=\"auto, (max-width: 960px) 100vw, 960px\" \/><\/a><\/figure>\n\n\n\n<figure class=\"wp-block-table\"><table><tbody><tr><td>El <strong>Sindicato de M\u00e9dicos AMRA<\/strong> (Asociaci\u00f3n de M\u00e9dicos de la Rep\u00fablica Argentina) <strong>denuncia&nbsp;una asociaci\u00f3n entre el Grupo Galeno S.A. y el sindicato AMAP<\/strong>, tras cerrarse un <strong>Convenio Colectivo de Trabajo a la baja, sin contar con afiliados e impuesto a los trabajadores.<\/strong><br><br>Desde el a\u00f1o pasado los <strong>m\u00e9dicos de los sanatorios de La Trinidad del conurbano bonaerense,&nbsp;nucleados en AMRA,<\/strong> exigen la firma de un <strong>Convenio Colectivo de Trabajo<\/strong> que garantice sus derechos laborales y fundamentalmente un <strong>aumento salarial que empate la inflaci\u00f3n, puesto que durante 2022 solo hab\u00edan recibido un incremento del 36%<\/strong>. En este contexto, y con los <strong>aumentos de las prepagas autorizados por el Ministerio de Salud de la Naci\u00f3n, <\/strong>la patronal decidi\u00f3 unilateralmente el cierre de un CCT con el sindicato AMAP, que carece de representaci\u00f3n y personer\u00eda para la provincia de Buenos Aires.<br><br><strong>Desde AMRA denunciaron que este convenio, adem\u00e1s de haber sido impuesto sin consultar a los profesionales<\/strong> y sin tener afiliados en los sanatorios, <strong>representa una fuerte ca\u00edda salarial para los trabajadores<\/strong>, ya que las negociaciones que se ven\u00edan realizando quedaron truncas una vez instalado el nuevo acuerdo salarial.<br><br>\u00abDe este hecho nos enteramos durante una reuni\u00f3n junto a representantes de dicha empresa privada de salud&nbsp;a pedido del <strong>Ministerio de Trabajo de Naci\u00f3n<\/strong>, desde nuestro&nbsp;<strong>Sindicato M\u00e9dico AMRA<\/strong>&nbsp;tomamos conocimiento que se hab\u00eda hecho efectiva la firma de un&nbsp;<strong>Convenio Colectivo de Trabajo entre AMAP y la empresa Galeno Trinidad\u00bb, declar\u00f3 Jorge Corral, Secretario de Prensa de la organizaci\u00f3n gremial.<\/strong><br><br><strong>\u00abDesde AMRA ped\u00edamos en noviembre un valor por hora m\u00e9dica de bolsillo de $3.200 con actualizaci\u00f3n a marzo de $3.600, mientras que el actual Convenio cerrado entre Galeno y AMAP es, para febrero, de apenas $1.600\u00bb, <\/strong>agreg\u00f3 el dirigente.<br><br>Se trata del CCT 619\/11, que el sindicato AMAP mantiene con<strong> ADECRA, <\/strong>C\u00e1mara&nbsp;que nuclea cl\u00ednicas y sanatorios privados y con la que <strong>AMRA se encuentra en juicio por conducta antisindical.<\/strong><br><br>\u00abA todo esto seguimos luchando por derechos b\u00e1sicos que los m\u00e9dicos no tienen, como el pago de titulo, antig\u00fcedad, nocturnidad, reducci\u00f3n de la sobrecarga laboral, lactario y guarder\u00eda\u00bb, remarc\u00f3 Corral, quien concluy\u00f3, <strong>\u00ablas prepagas seguir\u00e1n aumentando todo el a\u00f1o y las condiciones de trabajo de los profesionales son cada d\u00eda peores, esto los afecta a ellos pero tambi\u00e9n afecta al paciente, que no encuentra turnos o pierde profesionales en su cartilla porque deciden dejar de atender por prepagas\u00bb.<\/strong><br><a href=\"https:\/\/sindicatomedico.us20.list-manage.com\/track\/click?u=ba4e79ff0115490bf2bae1d64&amp;id=97669a519c&amp;e=ac809d7309\" target=\"_blank\" rel=\"noreferrer noopener\">M\u00e1s informaci\u00f3n<\/a><\/td><\/tr><\/tbody><\/table><\/figure>\n\n\n\n<figure class=\"wp-block-image size-full\"><a href=\"https:\/\/www.elsindical.com.ar\/notas\/var\/www\/html\/notas\/wp-content\/uploads\/2023\/02\/reclamos-contra-Galeno-2.jpg\"><img loading=\"lazy\" decoding=\"async\" width=\"850\" height=\"430\" src=\"https:\/\/www.elsindical.com.ar\/notas\/var\/www\/html\/notas\/wp-content\/uploads\/2023\/02\/reclamos-contra-Galeno-2.jpg\" alt=\"\" class=\"wp-image-120399\" srcset=\"https:\/\/www.elsindical.com.ar\/notas\/var\/www\/html\/notas\/wp-content\/uploads\/2023\/02\/reclamos-contra-Galeno-2.jpg 850w, https:\/\/www.elsindical.com.ar\/notas\/var\/www\/html\/notas\/wp-content\/uploads\/2023\/02\/reclamos-contra-Galeno-2-300x152.jpg 300w, https:\/\/www.elsindical.com.ar\/notas\/var\/www\/html\/notas\/wp-content\/uploads\/2023\/02\/reclamos-contra-Galeno-2-768x389.jpg 768w, https:\/\/www.elsindical.com.ar\/notas\/var\/www\/html\/notas\/wp-content\/uploads\/2023\/02\/reclamos-contra-Galeno-2-500x253.jpg 500w\" sizes=\"auto, (max-width: 850px) 100vw, 850px\" \/><\/a><\/figure>\n","protected":false},"excerpt":{"rendered":"<p>El Sindicato de M\u00e9dicos AMRA (Asociaci\u00f3n de M\u00e9dicos de la Rep\u00fablica Argentina) denuncia&nbsp;una asociaci\u00f3n entre el Grupo Galeno S.A. y el sindicato AMAP, tras cerrarse un Convenio Colectivo de Trabajo a la baja, sin contar con afiliados e impuesto a los trabajadores. Desde el a\u00f1o pasado los m\u00e9dicos de los sanatorios de La Trinidad del&hellip;<\/p>\n","protected":false},"author":1,"featured_media":120398,"comment_status":"open","ping_status":"open","sticky":false,"template":"","format":"standard","meta":{"footnotes":""},"categories":[16],"tags":[18713,19440,15743,20153,39545,2450,39544],"class_list":["post-120397","post","type-post","status-publish","format-standard","has-post-thumbnail","hentry","category-gremiales","tag-adecra","tag-amap","tag-amra","tag-cct","tag-conducta-antisindical","tag-diario-el-sindical","tag-grupo-galeno-s-a-2"],"_links":{"self":[{"href":"https:\/\/www.elsindical.com.ar\/notas\/wp-json\/wp\/v2\/posts\/120397","targetHints":{"allow":["GET"]}}],"collection":[{"href":"https:\/\/www.elsindical.com.ar\/notas\/wp-json\/wp\/v2\/posts"}],"about":[{"href":"https:\/\/www.elsindical.com.ar\/notas\/wp-json\/wp\/v2\/types\/post"}],"author":[{"embeddable":true,"href":"https:\/\/www.elsindical.com.ar\/notas\/wp-json\/wp\/v2\/users\/1"}],"replies":[{"embeddable":true,"href":"https:\/\/www.elsindical.com.ar\/notas\/wp-json\/wp\/v2\/comments?post=120397"}],"version-history":[{"count":2,"href":"https:\/\/www.elsindical.com.ar\/notas\/wp-json\/wp\/v2\/posts\/120397\/revisions"}],"predecessor-version":[{"id":120401,"href":"https:\/\/www.elsindical.com.ar\/notas\/wp-json\/wp\/v2\/posts\/120397\/revisions\/120401"}],"wp:featuredmedia":[{"embeddable":true,"href":"https:\/\/www.elsindical.com.ar\/notas\/wp-json\/wp\/v2\/media\/120398"}],"wp:attachment":[{"href":"https:\/\/www.elsindical.com.ar\/notas\/wp-json\/wp\/v2\/media?parent=120397"}],"wp:term":[{"taxonomy":"category","embeddable":true,"href":"https:\/\/www.elsindical.com.ar\/notas\/wp-json\/wp\/v2\/categories?post=120397"},{"taxonomy":"post_tag","embeddable":true,"href":"https:\/\/www.elsindical.com.ar\/notas\/wp-json\/wp\/v2\/tags?post=120397"}],"curies":[{"name":"wp","href":"https:\/\/api.w.org\/{rel}","templated":true}]}}