{"id":120394,"date":"2023-02-10T09:31:29","date_gmt":"2023-02-10T12:31:29","guid":{"rendered":"https:\/\/www.elsindical.com.ar\/notas\/?p=120394"},"modified":"2023-02-10T09:31:32","modified_gmt":"2023-02-10T12:31:32","slug":"autoridades-del-hospital-gandulfo-se-pusieron-a-disposicion-de-la-justicia-por-el-caso-de-la-falsa-medica","status":"publish","type":"post","link":"https:\/\/www.elsindical.com.ar\/notas\/autoridades-del-hospital-gandulfo-se-pusieron-a-disposicion-de-la-justicia-por-el-caso-de-la-falsa-medica\/","title":{"rendered":"Autoridades del Hospital Gandulfo se pusieron a disposici\u00f3n de la Justicia por el caso de la falsa m\u00e9dica"},"content":{"rendered":"\n<figure class=\"wp-block-image size-large\"><a href=\"https:\/\/www.elsindical.com.ar\/notas\/var\/www\/html\/notas\/wp-content\/uploads\/2023\/02\/Hospital-Luisa-Gandulfo.jpg\"><img loading=\"lazy\" decoding=\"async\" width=\"1024\" height=\"576\" src=\"https:\/\/www.elsindical.com.ar\/notas\/var\/www\/html\/notas\/wp-content\/uploads\/2023\/02\/Hospital-Luisa-Gandulfo-1024x576.jpg\" alt=\"\" class=\"wp-image-120395\" srcset=\"https:\/\/www.elsindical.com.ar\/notas\/var\/www\/html\/notas\/wp-content\/uploads\/2023\/02\/Hospital-Luisa-Gandulfo-1024x576.jpg 1024w, https:\/\/www.elsindical.com.ar\/notas\/var\/www\/html\/notas\/wp-content\/uploads\/2023\/02\/Hospital-Luisa-Gandulfo-300x169.jpg 300w, https:\/\/www.elsindical.com.ar\/notas\/var\/www\/html\/notas\/wp-content\/uploads\/2023\/02\/Hospital-Luisa-Gandulfo-768x432.jpg 768w, https:\/\/www.elsindical.com.ar\/notas\/var\/www\/html\/notas\/wp-content\/uploads\/2023\/02\/Hospital-Luisa-Gandulfo-500x281.jpg 500w, https:\/\/www.elsindical.com.ar\/notas\/var\/www\/html\/notas\/wp-content\/uploads\/2023\/02\/Hospital-Luisa-Gandulfo-460x260.jpg 460w, https:\/\/www.elsindical.com.ar\/notas\/var\/www\/html\/notas\/wp-content\/uploads\/2023\/02\/Hospital-Luisa-Gandulfo.jpg 1200w\" sizes=\"auto, (max-width: 1024px) 100vw, 1024px\" \/><\/a><\/figure>\n\n\n\n<p>La mujer, de 28 a\u00f1os, fue detenida en la sala de emergencias del hospital. Vest\u00eda uniforme y ten\u00eda en su poder ordenes m\u00e9dicas para pacientes.<\/p>\n\n\n\n<p><strong>Las autoridades del Hospital Gandulfo de Lomas de Zamora se pusieron hoy a disposici\u00f3n de la Justicia por el caso de una falsa m\u00e9dica<\/strong>, de 28 a\u00f1os, que fue detenida ayer dentro del establecimiento sanitario acusada de portar una matr\u00edcula profesional usurpada.<\/p>\n\n\n\n<p>\u201cEl hospital Gandulfo de Lomas de Zamora informa que habiendo tomado conocimiento de los hechos sucedidos en relaci\u00f3n a la <strong>detenci\u00f3n de una persona<\/strong> dentro de este establecimiento por un presunto robo de identidad a un profesional de la salud se procedi\u00f3 a arbitrar las <strong>acciones necesarias<\/strong> para determinar lo sucedido y sus responsables. Asimismo, en el d\u00eda de la fecha, esta Direcci\u00f3n se puso a total <strong>disposici\u00f3n de la Justicia interviniente<\/strong>\u201c, inform\u00f3 el hospital p\u00fablico de la provincia de Buenos Aires.<\/p>\n\n\n\n<p>El enga\u00f1o de <strong>Sol Zeravoca Mazullo<\/strong>, de 28 a\u00f1os, fue denunciado por la m\u00e9dica Carla Daniela Cori Fern\u00e1ndez, de 36 a\u00f1os, que trabaja en el Hospital L\u00f3pez y Planes, de General Rodr\u00edguez, en el oeste bonaerense, quien advirti\u00f3 que la mujer estaba <strong>utilizando su n\u00famero de matr\u00edcula<\/strong> y ejerciendo como profesional de la salud.<\/p>\n\n\n\n<h2 class=\"wp-block-heading\">LA DETENCI\u00d3N<\/h2>\n\n\n\n<p>La detenci\u00f3n fue en la sala de emergencias del hospital cuando la sospechosa&nbsp;<strong>vest\u00eda uniforme y ten\u00eda en su poder ordenes m\u00e9dicas para pacientes&nbsp;<\/strong>que se deb\u00edan realizar varios estudios en ese centro de salud.<\/p>\n\n\n\n<p>En ese momento, se comprob\u00f3 que la mujer, que posteaba fotos desde el Gandulfo en su cuenta de\u00a0<strong>Instagram desde hace m\u00e1s de dos a\u00f1os<\/strong>, no era m\u00e9dica y que tampoco cursaba la carrera de Medicina sino que\u00a0<strong>utilizaba la matr\u00edcula de una verdadera profesional que trabaja en el Hospital de Vicente L\u00f3pez<\/strong>\u00a0del municipio de General Rodr\u00edguez.<\/p>\n\n\n\n<p>Las investigaciones fueron realizadas por la Unidad Funcional de Instrucci\u00f3n (UFI) N\u00b08, especializada en delitos econ\u00f3micos y de violencia institucional, quien dio la orden de detenci\u00f3n al Grupo de Tareas Operativas de la Comisar\u00eda 8\u00b0 de Villa Galicia.<\/p>\n\n\n\n<p>La falsa m\u00e9dica qued\u00f3 a disposici\u00f3n del Juzgado de Garant\u00edas N\u00b04 de Lomas de Zamora.<\/p>\n","protected":false},"excerpt":{"rendered":"<p>La mujer, de 28 a\u00f1os, fue detenida en la sala de emergencias del hospital. Vest\u00eda uniforme y ten\u00eda en su poder ordenes m\u00e9dicas para pacientes. Las autoridades del Hospital Gandulfo de Lomas de Zamora se pusieron hoy a disposici\u00f3n de la Justicia por el caso de una falsa m\u00e9dica, de 28 a\u00f1os, que fue detenida&hellip;<\/p>\n","protected":false},"author":1,"featured_media":120395,"comment_status":"open","ping_status":"open","sticky":false,"template":"","format":"standard","meta":{"footnotes":""},"categories":[20],"tags":[39543,175,2450,39541,5430,41,744,39542],"class_list":["post-120394","post","type-post","status-publish","format-standard","has-post-thumbnail","hentry","category-judiciales","tag-carla-daniela-cri-fernandez","tag-denuncia","tag-diario-el-sindical","tag-falsa-medida","tag-hospital-gandulfo","tag-justicia","tag-lomas-de-zamora","tag-sol-zeravoca-mazullo"],"_links":{"self":[{"href":"https:\/\/www.elsindical.com.ar\/notas\/wp-json\/wp\/v2\/posts\/120394","targetHints":{"allow":["GET"]}}],"collection":[{"href":"https:\/\/www.elsindical.com.ar\/notas\/wp-json\/wp\/v2\/posts"}],"about":[{"href":"https:\/\/www.elsindical.com.ar\/notas\/wp-json\/wp\/v2\/types\/post"}],"author":[{"embeddable":true,"href":"https:\/\/www.elsindical.com.ar\/notas\/wp-json\/wp\/v2\/users\/1"}],"replies":[{"embeddable":true,"href":"https:\/\/www.elsindical.com.ar\/notas\/wp-json\/wp\/v2\/comments?post=120394"}],"version-history":[{"count":1,"href":"https:\/\/www.elsindical.com.ar\/notas\/wp-json\/wp\/v2\/posts\/120394\/revisions"}],"predecessor-version":[{"id":120396,"href":"https:\/\/www.elsindical.com.ar\/notas\/wp-json\/wp\/v2\/posts\/120394\/revisions\/120396"}],"wp:featuredmedia":[{"embeddable":true,"href":"https:\/\/www.elsindical.com.ar\/notas\/wp-json\/wp\/v2\/media\/120395"}],"wp:attachment":[{"href":"https:\/\/www.elsindical.com.ar\/notas\/wp-json\/wp\/v2\/media?parent=120394"}],"wp:term":[{"taxonomy":"category","embeddable":true,"href":"https:\/\/www.elsindical.com.ar\/notas\/wp-json\/wp\/v2\/categories?post=120394"},{"taxonomy":"post_tag","embeddable":true,"href":"https:\/\/www.elsindical.com.ar\/notas\/wp-json\/wp\/v2\/tags?post=120394"}],"curies":[{"name":"wp","href":"https:\/\/api.w.org\/{rel}","templated":true}]}}