{"id":120389,"date":"2023-02-10T09:19:13","date_gmt":"2023-02-10T12:19:13","guid":{"rendered":"https:\/\/www.elsindical.com.ar\/notas\/?p=120389"},"modified":"2023-02-10T09:19:15","modified_gmt":"2023-02-10T12:19:15","slug":"lomas-de-zamora-allanaron-la-comisaria-de-fiorito-y-detuvieron-a-dos-policias-por-quedarse-con-drogas-y-dinero-de-procedimientos","status":"publish","type":"post","link":"https:\/\/www.elsindical.com.ar\/notas\/lomas-de-zamora-allanaron-la-comisaria-de-fiorito-y-detuvieron-a-dos-policias-por-quedarse-con-drogas-y-dinero-de-procedimientos\/","title":{"rendered":"Lomas de Zamora: Allanaron la comisar\u00eda de Fiorito y detuvieron a dos polic\u00edas por quedarse con drogas y dinero de procedimientos"},"content":{"rendered":"<div class=\"wp-block-image\">\n<figure class=\"aligncenter size-full is-resized\"><a href=\"https:\/\/www.elsindical.com.ar\/notas\/var\/www\/html\/notas\/wp-content\/uploads\/2017\/12\/comisar\u00eda-5ta-Lomas-Villa-Fiorito.jpg\"><img loading=\"lazy\" decoding=\"async\" src=\"https:\/\/www.elsindical.com.ar\/notas\/var\/www\/html\/notas\/wp-content\/uploads\/2017\/12\/comisar\u00eda-5ta-Lomas-Villa-Fiorito.jpg\" alt=\"\" class=\"wp-image-74672\" width=\"691\" height=\"427\" srcset=\"https:\/\/www.elsindical.com.ar\/notas\/var\/www\/html\/notas\/wp-content\/uploads\/2017\/12\/comisar\u00eda-5ta-Lomas-Villa-Fiorito.jpg 531w, https:\/\/www.elsindical.com.ar\/notas\/var\/www\/html\/notas\/wp-content\/uploads\/2017\/12\/comisar\u00eda-5ta-Lomas-Villa-Fiorito-300x185.jpg 300w, https:\/\/www.elsindical.com.ar\/notas\/var\/www\/html\/notas\/wp-content\/uploads\/2017\/12\/comisar\u00eda-5ta-Lomas-Villa-Fiorito-486x300.jpg 486w\" sizes=\"auto, (max-width: 691px) 100vw, 691px\" \/><\/a><\/figure>\n<\/div>\n\n\n<p>Un oficial y un sargento de la Comisar\u00eda de Fiorito fueron detenidos acusados de quedarse con coca\u00edna, marihuana y dinero tras la detenci\u00f3n de un dealer de drogas de esa zona de Lomas de Zamora. Por el momento se encuentra pr\u00f3fugo el comisario de la seccional.<\/p>\n\n\n\n<p>Fuentes de la investigaci\u00f3n informaron que todo comenz\u00f3 cuando el pasado 24 de enero efectivos de la UTOI detuvieron a un joven en la calle General Paz, en Fiorito, cuando comercializaba le droga.<\/p>\n\n\n\n<p>Los efectivos de la Unidad T\u00e1ctica de Operaciones le secuestraron varios envoltorios de coca\u00edna y marihuana, dos r\u00e9plicas de arma de fuego y 12.500 pesos.<\/p>\n\n\n\n<p>Al encontrarse en Fiorito, los agentes de la UTOI trasladaron al detenido junto a la droga secuestrada a la comisar\u00eda local. All\u00ed labraron un acta y se retiraron.<\/p>\n\n\n\n<p>A partir de una denuncia de la UFI 14 de Lomas que intervino en el operativo, la UFI 8 , a cargo del fiscal Javier Mart\u00ednez, inici\u00f3 una investigaci\u00f3n para determinar si hab\u00edan existido irregularidades en el procedimiento.<\/p>\n\n\n\n<p>Justamente, determin\u00f3 que a la UFI 14 hab\u00eda llegado un acta en donde se constataba el secuestro de 15 envoltorios menos de coca\u00edna y marihuana y no se consignaba el dinero secuestrado. No era un error en la confecci\u00f3n del documento: esa droga y ese dinero nunca llegaron a la fiscal\u00eda.<\/p>\n\n\n\n<p><strong>Todo qued\u00f3 certificado cuando los agentes de la UTOI confirmaron que faltaban los elementos que ellos hab\u00edan secuestrado y que les hab\u00edan falsificado la firma en el acta que lleg\u00f3 a la UFI 14.<\/strong><\/p>\n\n\n\n<p>El fiscal Mart\u00ednez entonces entendi\u00f3 que estaba probado que el comisario, un oficial, y un sargento de Fiorito se quedaron con parte de la droga y el dinero secuestrado por efectivos de la UTOI al joven dealer, y que para cubrir ese delito rompieron el acta verdadera y confeccionaron otra, trucha, en el que falsificaron firmas de los agentes que realizaron la detenci\u00f3n y secuestro.<\/p>\n\n\n\n<p>Este jueves, el fiscal allan\u00f3 las viviendas de los imputados y la Comisar\u00eda de Fiorito, de donde secuestr\u00f3 computadoras y documentaci\u00f3n. En el caso de los acusados fueron apresados el oficial y el sargento mientras que el comisario permanece pr\u00f3fugo.<\/p>\n\n\n\n<p>Los detenidos ser\u00e1n indagados este viernes en la UFI 8 de Lomas imputados por los delitos de \u201cfalsificaci\u00f3n de instrumento p\u00fablico, sustracci\u00f3n de elemento de prueba e incumplimiento de los deberes de funcionario p\u00fablico concursando entre s\u00ed en forma ideal\u201d.<\/p>\n","protected":false},"excerpt":{"rendered":"<p>Un oficial y un sargento de la Comisar\u00eda de Fiorito fueron detenidos acusados de quedarse con coca\u00edna, marihuana y dinero tras la detenci\u00f3n de un dealer de drogas de esa zona de Lomas de Zamora. Por el momento se encuentra pr\u00f3fugo el comisario de la seccional. Fuentes de la investigaci\u00f3n informaron que todo comenz\u00f3 cuando&hellip;<\/p>\n","protected":false},"author":1,"featured_media":74672,"comment_status":"open","ping_status":"open","sticky":false,"template":"","format":"standard","meta":{"footnotes":""},"categories":[22],"tags":[43,32485,1451,2450,382,744,118,39540,8574,32005],"class_list":["post-120389","post","type-post","status-publish","format-standard","has-post-thumbnail","hentry","category-policiales","tag-cocaina","tag-comisaria-5ta-fiorito","tag-corrupcion","tag-diario-el-sindical","tag-drogas","tag-lomas-de-zamora","tag-policias","tag-ufi-14-lz","tag-ufi-8","tag-utoi"],"_links":{"self":[{"href":"https:\/\/www.elsindical.com.ar\/notas\/wp-json\/wp\/v2\/posts\/120389","targetHints":{"allow":["GET"]}}],"collection":[{"href":"https:\/\/www.elsindical.com.ar\/notas\/wp-json\/wp\/v2\/posts"}],"about":[{"href":"https:\/\/www.elsindical.com.ar\/notas\/wp-json\/wp\/v2\/types\/post"}],"author":[{"embeddable":true,"href":"https:\/\/www.elsindical.com.ar\/notas\/wp-json\/wp\/v2\/users\/1"}],"replies":[{"embeddable":true,"href":"https:\/\/www.elsindical.com.ar\/notas\/wp-json\/wp\/v2\/comments?post=120389"}],"version-history":[{"count":1,"href":"https:\/\/www.elsindical.com.ar\/notas\/wp-json\/wp\/v2\/posts\/120389\/revisions"}],"predecessor-version":[{"id":120390,"href":"https:\/\/www.elsindical.com.ar\/notas\/wp-json\/wp\/v2\/posts\/120389\/revisions\/120390"}],"wp:featuredmedia":[{"embeddable":true,"href":"https:\/\/www.elsindical.com.ar\/notas\/wp-json\/wp\/v2\/media\/74672"}],"wp:attachment":[{"href":"https:\/\/www.elsindical.com.ar\/notas\/wp-json\/wp\/v2\/media?parent=120389"}],"wp:term":[{"taxonomy":"category","embeddable":true,"href":"https:\/\/www.elsindical.com.ar\/notas\/wp-json\/wp\/v2\/categories?post=120389"},{"taxonomy":"post_tag","embeddable":true,"href":"https:\/\/www.elsindical.com.ar\/notas\/wp-json\/wp\/v2\/tags?post=120389"}],"curies":[{"name":"wp","href":"https:\/\/api.w.org\/{rel}","templated":true}]}}