{"id":120364,"date":"2023-02-08T18:06:30","date_gmt":"2023-02-08T21:06:30","guid":{"rendered":"https:\/\/www.elsindical.com.ar\/notas\/?p=120364"},"modified":"2023-02-08T18:06:54","modified_gmt":"2023-02-08T21:06:54","slug":"la-cgt-exige-que-se-cumpla-el-cupo-de-discapacidad-en-los-ministerios-publicos","status":"publish","type":"post","link":"https:\/\/www.elsindical.com.ar\/notas\/la-cgt-exige-que-se-cumpla-el-cupo-de-discapacidad-en-los-ministerios-publicos\/","title":{"rendered":"La CGT exige que se cumpla el cupo de discapacidad en los Ministerios P\u00fablicos"},"content":{"rendered":"<div class=\"wp-block-image\">\n<figure class=\"aligncenter size-large\"><a href=\"https:\/\/www.elsindical.com.ar\/notas\/var\/www\/html\/notas\/wp-content\/uploads\/2023\/02\/Graciela-A-2.jpeg\"><img loading=\"lazy\" decoding=\"async\" width=\"1024\" height=\"717\" src=\"https:\/\/www.elsindical.com.ar\/notas\/var\/www\/html\/notas\/wp-content\/uploads\/2023\/02\/Graciela-A-2-1024x717.jpeg\" alt=\"\" class=\"wp-image-120365\" srcset=\"https:\/\/www.elsindical.com.ar\/notas\/var\/www\/html\/notas\/wp-content\/uploads\/2023\/02\/Graciela-A-2-1024x717.jpeg 1024w, https:\/\/www.elsindical.com.ar\/notas\/var\/www\/html\/notas\/wp-content\/uploads\/2023\/02\/Graciela-A-2-300x210.jpeg 300w, https:\/\/www.elsindical.com.ar\/notas\/var\/www\/html\/notas\/wp-content\/uploads\/2023\/02\/Graciela-A-2-768x538.jpeg 768w, https:\/\/www.elsindical.com.ar\/notas\/var\/www\/html\/notas\/wp-content\/uploads\/2023\/02\/Graciela-A-2-429x300.jpeg 429w, https:\/\/www.elsindical.com.ar\/notas\/var\/www\/html\/notas\/wp-content\/uploads\/2023\/02\/Graciela-A-2.jpeg 1080w\" sizes=\"auto, (max-width: 1024px) 100vw, 1024px\" \/><\/a><\/figure>\n<\/div>\n\n\n<p class=\"wp-block-paragraph\">La Secretar\u00eda de Igualdad de Oportunidades de la Confederaci\u00f3n General del Trabajo (CGT), dirigida por Graciela Ale\u00f1\u00e1, Secretaria General del Sindicato de Trabajadores Viales y Afines, junto Pablo Moyano, cotitular de la central obrera y dirigente del Sindicato de Camioneros, solicitaron, en una nota dirigida a todos los Ministerios de la Naci\u00f3n, que informen el cumplimiento de la Ley 22.431, sancionada en 1981, y que establece la \u201cinclusi\u00f3n del cupo de personas con discapacidad como trabajadores del Estado en un 4 %. \u201cEl \u00faltimo relevamiento gubernamental arroja que solamente se cumple 0,61% del personal con alguna discapacidad en las plantas permanentes\u201d, indic\u00f3 Ale\u00f1a.<\/p>\n\n\n\n<p class=\"wp-block-paragraph\">La informaci\u00f3n fue dada a conocer hoy por la CGT. \u201cEs fundamental cumplir con las normativas vigentes porque la inserci\u00f3n laboral de las personas con discapacidad debe ser un hecho real\u201d, expres\u00f3 Graciela Ale\u00f1\u00e1 y asegur\u00f3 que \u201ces nuestro deber que los trabajadores en condiciones de vulnerabilidad est\u00e9n incluidos dentro del sistema de trabajo, ya que pueden adecuarse tranquilamente a la funci\u00f3n p\u00fablica seg\u00fan su certificado de discapacidad\u201d.<\/p>\n\n\n\n<p class=\"wp-block-paragraph\">Por su parte, Pablo Moyano acompa\u00f1\u00f3 la iniciativa y aval\u00f3 que el Estado debe cumplir la normativa que incluya en igualdad a todos los trabajadores de la actividad.<\/p>\n\n\n\n<p class=\"wp-block-paragraph\">Cabe resaltar que la Ley 22.431, sancionada en 1981, en su Art. 8\u00b0 establece que \u201clos entes p\u00fablicos no estatales, las empresas del Estado y las empresas privadas concesionarias de servicios p\u00fablicos est\u00e1n obligados a ocupar personas con discapacidad que re\u00fanan condiciones de idoneidad para el cargo en una proporci\u00f3n no inferior al 4% de la totalidad de su personal y a establecer reservas de puestos de trabajo a ser exclusivamente ocupados por ellas\u2026\u201d y agrega: \u201c\u2026El porcentaje determinado en el p\u00e1rrafo anterior ser\u00e1 de cumplimiento obligatorio para el personal de planta efectiva, para los contratados cualquiera sea la modalidad de contrataci\u00f3n y para todas aquellas situaciones en que hubiere tercerizaci\u00f3n de servicios. Asimismo, y a los fines de un efectivo cumplimiento de dicho 4% las vacantes que se produzcan dentro de las distintas modalidades de contrataci\u00f3n de los entes arriba indicados deber\u00e1n prioritariamente reservarse a las personas con discapacidad que acrediten las condiciones para puesto o cargo que deba cubrirse\u2026\u201d.<\/p>\n\n\n\n<p class=\"wp-block-paragraph\">En el documento, ambos dirigentes afirmaron que \u201cla base de la igualdad de oportunidades est\u00e1 dada en la b\u00fasqueda permanente de una sociedad justa donde todos y todas tengan las mismas posibilidades sin ning\u00fan tipo de discriminaci\u00f3n\u201d. En ese sentido, exigieron a los distintos Ministerios que informen los datos necesarios respecto al cumplimiento de la legislaci\u00f3n vigente para asegurar que se cumpla con el 4% del cupo establecido.<\/p>\n\n\n\n<p class=\"wp-block-paragraph\">Graciela Ale\u00f1\u00e1 tambi\u00e9n forma parte de la Confederaci\u00f3n Argentina de Trabajadores del Transporte (CATT) y de la Federaci\u00f3n Internacional de Trabajadores del Transporte (ITF), en esta \u00faltima Pablo Moyano es vicepresidente a nivel mundial.<\/p>\n","protected":false},"excerpt":{"rendered":"<p>La Secretar\u00eda de Igualdad de Oportunidades de la Confederaci\u00f3n General del Trabajo (CGT), dirigida por Graciela Ale\u00f1\u00e1, Secretaria General del Sindicato de Trabajadores Viales y Afines, junto Pablo Moyano, cotitular de la central obrera y dirigente del Sindicato de Camioneros, solicitaron, en una nota dirigida a todos los Ministerios de la Naci\u00f3n, que informen el&hellip;<\/p>\n","protected":false},"author":1,"featured_media":120365,"comment_status":"open","ping_status":"open","sticky":false,"template":"","format":"standard","meta":{"footnotes":""},"categories":[16],"tags":[910,2450,39529,7546,632],"class_list":["post-120364","post","type-post","status-publish","format-standard","has-post-thumbnail","hentry","category-gremiales","tag-cgt","tag-diario-el-sindical","tag-graciela-alena-2","tag-ley-22-431","tag-pablo-moyano"],"_links":{"self":[{"href":"https:\/\/www.elsindical.com.ar\/notas\/wp-json\/wp\/v2\/posts\/120364","targetHints":{"allow":["GET"]}}],"collection":[{"href":"https:\/\/www.elsindical.com.ar\/notas\/wp-json\/wp\/v2\/posts"}],"about":[{"href":"https:\/\/www.elsindical.com.ar\/notas\/wp-json\/wp\/v2\/types\/post"}],"author":[{"embeddable":true,"href":"https:\/\/www.elsindical.com.ar\/notas\/wp-json\/wp\/v2\/users\/1"}],"replies":[{"embeddable":true,"href":"https:\/\/www.elsindical.com.ar\/notas\/wp-json\/wp\/v2\/comments?post=120364"}],"version-history":[{"count":2,"href":"https:\/\/www.elsindical.com.ar\/notas\/wp-json\/wp\/v2\/posts\/120364\/revisions"}],"predecessor-version":[{"id":120367,"href":"https:\/\/www.elsindical.com.ar\/notas\/wp-json\/wp\/v2\/posts\/120364\/revisions\/120367"}],"wp:featuredmedia":[{"embeddable":true,"href":"https:\/\/www.elsindical.com.ar\/notas\/wp-json\/wp\/v2\/media\/120365"}],"wp:attachment":[{"href":"https:\/\/www.elsindical.com.ar\/notas\/wp-json\/wp\/v2\/media?parent=120364"}],"wp:term":[{"taxonomy":"category","embeddable":true,"href":"https:\/\/www.elsindical.com.ar\/notas\/wp-json\/wp\/v2\/categories?post=120364"},{"taxonomy":"post_tag","embeddable":true,"href":"https:\/\/www.elsindical.com.ar\/notas\/wp-json\/wp\/v2\/tags?post=120364"}],"curies":[{"name":"wp","href":"https:\/\/api.w.org\/{rel}","templated":true}]}}