{"id":120357,"date":"2023-02-08T12:25:15","date_gmt":"2023-02-08T15:25:15","guid":{"rendered":"https:\/\/www.elsindical.com.ar\/notas\/?p=120357"},"modified":"2023-02-08T16:40:43","modified_gmt":"2023-02-08T19:40:43","slug":"quinta-galli-con-presencia-policial-reforzada","status":"publish","type":"post","link":"https:\/\/www.elsindical.com.ar\/notas\/quinta-galli-con-presencia-policial-reforzada\/","title":{"rendered":"Quinta Galli con presencia policial reforzada"},"content":{"rendered":"<div class=\"wp-block-image\">\n<figure class=\"aligncenter size-full\"><a href=\"https:\/\/www.elsindical.com.ar\/notas\/var\/www\/html\/notas\/wp-content\/uploads\/2023\/02\/Gregorio-Martinez-y-Magdalena-Sierra.jpg\"><img loading=\"lazy\" decoding=\"async\" width=\"800\" height=\"750\" src=\"https:\/\/www.elsindical.com.ar\/notas\/var\/www\/html\/notas\/wp-content\/uploads\/2023\/02\/Gregorio-Martinez-y-Magdalena-Sierra.jpg\" alt=\"\" class=\"wp-image-120358\" srcset=\"https:\/\/www.elsindical.com.ar\/notas\/var\/www\/html\/notas\/wp-content\/uploads\/2023\/02\/Gregorio-Martinez-y-Magdalena-Sierra.jpg 800w, https:\/\/www.elsindical.com.ar\/notas\/var\/www\/html\/notas\/wp-content\/uploads\/2023\/02\/Gregorio-Martinez-y-Magdalena-Sierra-300x281.jpg 300w, https:\/\/www.elsindical.com.ar\/notas\/var\/www\/html\/notas\/wp-content\/uploads\/2023\/02\/Gregorio-Martinez-y-Magdalena-Sierra-768x720.jpg 768w, https:\/\/www.elsindical.com.ar\/notas\/var\/www\/html\/notas\/wp-content\/uploads\/2023\/02\/Gregorio-Martinez-y-Magdalena-Sierra-320x300.jpg 320w\" sizes=\"auto, (max-width: 800px) 100vw, 800px\" \/><\/a><\/figure>\n<\/div>\n\n\n<p>   Fue primicia de este medio, los \u00fanicos que se animan a informar con la verdad a los vecinos y a los ciudadanos, la protesta de un reducido grupo de vecinos de Quinta Galli por la inseguridad tuvo como lo advertimos una inmediata respuesta, les reforzaron la presencia policial en perjuicio del resto de los vecinos.<\/p>\n\n\n\n<p>Dice el refr\u00e1n no se queje si no se queja y en eso los vecinos del exclusivo barrio tienen ventaja, sin cortar calle ni generar caos, su sola convocatoria hizo como lo advertimos que a los m\u00f3viles que recorren el barrio se sumen m\u00e1s patrullas, obvio en perjuicio del resto de los vecinos de Avellaneda, porque patrulleros no sobran.<\/p>\n\n\n\n<p>En un a\u00f1o electoral el municipio quiere mantener una buena relaci\u00f3n con los vecinos de Quinta Galli, donde Magdalena Sierra se ha mostrado tomando el t\u00e9 con las se\u00f1oras que en redes apoyan al PRO y m\u00e1s a\u00fan suelen tildar de planeros a los votantes de Ferraresi, pero eso no importa a la hora de mantener las apariencias.<\/p>\n\n\n\n<p>El m\u00e1ximo responsable de la polic\u00eda en Avellaneda como Jefe de Estaci\u00f3n es el Comisario Mayor Gregorio Mart\u00ednez quien nadie se explica como fue ascendiendo ya que desde Subcomisario su paso por las comisar\u00edas de Avellaneda fue deficiente, lo hemos se\u00f1alado en varias oportunidades, ahora para complacer el reclamo de los vecinos con influencias, para tapar un reclamo deja en riesgo al resto de los vecinos, ser\u00eda interesante que la comisar\u00eda 1ra a cargo del Comisario Couceiro, tambi\u00e9n atienda con la misma rapidez los reclamos de los vecinos de otras zonas que llevan a\u00f1os haciendo denuncias, especialmente los que viven por la calle Dean Funes y sus adyacencias, donde se roba a cualquier hora, se vende drogas a cualquier hora y no pasa nada.<\/p>\n\n\n\n<p>Y a los vecinos de Quinta Galli advertirles que por m\u00e1s patrullaje que les pongan, su seguridad sigue en riesgo mientras la polic\u00eda \u00abjuegue\u00bb al gallito ciego con las propiedades tomadas donde se ocultan bandas delictivas.<\/p>\n\n\n\n<p>Obviamente la oposici\u00f3n que habla tanto de planes de seguridad, no ha dicho ni una sola palabra de este desv\u00edo de personal policial para cuidar a muy pocos concentrados en un barrio de pocas cuadras y dejar sin prevenci\u00f3n al resto del partido que es mucho m\u00e1s grande. <\/p>\n\n\n\n<p><\/p>\n\n\n\n<p>Por Marcelo Ricardo Hawrylciw<\/p>\n","protected":false},"excerpt":{"rendered":"<p>Fue primicia de este medio, los \u00fanicos que se animan a informar con la verdad a los vecinos y a los ciudadanos, la protesta de un reducido grupo de vecinos de Quinta Galli por la inseguridad tuvo como lo advertimos una inmediata respuesta, les reforzaron la presencia policial en perjuicio del resto de los vecinos.&hellip;<\/p>\n","protected":false},"author":1,"featured_media":120358,"comment_status":"open","ping_status":"open","sticky":false,"template":"","format":"standard","meta":{"footnotes":""},"categories":[10],"tags":[461,34470,39526,2450,984,1062,16519,16785],"class_list":["post-120357","post","type-post","status-publish","format-standard","has-post-thumbnail","hentry","category-editorial","tag-avellaneda","tag-comisario-mayor-gregorio-martinez","tag-comisario-raul-couceiro","tag-diario-el-sindical","tag-inseguridad","tag-jorge-ferraresi","tag-magdalena-sierra","tag-quinta-galli"],"_links":{"self":[{"href":"https:\/\/www.elsindical.com.ar\/notas\/wp-json\/wp\/v2\/posts\/120357","targetHints":{"allow":["GET"]}}],"collection":[{"href":"https:\/\/www.elsindical.com.ar\/notas\/wp-json\/wp\/v2\/posts"}],"about":[{"href":"https:\/\/www.elsindical.com.ar\/notas\/wp-json\/wp\/v2\/types\/post"}],"author":[{"embeddable":true,"href":"https:\/\/www.elsindical.com.ar\/notas\/wp-json\/wp\/v2\/users\/1"}],"replies":[{"embeddable":true,"href":"https:\/\/www.elsindical.com.ar\/notas\/wp-json\/wp\/v2\/comments?post=120357"}],"version-history":[{"count":2,"href":"https:\/\/www.elsindical.com.ar\/notas\/wp-json\/wp\/v2\/posts\/120357\/revisions"}],"predecessor-version":[{"id":120360,"href":"https:\/\/www.elsindical.com.ar\/notas\/wp-json\/wp\/v2\/posts\/120357\/revisions\/120360"}],"wp:featuredmedia":[{"embeddable":true,"href":"https:\/\/www.elsindical.com.ar\/notas\/wp-json\/wp\/v2\/media\/120358"}],"wp:attachment":[{"href":"https:\/\/www.elsindical.com.ar\/notas\/wp-json\/wp\/v2\/media?parent=120357"}],"wp:term":[{"taxonomy":"category","embeddable":true,"href":"https:\/\/www.elsindical.com.ar\/notas\/wp-json\/wp\/v2\/categories?post=120357"},{"taxonomy":"post_tag","embeddable":true,"href":"https:\/\/www.elsindical.com.ar\/notas\/wp-json\/wp\/v2\/tags?post=120357"}],"curies":[{"name":"wp","href":"https:\/\/api.w.org\/{rel}","templated":true}]}}