{"id":12031,"date":"2011-01-27T11:19:21","date_gmt":"2011-01-27T14:19:21","guid":{"rendered":"http:\/\/www.elsindical.com.ar\/notas\/?p=12031"},"modified":"2011-01-27T11:19:21","modified_gmt":"2011-01-27T14:19:21","slug":"extrano-secuestro-y-asesinato-de-un-sindicalista","status":"publish","type":"post","link":"https:\/\/www.elsindical.com.ar\/notas\/extrano-secuestro-y-asesinato-de-un-sindicalista\/","title":{"rendered":"Extra\u00f1o secuestro y asesinato de un sindicalista"},"content":{"rendered":"<p style=\"text-align: justify;\"><em><a href=\"http:\/\/www.elsindical.com.ar\/notas\/var\/www\/html\/notas\/wp-content\/uploads\/2011\/01\/Roberto-Rodr\u00edguez.jpg\"><img loading=\"lazy\" decoding=\"async\" class=\"alignleft size-medium wp-image-12032\" title=\"Roberto-Rodr\u00edguez\" src=\"http:\/\/www.elsindical.com.ar\/notas\/var\/www\/html\/notas\/wp-content\/uploads\/2011\/01\/Roberto-Rodr\u00edguez-300x193.jpg\" alt=\"\" width=\"300\" height=\"193\" srcset=\"https:\/\/www.elsindical.com.ar\/notas\/var\/www\/html\/notas\/wp-content\/uploads\/2011\/01\/Roberto-Rodr\u00edguez-300x193.jpg 300w, https:\/\/www.elsindical.com.ar\/notas\/var\/www\/html\/notas\/wp-content\/uploads\/2011\/01\/Roberto-Rodr\u00edguez.jpg 413w\" sizes=\"auto, (max-width: 300px) 100vw, 300px\" \/><\/a>El presidente de la obra social y\u00a0 tesorero del Sindicato de Obreros de Maestranza, fue raptado en Villa Devoto y su cad\u00e1ver hallado con un tiro en la cabeza, en Bella Vista.<\/em><\/p>\n<p style=\"text-align: justify;\">El presidente de la obra social y tesorero del Sindicato de Obreros de Maestranza (SOM) fue ejecutado de un tiro en la cabeza en el partido bonaerense de San Miguel, luego de ser secuestrado por dos hombres armados que lo fueron a buscar a un club del barrio porte\u00f1o de Villa Devoto, informaron hoy fuentes policiales.<\/p>\n<p style=\"text-align: justify;\">La v\u00edctima fue identificada como <strong>Roberto Roger Rodr\u00edguez, <\/strong>de 49 a\u00f1os, por quien en ning\u00fan momento se exigi\u00f3 un rescate, lo que hace a los pesquisas descartar en principio la hip\u00f3tesis de un secuestro extorsivo.<\/p>\n<p style=\"text-align: justify;\">El hecho se inici\u00f3 anoche, minutos antes de las 21:00 hs., cuando Rodr\u00edguez se encontraba con un amigo jugando a las cartas en el F\u00e9nix Club Devoto, situado en Vallejos 4516, casi esquina Marcos Paz.<\/p>\n<p style=\"text-align: justify;\">De acuerdo a los informado por fuentes policiales, en base a los dichos del amigo de la v\u00edctima se sabe que en esas circunstancias entraron al sal\u00f3n del club dos hombres armados que se encaminaron directamente al lugar donde estaba Rodr\u00edguez y se lo llevaron por la fuerza.<\/p>\n<p style=\"text-align: justify;\">Los captores obligaron al sindicalista a subir a su propia camioneta, marca Honda, y se lo llevaron del lugar, aunque a las dos cuadras abandonaron ese rodado y lo pasaron a un auto, aparentemente un Peugeot 307, en el que se cree hab\u00eda un tercer delincuente.<\/p>\n<p style=\"text-align: justify;\">El amigo del sindicalista y los dem\u00e1s socios del club que presenciaron la captura llamaron inmediatamente al 911, por lo que una patrulla de la seccional 45 arrib\u00f3 al lugar y la Polic\u00eda Federal comenz\u00f3 a trabajar en el caso.<\/p>\n<p style=\"text-align: justify;\">Por tratarse de un hecho cometido bajo la mec\u00e1nica de un secuestro, el fiscal de instrucci\u00f3n de turno,<strong> Ra\u00fal Cavallini, <\/strong>dispuso que se sumen a la pesquisa detectives de la Divisi\u00f3n Antisecuestros.<\/p>\n<p style=\"text-align: justify;\">No obstante, en ning\u00fan momento la esposa de Rodr\u00edguez ni ning\u00fan otro familiar recibieron alg\u00fan llamado extorsivo ni de ninguna \u00edndole por parte de los secuestradores, agregaron los informantes.<\/p>\n<p style=\"text-align: justify;\">Antes de la medianoche, Rodr\u00edguez fue encontrado gravemente herido de un tiro en la sien derecha, en el cruce de las calles Salliquel\u00f3 y La Pampa, de Bella Vista, partido de San Miguel.<\/p>\n<p style=\"text-align: justify;\">Fueron vecinos de la esa zona quienes lo encontraron cuando agonizaba de rodillas y con un tiro en la cabeza en plena calle, tras ser arrojado desde el Peugeot y baleado en la sien a sangre fr\u00eda.<\/p>\n<p style=\"text-align: justify;\">Un vecino, que se identific\u00f3 como <strong>Mat\u00edas<\/strong>, cont\u00f3 esta ma\u00f1ana al canal <em>Todos Noticias<\/em> que el hombre balbuceaba y, aunque estaba muy mal, lleg\u00f3 a ser trasladado con vida al hospital Larcade, de San Miguel.<\/p>\n<p style=\"text-align: justify;\">No obstante, el testigo asegur\u00f3 que la ambulancia<em> \u201cnunca lleg\u00f3\u201d <\/em>al lugar y que Rodr\u00edguez debi\u00f3 ser trasladado al hospital por los bomberos.<\/p>\n<p style=\"text-align: justify;\">El gremialista muri\u00f3 a la 01:20 hs.\u00a0en el centro asistencial, debido a las graves heridas sufridas.<\/p>\n<p style=\"text-align: justify;\">Los investigadores se orientan a la pista de un ataque por cuestiones personales o laborales, ya que en poder de la v\u00edctima se hallaron su billetera y efectos personales, por lo que se descarta el m\u00f3vil de robo.<\/p>\n<p style=\"text-align: justify;\">Esta ma\u00f1ana, integrantes del gremio dijeron a la prensa que Rodr\u00edguez no ten\u00eda enemigos ni hab\u00eda recibido amenazas.<\/p>\n<p style=\"text-align: justify;\"><strong>Leandro Cardinale<\/strong>, secretario del sindicato de Maestranza, dijo que la noticia <em>\u201ccay\u00f3 como un balde de agua fr\u00eda\u201d<\/em>, ya que <em>\u201cRodr\u00edguez era una persona sumamente normal, como el hijo de cualquiera\u201d<\/em>.<\/p>\n<p style=\"text-align: justify;\"><em>\u201cEl tema tenemos que dejarlo en manos de la Justicia, que es la que tendr\u00e1 que investigar para saber si fue v\u00edctima de la inseguridad diaria o bien otras son las circunstancia\u201d<\/em>, expres\u00f3 el secretario gremial.<\/p>\n<p style=\"text-align: justify;\">La investigaci\u00f3n del hecho qued\u00f3 en manos de la Polic\u00eda Federal, ya que si bien el hecho m\u00e1s grave -el homicidio- se cometi\u00f3 en el territorio bonaerense, la Justicia porte\u00f1a resolvi\u00f3 quedar a cargo de las actuaciones, por lo que el cuerpo de Rodr\u00edguez fue trasladado a las 06:00 hs.\u00a0de esta ma\u00f1ana a la morgue judicial de Capital.<\/p>\n<p style=\"text-align: justify;\">En la pesquisa trabajan efectivos de la seccional 45\u00aa y de la divisi\u00f3n Homicidios, que esta ma\u00f1ana se dirig\u00edan al lugar del ataque para buscar rastros.<\/p>\n<p style=\"text-align: justify;\">A\u00fan no se determin\u00f3 fehacientemente con qu\u00e9 arma fue atacado Rodr\u00edguez, aunque no se hallaron vainas servidas en el lugar, por lo que pudo haberse empleado un rev\u00f3lver.<\/p>\n<p style=\"text-align: justify;\">La causa judicial est\u00e1 en la fiscal\u00eda de Cavallini, quien dispuso diversas medidas de prueba.<\/p>\n","protected":false},"excerpt":{"rendered":"<p>El presidente de la obra social y\u00a0 tesorero del Sindicato de Obreros de Maestranza, fue raptado en Villa Devoto y su cad\u00e1ver hallado con un tiro en la cabeza, en Bella Vista. El presidente de la obra social y tesorero del Sindicato de Obreros de Maestranza (SOM) fue ejecutado de un tiro en la cabeza&hellip;<\/p>\n","protected":false},"author":1,"featured_media":0,"comment_status":"open","ping_status":"open","sticky":false,"template":"","format":"standard","meta":{"footnotes":""},"categories":[22],"tags":[363,388,189,269,502,5759,5757,5758,5421],"class_list":["post-12031","post","type-post","status-publish","format-standard","hentry","category-policiales","tag-asesinato","tag-disparo","tag-juez","tag-obra-social","tag-policia-federal-argentina","tag-raul-cavallini","tag-roberto-roger-rodriguez","tag-som","tag-tesorero"],"_links":{"self":[{"href":"https:\/\/www.elsindical.com.ar\/notas\/wp-json\/wp\/v2\/posts\/12031","targetHints":{"allow":["GET"]}}],"collection":[{"href":"https:\/\/www.elsindical.com.ar\/notas\/wp-json\/wp\/v2\/posts"}],"about":[{"href":"https:\/\/www.elsindical.com.ar\/notas\/wp-json\/wp\/v2\/types\/post"}],"author":[{"embeddable":true,"href":"https:\/\/www.elsindical.com.ar\/notas\/wp-json\/wp\/v2\/users\/1"}],"replies":[{"embeddable":true,"href":"https:\/\/www.elsindical.com.ar\/notas\/wp-json\/wp\/v2\/comments?post=12031"}],"version-history":[{"count":1,"href":"https:\/\/www.elsindical.com.ar\/notas\/wp-json\/wp\/v2\/posts\/12031\/revisions"}],"predecessor-version":[{"id":12033,"href":"https:\/\/www.elsindical.com.ar\/notas\/wp-json\/wp\/v2\/posts\/12031\/revisions\/12033"}],"wp:attachment":[{"href":"https:\/\/www.elsindical.com.ar\/notas\/wp-json\/wp\/v2\/media?parent=12031"}],"wp:term":[{"taxonomy":"category","embeddable":true,"href":"https:\/\/www.elsindical.com.ar\/notas\/wp-json\/wp\/v2\/categories?post=12031"},{"taxonomy":"post_tag","embeddable":true,"href":"https:\/\/www.elsindical.com.ar\/notas\/wp-json\/wp\/v2\/tags?post=12031"}],"curies":[{"name":"wp","href":"https:\/\/api.w.org\/{rel}","templated":true}]}}