{"id":12029,"date":"2011-01-27T02:03:33","date_gmt":"2011-01-27T05:03:33","guid":{"rendered":"http:\/\/www.elsindical.com.ar\/notas\/?p=12029"},"modified":"2011-01-27T02:03:33","modified_gmt":"2011-01-27T05:03:33","slug":"subtes-gremialistas-decidiran-a-partir-de-las-5-si-habra-o-no-paro","status":"publish","type":"post","link":"https:\/\/www.elsindical.com.ar\/notas\/subtes-gremialistas-decidiran-a-partir-de-las-5-si-habra-o-no-paro\/","title":{"rendered":"Subtes: gremialistas decidir\u00e1n a partir de las 5 si habr\u00e1 o no paro"},"content":{"rendered":"<p style=\"text-align: justify;\"><em><a href=\"http:\/\/www.elsindical.com.ar\/notas\/var\/www\/html\/notas\/wp-content\/uploads\/2010\/07\/delegados-subterr\u00e1neos.jpg\"><img loading=\"lazy\" decoding=\"async\" class=\"alignleft size-medium wp-image-8044\" title=\"delegados-subterr\u00e1neos\" src=\"http:\/\/www.elsindical.com.ar\/notas\/var\/www\/html\/notas\/wp-content\/uploads\/2010\/07\/delegados-subterr\u00e1neos-300x175.jpg\" alt=\"\" width=\"300\" height=\"175\" srcset=\"https:\/\/www.elsindical.com.ar\/notas\/var\/www\/html\/notas\/wp-content\/uploads\/2010\/07\/delegados-subterr\u00e1neos-300x175.jpg 300w, https:\/\/www.elsindical.com.ar\/notas\/var\/www\/html\/notas\/wp-content\/uploads\/2010\/07\/delegados-subterr\u00e1neos.jpg 325w\" sizes=\"auto, (max-width: 300px) 100vw, 300px\" \/><\/a>Lo afirm\u00f3 el delegado N\u00e9stor Segovia quien sostuvo que a partir de esa hora los trabajadores realizar\u00e1n una asamblea y que al t\u00e9rmino de la misma informar\u00e1n acerca de la resoluci\u00f3n que tomen. El confllicto con la empresa Metrov\u00edas es por un aumento en los vi\u00e1ticos que actualmente se encuentra en $18 diarios y que piden se eleve a $46.<\/em><\/p>\n<p style=\"text-align: justify;\">Las seis l\u00edneas de subterr\u00e1neos abrir\u00e1n a primera hora de este jueves, aunque desde las 5 una asamblea de trabajadores decidir\u00e1 si acata un principio de acuerdo a que se habr\u00eda llegado esta noche en el Ministerio de Trabajo con representantes de Metrov\u00edas y funcionarios nacionales.<\/p>\n<p style=\"text-align: justify;\">El delegado N\u00e9stor Segovia, al retirarse de la sede de la cartera laboral, se neg\u00f3 a confirmar si el paro anunciado hoy en reclamo de un aumento en los vi\u00e1ticos, ser\u00e1 levantado, pero aclar\u00f3: \u00abnosotros no largamos el paro todav\u00eda\u00bb.<\/p>\n<p style=\"text-align: justify;\">\u00abEste jueves vamos a informar si vamos a parar o no. Ahora no estoy largando el paro. El subte va a abrir\u00bb a las 5, mientras una asamblea de trabajadores decidir\u00e1 qu\u00e9 hacer; no obstante, Segovia destac\u00f3 que ahora \u00abtenemos un acta que no la ten\u00edamos\u00bb.<\/p>\n","protected":false},"excerpt":{"rendered":"<p>Lo afirm\u00f3 el delegado N\u00e9stor Segovia quien sostuvo que a partir de esa hora los trabajadores realizar\u00e1n una asamblea y que al t\u00e9rmino de la misma informar\u00e1n acerca de la resoluci\u00f3n que tomen. El confllicto con la empresa Metrov\u00edas es por un aumento en los vi\u00e1ticos que actualmente se encuentra en $18 diarios y que&hellip;<\/p>\n","protected":false},"author":1,"featured_media":0,"comment_status":"open","ping_status":"open","sticky":false,"template":"","format":"standard","meta":{"footnotes":""},"categories":[16],"tags":[55,1704,67,402,876],"class_list":["post-12029","post","type-post","status-publish","format-standard","hentry","category-gremiales","tag-delegados","tag-gremialistas","tag-paro","tag-pasajeros","tag-subte"],"_links":{"self":[{"href":"https:\/\/www.elsindical.com.ar\/notas\/wp-json\/wp\/v2\/posts\/12029","targetHints":{"allow":["GET"]}}],"collection":[{"href":"https:\/\/www.elsindical.com.ar\/notas\/wp-json\/wp\/v2\/posts"}],"about":[{"href":"https:\/\/www.elsindical.com.ar\/notas\/wp-json\/wp\/v2\/types\/post"}],"author":[{"embeddable":true,"href":"https:\/\/www.elsindical.com.ar\/notas\/wp-json\/wp\/v2\/users\/1"}],"replies":[{"embeddable":true,"href":"https:\/\/www.elsindical.com.ar\/notas\/wp-json\/wp\/v2\/comments?post=12029"}],"version-history":[{"count":1,"href":"https:\/\/www.elsindical.com.ar\/notas\/wp-json\/wp\/v2\/posts\/12029\/revisions"}],"predecessor-version":[{"id":12030,"href":"https:\/\/www.elsindical.com.ar\/notas\/wp-json\/wp\/v2\/posts\/12029\/revisions\/12030"}],"wp:attachment":[{"href":"https:\/\/www.elsindical.com.ar\/notas\/wp-json\/wp\/v2\/media?parent=12029"}],"wp:term":[{"taxonomy":"category","embeddable":true,"href":"https:\/\/www.elsindical.com.ar\/notas\/wp-json\/wp\/v2\/categories?post=12029"},{"taxonomy":"post_tag","embeddable":true,"href":"https:\/\/www.elsindical.com.ar\/notas\/wp-json\/wp\/v2\/tags?post=12029"}],"curies":[{"name":"wp","href":"https:\/\/api.w.org\/{rel}","templated":true}]}}