{"id":12026,"date":"2011-01-27T01:59:43","date_gmt":"2011-01-27T04:59:43","guid":{"rendered":"http:\/\/www.elsindical.com.ar\/notas\/?p=12026"},"modified":"2011-01-27T01:59:43","modified_gmt":"2011-01-27T04:59:43","slug":"milagro-sala-enojada-%c2%bfpor-que-los-negros-no-podemos-ir-al-conrad","status":"publish","type":"post","link":"https:\/\/www.elsindical.com.ar\/notas\/milagro-sala-enojada-%c2%bfpor-que-los-negros-no-podemos-ir-al-conrad\/","title":{"rendered":"Milagro Sala, enojada: \u00ab\u00bfPor qu\u00e9 los negros no podemos ir al Conrad?\u00bb"},"content":{"rendered":"<p style=\"text-align: justify;\"><em><a href=\"http:\/\/www.elsindical.com.ar\/notas\/var\/www\/html\/notas\/wp-content\/uploads\/2011\/01\/Milagro-Salas-en-Punta-del-.jpg\"><img loading=\"lazy\" decoding=\"async\" class=\"alignleft size-medium wp-image-12027\" title=\"Milagro-Sala-en-Punta-del-\" src=\"http:\/\/www.elsindical.com.ar\/notas\/var\/www\/html\/notas\/wp-content\/uploads\/2011\/01\/Milagro-Salas-en-Punta-del--300x180.jpg\" alt=\"\" width=\"300\" height=\"180\" srcset=\"https:\/\/www.elsindical.com.ar\/notas\/var\/www\/html\/notas\/wp-content\/uploads\/2011\/01\/Milagro-Salas-en-Punta-del--300x180.jpg 300w, https:\/\/www.elsindical.com.ar\/notas\/var\/www\/html\/notas\/wp-content\/uploads\/2011\/01\/Milagro-Salas-en-Punta-del-.jpg 413w\" sizes=\"auto, (max-width: 300px) 100vw, 300px\" \/><\/a>La l\u00edder de la Tupac Amaru se defendi\u00f3 de las cr\u00edticas por su viaje veraniego a Punta del Este.\u00a0<strong> \u00ab\u00bfQu\u00e9 pecado comet\u00ed?\u00bb<\/strong>, se pregunt\u00f3.<\/em><\/p>\n<p style=\"text-align: justify;\">La dirigente social Milagro Sala sali\u00f3 a contestar a quienes criticaron su viaje a Punta del Este, revelado en exclusiva por <strong>Perfil.com<\/strong>, durante el que asisti\u00f3 al recital de Charly Garc\u00eda. <strong>\u201c\u00bfPor qu\u00e9 los negros no podemos ir al Conrad?\u00bb<\/strong>, se pregunt\u00f3 la l\u00edder de la Tupac Amaru, quien explic\u00f3 que fue <strong>\u00abcon cinco amigos y nos dividimos todos los gastos\u00bb<\/strong>.<\/p>\n<p style=\"text-align: justify;\">En di\u00e1logo con Radio 10, Sala asegur\u00f3 que hace \u00abocho o nueve a\u00f1os\u00bb que viaja a Uruguay, donde tiene \u00abamigos de la militancia y otros que trabajan en Buenos Aires y viajan los fines de semana\u00bb al pa\u00eds oriental. Y afirm\u00f3: \u00ab<strong>Punta del Este para m\u00ed es como Mar del Plata<\/strong>\u00ab.<\/p>\n<p style=\"text-align: justify;\">De paso por Punta del Este, Sala asisti\u00f3 muy bien vestida al recital que hizo Charly Garc\u00eda en el lujoso hotel Conrad. Estuvo sentada junto a su esposo y familiares en la fila seis, cuyo precio<strong> ascend\u00eda a 123 d\u00f3lares<\/strong>, aunque ellos afirmaron a<strong> Perfil.com<\/strong> haber pagado s\u00f3lo 50.<\/p>\n<p style=\"text-align: justify;\">Durante el show, tambi\u00e9n compraron un pancho y una gaseosa para cada uno, a 17 d\u00f3lares por cabeza, un precio que parece sideral en Argentina, pero no en el balneario este\u00f1o, donde todo est\u00e1 por las nubes.<\/p>\n<p style=\"text-align: justify;\">\u201c<strong>\u00bfPor qu\u00e9 soy colla y provinciana no puedo venir a Uruguay?<\/strong> Yo conozco el Uruguay, Bolivia, Cuba, Francia, Italia y Venezuela\u201d, afirm\u00f3 Sala, quien agreg\u00f3 que <strong>\u201ctampoco odio a los gringos, si yo soy de clase media\u00bb.<\/strong><\/p>\n<p style=\"text-align: justify;\">En ese sentido, la l\u00edder piquetera juje\u00f1a neg\u00f3 haber estado con sus hijos en Punta del Este: \u00abMi hija Claudia est\u00e1 en Brasil jugando un torneo de handball y mi hijo Sergio est\u00e1 en Jujuy\u00bb.<\/p>\n<p style=\"text-align: justify;\"><strong>Fuente:Perfil<\/strong><\/p>\n","protected":false},"excerpt":{"rendered":"<p>La l\u00edder de la Tupac Amaru se defendi\u00f3 de las cr\u00edticas por su viaje veraniego a Punta del Este.\u00a0 \u00ab\u00bfQu\u00e9 pecado comet\u00ed?\u00bb, se pregunt\u00f3. La dirigente social Milagro Sala sali\u00f3 a contestar a quienes criticaron su viaje a Punta del Este, revelado en exclusiva por Perfil.com, durante el que asisti\u00f3 al recital de Charly Garc\u00eda.&hellip;<\/p>\n","protected":false},"author":1,"featured_media":0,"comment_status":"open","ping_status":"open","sticky":false,"template":"","format":"standard","meta":{"footnotes":""},"categories":[13],"tags":[],"class_list":["post-12026","post","type-post","status-publish","format-standard","hentry","category-politica"],"_links":{"self":[{"href":"https:\/\/www.elsindical.com.ar\/notas\/wp-json\/wp\/v2\/posts\/12026","targetHints":{"allow":["GET"]}}],"collection":[{"href":"https:\/\/www.elsindical.com.ar\/notas\/wp-json\/wp\/v2\/posts"}],"about":[{"href":"https:\/\/www.elsindical.com.ar\/notas\/wp-json\/wp\/v2\/types\/post"}],"author":[{"embeddable":true,"href":"https:\/\/www.elsindical.com.ar\/notas\/wp-json\/wp\/v2\/users\/1"}],"replies":[{"embeddable":true,"href":"https:\/\/www.elsindical.com.ar\/notas\/wp-json\/wp\/v2\/comments?post=12026"}],"version-history":[{"count":1,"href":"https:\/\/www.elsindical.com.ar\/notas\/wp-json\/wp\/v2\/posts\/12026\/revisions"}],"predecessor-version":[{"id":12028,"href":"https:\/\/www.elsindical.com.ar\/notas\/wp-json\/wp\/v2\/posts\/12026\/revisions\/12028"}],"wp:attachment":[{"href":"https:\/\/www.elsindical.com.ar\/notas\/wp-json\/wp\/v2\/media?parent=12026"}],"wp:term":[{"taxonomy":"category","embeddable":true,"href":"https:\/\/www.elsindical.com.ar\/notas\/wp-json\/wp\/v2\/categories?post=12026"},{"taxonomy":"post_tag","embeddable":true,"href":"https:\/\/www.elsindical.com.ar\/notas\/wp-json\/wp\/v2\/tags?post=12026"}],"curies":[{"name":"wp","href":"https:\/\/api.w.org\/{rel}","templated":true}]}}