{"id":120243,"date":"2023-02-03T00:18:30","date_gmt":"2023-02-03T03:18:30","guid":{"rendered":"https:\/\/www.elsindical.com.ar\/notas\/?p=120243"},"modified":"2023-02-03T00:18:31","modified_gmt":"2023-02-03T03:18:31","slug":"la-aduana-multo-a-una-empresa-de-neumaticos-por-una-sobrefacturacion-millonaria","status":"publish","type":"post","link":"https:\/\/www.elsindical.com.ar\/notas\/la-aduana-multo-a-una-empresa-de-neumaticos-por-una-sobrefacturacion-millonaria\/","title":{"rendered":"La Aduana mult\u00f3 a una empresa de neum\u00e1ticos por una sobrefacturaci\u00f3n millonaria"},"content":{"rendered":"\n<figure class=\"wp-block-image size-large\"><a href=\"https:\/\/www.elsindical.com.ar\/notas\/var\/www\/html\/notas\/wp-content\/uploads\/2023\/02\/Aduana-neumaticos-sobrefacturados.jpg\"><img loading=\"lazy\" decoding=\"async\" width=\"1024\" height=\"768\" src=\"https:\/\/www.elsindical.com.ar\/notas\/var\/www\/html\/notas\/wp-content\/uploads\/2023\/02\/Aduana-neumaticos-sobrefacturados-1024x768.jpg\" alt=\"\" class=\"wp-image-120244\" srcset=\"https:\/\/www.elsindical.com.ar\/notas\/var\/www\/html\/notas\/wp-content\/uploads\/2023\/02\/Aduana-neumaticos-sobrefacturados-1024x768.jpg 1024w, https:\/\/www.elsindical.com.ar\/notas\/var\/www\/html\/notas\/wp-content\/uploads\/2023\/02\/Aduana-neumaticos-sobrefacturados-300x225.jpg 300w, https:\/\/www.elsindical.com.ar\/notas\/var\/www\/html\/notas\/wp-content\/uploads\/2023\/02\/Aduana-neumaticos-sobrefacturados-768x576.jpg 768w, https:\/\/www.elsindical.com.ar\/notas\/var\/www\/html\/notas\/wp-content\/uploads\/2023\/02\/Aduana-neumaticos-sobrefacturados-400x300.jpg 400w, https:\/\/www.elsindical.com.ar\/notas\/var\/www\/html\/notas\/wp-content\/uploads\/2023\/02\/Aduana-neumaticos-sobrefacturados.jpg 1170w\" sizes=\"auto, (max-width: 1024px) 100vw, 1024px\" \/><\/a><\/figure>\n\n\n\n<p>Se sospecha es que el sobreprecio habr\u00eda tenido el objetivo de hacerse de d\u00f3lares a cotizaci\u00f3n oficial.<\/p>\n\n\n\n<p>La <strong>Aduana<\/strong>\u00a0detect\u00f3 una <strong>millonaria sobrefacturaci\u00f3n<\/strong> de alrededor del 30% en las importaciones que la empresa de neum\u00e1ticos Prometeon Tyre Group realiz\u00f3 en el per\u00edodo 2020-2022, por lo tanto, la multar\u00e1.\u00a0<\/p>\n\n\n\n<p>En todos los casos, <strong>los neum\u00e1ticos fueron enviados desde Brasil a la Argentina<\/strong>. Sin embargo, la facturaci\u00f3n de las importaciones se triangul\u00f3 con un trader comercial con domicilio\u00a0en Milano, Italia. \u00a0<\/p>\n\n\n\n<p>La Aduana constat\u00f3 quehab\u00eda diferencias de entre un 15,15% y un 297,71% con respecto a los valores declarados por la firma importadora en la Argentina. Adem\u00e1s, <strong>no se observaron aportes tangibles del valor agregado por parte del operador italiano<\/strong> que justificaron los aumentos en los precios. &nbsp;<\/p>\n\n\n\n<p>Lo que se sospecha es que el sobreprecio habr\u00eda tenido el objetivo de<strong> hacerse de d\u00f3lares a cotizaci\u00f3n oficial<\/strong>, lo cual resulta nocivo para la econom\u00eda del pa\u00eds en la coyuntura actual.&nbsp;<\/p>\n\n\n\n<p>Sobre ese tema, el director general de Aduanas, Guillermo Michel, afirm\u00f3: \u201c<strong>Nuestra tarea es cuidar los d\u00f3lares<\/strong> para sostener la producci\u00f3n local y el trabajo de los argentinos, no vamos a permitir que se utilicen mecanismos irregulares para girar divisas al exterior de manera encubierta\u201d.&nbsp;<\/p>\n\n\n\n<h2 class=\"wp-block-heading\">Impuesto a las ganancias &nbsp;<\/h2>\n\n\n\n<p>Por su parte, el administrador federal, Carlos Castagneto, indic\u00f3: \u201cLa AFIP articula sus \u00e1reas operativas en forma conjunta. Este trabajo de la Aduana tambi\u00e9n lo utilizaremos para, a trav\u00e9s de la DGI, <strong>ajustar el impuesto a las ganancias<\/strong> de PrometeonTyreGroup, dado el ahuecamiento que realiz\u00f3 sobre su base imponible al sobrefacturar sus costos de importaci\u00f3n\u201d.&nbsp;<\/p>\n\n\n\n<p>Concretamente, el valor documentado para el total de las operaciones asciende a<strong> 86 millones de d\u00f3lares<\/strong>. La diferencia detectada entre los valores de la exportaci\u00f3n desde Brasil y la importaci\u00f3n a la Argentina \u2014en definitiva, la medida del impacto indebido sobre las reservas del pa\u00eds\u2014 es de nada menos que USD 19.907.094.La multa que la Aduana ya le notific\u00f3 a Prometeon Tyre Group de Argentina S.A.U. es de ese mismo monto.\u00a0<\/p>\n","protected":false},"excerpt":{"rendered":"<p>Se sospecha es que el sobreprecio habr\u00eda tenido el objetivo de hacerse de d\u00f3lares a cotizaci\u00f3n oficial. La Aduana\u00a0detect\u00f3 una millonaria sobrefacturaci\u00f3n de alrededor del 30% en las importaciones que la empresa de neum\u00e1ticos Prometeon Tyre Group realiz\u00f3 en el per\u00edodo 2020-2022, por lo tanto, la multar\u00e1.\u00a0 En todos los casos, los neum\u00e1ticos fueron enviados&hellip;<\/p>\n","protected":false},"author":1,"featured_media":120244,"comment_status":"open","ping_status":"open","sticky":false,"template":"","format":"standard","meta":{"footnotes":""},"categories":[9],"tags":[2019,69,2580,2450,1005,39483,37973],"class_list":["post-120243","post","type-post","status-publish","format-standard","has-post-thumbnail","hentry","category-economia","tag-aduana","tag-afip","tag-dgi","tag-diario-el-sindical","tag-italia","tag-prometeon-tyre-group","tag-sobrefacturacion"],"_links":{"self":[{"href":"https:\/\/www.elsindical.com.ar\/notas\/wp-json\/wp\/v2\/posts\/120243","targetHints":{"allow":["GET"]}}],"collection":[{"href":"https:\/\/www.elsindical.com.ar\/notas\/wp-json\/wp\/v2\/posts"}],"about":[{"href":"https:\/\/www.elsindical.com.ar\/notas\/wp-json\/wp\/v2\/types\/post"}],"author":[{"embeddable":true,"href":"https:\/\/www.elsindical.com.ar\/notas\/wp-json\/wp\/v2\/users\/1"}],"replies":[{"embeddable":true,"href":"https:\/\/www.elsindical.com.ar\/notas\/wp-json\/wp\/v2\/comments?post=120243"}],"version-history":[{"count":1,"href":"https:\/\/www.elsindical.com.ar\/notas\/wp-json\/wp\/v2\/posts\/120243\/revisions"}],"predecessor-version":[{"id":120245,"href":"https:\/\/www.elsindical.com.ar\/notas\/wp-json\/wp\/v2\/posts\/120243\/revisions\/120245"}],"wp:featuredmedia":[{"embeddable":true,"href":"https:\/\/www.elsindical.com.ar\/notas\/wp-json\/wp\/v2\/media\/120244"}],"wp:attachment":[{"href":"https:\/\/www.elsindical.com.ar\/notas\/wp-json\/wp\/v2\/media?parent=120243"}],"wp:term":[{"taxonomy":"category","embeddable":true,"href":"https:\/\/www.elsindical.com.ar\/notas\/wp-json\/wp\/v2\/categories?post=120243"},{"taxonomy":"post_tag","embeddable":true,"href":"https:\/\/www.elsindical.com.ar\/notas\/wp-json\/wp\/v2\/tags?post=120243"}],"curies":[{"name":"wp","href":"https:\/\/api.w.org\/{rel}","templated":true}]}}