{"id":120235,"date":"2023-02-03T00:01:52","date_gmt":"2023-02-03T03:01:52","guid":{"rendered":"https:\/\/www.elsindical.com.ar\/notas\/?p=120235"},"modified":"2023-02-03T00:01:53","modified_gmt":"2023-02-03T03:01:53","slug":"el-pan-aumentara-un-6-en-el-conurbano-cuanto-costara-el-kilo","status":"publish","type":"post","link":"https:\/\/www.elsindical.com.ar\/notas\/el-pan-aumentara-un-6-en-el-conurbano-cuanto-costara-el-kilo\/","title":{"rendered":"El pan aumentar\u00e1 un 6% en el Conurbano: cu\u00e1nto costar\u00e1 el kilo"},"content":{"rendered":"\n<figure class=\"wp-block-image size-full\"><a href=\"https:\/\/www.elsindical.com.ar\/notas\/var\/www\/html\/notas\/wp-content\/uploads\/2022\/03\/pan-panaderia.jpg\"><img loading=\"lazy\" decoding=\"async\" width=\"900\" height=\"506\" src=\"https:\/\/www.elsindical.com.ar\/notas\/var\/www\/html\/notas\/wp-content\/uploads\/2022\/03\/pan-panaderia.jpg\" alt=\"\" class=\"wp-image-112521\" srcset=\"https:\/\/www.elsindical.com.ar\/notas\/var\/www\/html\/notas\/wp-content\/uploads\/2022\/03\/pan-panaderia.jpg 900w, https:\/\/www.elsindical.com.ar\/notas\/var\/www\/html\/notas\/wp-content\/uploads\/2022\/03\/pan-panaderia-300x169.jpg 300w, https:\/\/www.elsindical.com.ar\/notas\/var\/www\/html\/notas\/wp-content\/uploads\/2022\/03\/pan-panaderia-768x432.jpg 768w, https:\/\/www.elsindical.com.ar\/notas\/var\/www\/html\/notas\/wp-content\/uploads\/2022\/03\/pan-panaderia-500x281.jpg 500w, https:\/\/www.elsindical.com.ar\/notas\/var\/www\/html\/notas\/wp-content\/uploads\/2022\/03\/pan-panaderia-460x260.jpg 460w\" sizes=\"auto, (max-width: 900px) 100vw, 900px\" \/><\/a><\/figure>\n\n\n\n<p>Un nuevo aumento se sentir\u00e1 en febrero: <strong>el precio del pan y de productos panificados aumentar\u00e1n 6% en panader\u00edas del \u00c1rea Metropolitana de Buenos Aires (AMBA)<\/strong>. El incremento se debe a los aumentos en tarifas, combustibles y materia prima. La decisi\u00f3n fue confirmada por Mart\u00edn Pinto, presidente del Centro de Industriales Panaderos de la localidad bonaerense de Merlo, quien asegur\u00f3 que \u201c<strong>lamentablemente no queda otra alternativa&nbsp;<\/strong>ante los reiterados aumentos que venimos sufriendo en las tarifas de energ\u00eda, combustibles y materias primas\u201d.<\/p>\n\n\n\n<p>Desde el sector aseguraron que el incremento se dio por la suba en las taridas de electricidad, gas y combustibles.&nbsp;<strong>\u201cTuvimos que tomar esta determinaci\u00f3n para seguir cuidando nuestra industria, nuestras pymes y la fuente de trabajo de los panaderos\u201d<\/strong>, afirm\u00f3 Pinto.<\/p>\n\n\n\n<p>De esta manera, con dicha suba que&nbsp;<strong>empezar\u00e1 a regir el pr\u00f3ximo 6 de febrero y el precio sugerido del kilo de pan rondar\u00e1 entre los $460 y $480<\/strong>.<\/p>\n\n\n\n<p>De todas formas, el kilo de pan ya se comercializa a $500 en amplias zonas de la Ciudad de Buenos Aires y en algunos barrios del conurbano bonaerense.<\/p>\n\n\n\n<p>\u201cHacemos un llamado a los sectores empresarios y las autoridades del Gobierno para que frenen los incrementos, porque las subas de precios significan restricciones y bajas en el consumo y eso, en el corto y mediano plazo, significa cierres de panader\u00edas y despidos de personal, algo que queremos evitar\u201d, asegur\u00f3 el dirigente de la industria panadera.<\/p>\n\n\n\n<p>Los centros de panaderos que adhieren a la medida son los de Quilmes, Florencio Varela, Moreno, General Rodr\u00edguez, Marcos Paz, Las Heras, Exaltaci\u00f3n de la Cruz, Campana y Z\u00e1rate, entre otros, se detall\u00f3 en el comunicado.<\/p>\n","protected":false},"excerpt":{"rendered":"<p>Un nuevo aumento se sentir\u00e1 en febrero: el precio del pan y de productos panificados aumentar\u00e1n 6% en panader\u00edas del \u00c1rea Metropolitana de Buenos Aires (AMBA). El incremento se debe a los aumentos en tarifas, combustibles y materia prima. La decisi\u00f3n fue confirmada por Mart\u00edn Pinto, presidente del Centro de Industriales Panaderos de la localidad&hellip;<\/p>\n","protected":false},"author":1,"featured_media":112521,"comment_status":"open","ping_status":"open","sticky":false,"template":"","format":"standard","meta":{"footnotes":""},"categories":[9],"tags":[5274,2450,39480,3987,4741],"class_list":["post-120235","post","type-post","status-publish","format-standard","has-post-thumbnail","hentry","category-economia","tag-conurbano","tag-diario-el-sindical","tag-oan","tag-panaderia","tag-precio"],"_links":{"self":[{"href":"https:\/\/www.elsindical.com.ar\/notas\/wp-json\/wp\/v2\/posts\/120235","targetHints":{"allow":["GET"]}}],"collection":[{"href":"https:\/\/www.elsindical.com.ar\/notas\/wp-json\/wp\/v2\/posts"}],"about":[{"href":"https:\/\/www.elsindical.com.ar\/notas\/wp-json\/wp\/v2\/types\/post"}],"author":[{"embeddable":true,"href":"https:\/\/www.elsindical.com.ar\/notas\/wp-json\/wp\/v2\/users\/1"}],"replies":[{"embeddable":true,"href":"https:\/\/www.elsindical.com.ar\/notas\/wp-json\/wp\/v2\/comments?post=120235"}],"version-history":[{"count":1,"href":"https:\/\/www.elsindical.com.ar\/notas\/wp-json\/wp\/v2\/posts\/120235\/revisions"}],"predecessor-version":[{"id":120236,"href":"https:\/\/www.elsindical.com.ar\/notas\/wp-json\/wp\/v2\/posts\/120235\/revisions\/120236"}],"wp:featuredmedia":[{"embeddable":true,"href":"https:\/\/www.elsindical.com.ar\/notas\/wp-json\/wp\/v2\/media\/112521"}],"wp:attachment":[{"href":"https:\/\/www.elsindical.com.ar\/notas\/wp-json\/wp\/v2\/media?parent=120235"}],"wp:term":[{"taxonomy":"category","embeddable":true,"href":"https:\/\/www.elsindical.com.ar\/notas\/wp-json\/wp\/v2\/categories?post=120235"},{"taxonomy":"post_tag","embeddable":true,"href":"https:\/\/www.elsindical.com.ar\/notas\/wp-json\/wp\/v2\/tags?post=120235"}],"curies":[{"name":"wp","href":"https:\/\/api.w.org\/{rel}","templated":true}]}}