{"id":120228,"date":"2023-02-02T19:20:44","date_gmt":"2023-02-02T22:20:44","guid":{"rendered":"https:\/\/www.elsindical.com.ar\/notas\/?p=120228"},"modified":"2023-02-02T19:34:08","modified_gmt":"2023-02-02T22:34:08","slug":"florencia-arietto-revelo-un-chat-con-fernando-iglesias-y-desato-su-furia","status":"publish","type":"post","link":"https:\/\/www.elsindical.com.ar\/notas\/florencia-arietto-revelo-un-chat-con-fernando-iglesias-y-desato-su-furia\/","title":{"rendered":"Florencia Arietto revel\u00f3 un chat con Fernando Iglesias y desat\u00f3 su furia"},"content":{"rendered":"\n<figure class=\"wp-block-image size-large\"><a href=\"https:\/\/www.elsindical.com.ar\/notas\/var\/www\/html\/notas\/wp-content\/uploads\/2023\/02\/Iglesias-y-Arietto-enfrentados.jpg\"><img loading=\"lazy\" decoding=\"async\" width=\"1024\" height=\"683\" src=\"https:\/\/www.elsindical.com.ar\/notas\/var\/www\/html\/notas\/wp-content\/uploads\/2023\/02\/Iglesias-y-Arietto-enfrentados-1024x683.jpg\" alt=\"\" class=\"wp-image-120229\" srcset=\"https:\/\/www.elsindical.com.ar\/notas\/var\/www\/html\/notas\/wp-content\/uploads\/2023\/02\/Iglesias-y-Arietto-enfrentados-1024x683.jpg 1024w, https:\/\/www.elsindical.com.ar\/notas\/var\/www\/html\/notas\/wp-content\/uploads\/2023\/02\/Iglesias-y-Arietto-enfrentados-300x200.jpg 300w, https:\/\/www.elsindical.com.ar\/notas\/var\/www\/html\/notas\/wp-content\/uploads\/2023\/02\/Iglesias-y-Arietto-enfrentados-768x512.jpg 768w, https:\/\/www.elsindical.com.ar\/notas\/var\/www\/html\/notas\/wp-content\/uploads\/2023\/02\/Iglesias-y-Arietto-enfrentados-450x300.jpg 450w, https:\/\/www.elsindical.com.ar\/notas\/var\/www\/html\/notas\/wp-content\/uploads\/2023\/02\/Iglesias-y-Arietto-enfrentados.jpg 1200w\" sizes=\"auto, (max-width: 1024px) 100vw, 1024px\" \/><\/a><\/figure>\n\n\n\n<p>Nuevo round entre los dirigentes del PRO, uno perteneciente al bando de Horacio Rodr\u00edguez Larreta y otro al de Patricia Bullrich.<\/p>\n\n\n\n<p>Los dirigentes opositores Florencia Arietto y Fernando Iglesias volvieron a cruzarse este jueves a trav\u00e9s de la red social Twitter luego de las cr\u00edticas que hab\u00eda esbozado la primera contra Patricia Bullrich sobre la seguridad. Arietto, hoy cercana a Horacio Rodr\u00edguez Larreta, supo ser asesora de la exministra de Seguridad. Sin embargo, expuso su desacuerdo en algunas cuestiones, luego sali\u00f3 a pedir disculpas, pero el diputado nacional no le tuvo piedad.<\/p>\n\n\n\n<p>M\u00e1s all\u00e1 de las&nbsp;disculpas&nbsp;que Arietto&nbsp;esgrimi\u00f3 luego de los cuestionamientos recibidos por Iglesias a ra\u00edz de sus cr\u00edticas a los operativos de desalojo realizados en la Patagonia, volvi\u00f3 el clima de m\u00e1xima tensi\u00f3n.&nbsp;La exencargada de seguridad del Club Atl\u00e9tico Independiente durante la gesti\u00f3n de Javier Cantero difundi\u00f3 mensajes de WhatsApp con insultos que le envi\u00f3 Iglesias, a partir de los cuales la compar\u00f3 con el kirchnerismo.<\/p>\n\n\n\n<p>La calma con Iglesias parec\u00eda haber llegado cuando Arietto se disculp\u00f3 con Bullrich. \u201cNo deb\u00ed haber hecho las cr\u00edticas a los procedimientos de manera p\u00fablica, lo hice con buena fe. Pero no puse en consideraci\u00f3n que esto es una&nbsp;guerra&nbsp;y del otro lado est\u00e1 el kirchnerismo que es capaz de todo, incluso atentar contra la democracia.&nbsp;Mis disculpas p\u00fablicas, Patricia Bullrich\u201d,&nbsp;public\u00f3 la opositora en Twitter.<\/p>\n\n\n\n<h3 class=\"wp-block-heading\" id=\"h-el-chat-divulgado-por-arietto-y-la-reaccion-de-iglesias\">El chat divulgado por Arietto y la reacci\u00f3n de Iglesias<\/h3>\n\n\n<div class=\"wp-block-image\">\n<figure class=\"aligncenter size-large\"><a href=\"https:\/\/www.elsindical.com.ar\/notas\/var\/www\/html\/notas\/wp-content\/uploads\/2023\/02\/chat-Arietto-e-Iglesias-insultos-scaled.jpg\"><img loading=\"lazy\" decoding=\"async\" width=\"292\" height=\"1024\" src=\"https:\/\/www.elsindical.com.ar\/notas\/var\/www\/html\/notas\/wp-content\/uploads\/2023\/02\/chat-Arietto-e-Iglesias-insultos-292x1024.jpg\" alt=\"\" class=\"wp-image-120230\" srcset=\"https:\/\/www.elsindical.com.ar\/notas\/var\/www\/html\/notas\/wp-content\/uploads\/2023\/02\/chat-Arietto-e-Iglesias-insultos-292x1024.jpg 292w, https:\/\/www.elsindical.com.ar\/notas\/var\/www\/html\/notas\/wp-content\/uploads\/2023\/02\/chat-Arietto-e-Iglesias-insultos-768x2692.jpg 768w, https:\/\/www.elsindical.com.ar\/notas\/var\/www\/html\/notas\/wp-content\/uploads\/2023\/02\/chat-Arietto-e-Iglesias-insultos-438x1536.jpg 438w, https:\/\/www.elsindical.com.ar\/notas\/var\/www\/html\/notas\/wp-content\/uploads\/2023\/02\/chat-Arietto-e-Iglesias-insultos-584x2048.jpg 584w, https:\/\/www.elsindical.com.ar\/notas\/var\/www\/html\/notas\/wp-content\/uploads\/2023\/02\/chat-Arietto-e-Iglesias-insultos-scaled.jpg 730w\" sizes=\"auto, (max-width: 292px) 100vw, 292px\" \/><\/a><\/figure>\n<\/div>\n\n\n<p>Sin embargo, este jueves la propia Arietto hizo una nueva publicaci\u00f3n que hizo estallar de furia a Iglesias.&nbsp;\u201cEsto me escribi\u00f3 @FerIglesias a mi WhatsApp personal. No voy a hacer un tema de esto, porque no me interesa. Simplemente, agrego una barbaridad m\u00e1s de las que dijo sobre m\u00ed\u201d, escribi\u00f3 la dirigente, para acompa\u00f1ar una imagen que mostraba mensajes de Iglesias tachados, salvo uno, del martes, en el que el diputado la insult\u00f3.<\/p>\n\n\n\n<p>\u201cSos una hija de pu*a. Ten\u00eda dudas, pero ya no. Block\u201d, le dec\u00eda Iglesias en el chat. Y por las redes sociales, su r\u00e9plica no tard\u00f3 en llegar. \u201cComo experta en seguridad que dec\u00eds ser, deber\u00edas poder hacer alguna distinci\u00f3n entre lo que es p\u00fablico y lo que es privado. No hac\u00e9s m\u00e1s que confirmar mi opini\u00f3n y ponerte del lado de la grieta que te corresponde\u201d, apunt\u00f3 el diputado del PRO.<\/p>\n\n\n\n<p>Y dispar\u00f3: \u201cEl de los que usan chats privados como instrumentos de difamaci\u00f3n\u201d, le retruc\u00f3 Iglesias. De esa manera, compar\u00f3 a Arietto con el kirchnerismo, aludiendo al esc\u00e1ndalo por los supuestos chats filtrados de manera ilegal entre el ministro de Justicia y Seguridad porte\u00f1o, Marcelo D\u2019Alessandro, y Silvio Robles, asesor del titular de la Corte Suprema de Justicia, Horacio Rosatti.<\/p>\n\n\n\n<p><\/p>\n\n\n<div class=\"wp-block-image\">\n<figure class=\"aligncenter size-large\"><a href=\"https:\/\/www.elsindical.com.ar\/notas\/var\/www\/html\/notas\/wp-content\/uploads\/2023\/02\/chat-Arietto-e-Iglesias-respuesta.jpg\"><img loading=\"lazy\" decoding=\"async\" width=\"518\" height=\"1024\" src=\"https:\/\/www.elsindical.com.ar\/notas\/var\/www\/html\/notas\/wp-content\/uploads\/2023\/02\/chat-Arietto-e-Iglesias-respuesta-518x1024.jpg\" alt=\"\" class=\"wp-image-120231\" srcset=\"https:\/\/www.elsindical.com.ar\/notas\/var\/www\/html\/notas\/wp-content\/uploads\/2023\/02\/chat-Arietto-e-Iglesias-respuesta-518x1024.jpg 518w, https:\/\/www.elsindical.com.ar\/notas\/var\/www\/html\/notas\/wp-content\/uploads\/2023\/02\/chat-Arietto-e-Iglesias-respuesta-152x300.jpg 152w, https:\/\/www.elsindical.com.ar\/notas\/var\/www\/html\/notas\/wp-content\/uploads\/2023\/02\/chat-Arietto-e-Iglesias-respuesta-768x1518.jpg 768w, https:\/\/www.elsindical.com.ar\/notas\/var\/www\/html\/notas\/wp-content\/uploads\/2023\/02\/chat-Arietto-e-Iglesias-respuesta-777x1536.jpg 777w, https:\/\/www.elsindical.com.ar\/notas\/var\/www\/html\/notas\/wp-content\/uploads\/2023\/02\/chat-Arietto-e-Iglesias-respuesta.jpg 915w\" sizes=\"auto, (max-width: 518px) 100vw, 518px\" \/><\/a><\/figure>\n<\/div>","protected":false},"excerpt":{"rendered":"<p>Nuevo round entre los dirigentes del PRO, uno perteneciente al bando de Horacio Rodr\u00edguez Larreta y otro al de Patricia Bullrich. Los dirigentes opositores Florencia Arietto y Fernando Iglesias volvieron a cruzarse este jueves a trav\u00e9s de la red social Twitter luego de las cr\u00edticas que hab\u00eda esbozado la primera contra Patricia Bullrich sobre la&hellip;<\/p>\n","protected":false},"author":1,"featured_media":120229,"comment_status":"open","ping_status":"open","sticky":false,"template":"","format":"standard","meta":{"footnotes":""},"categories":[13],"tags":[22169,2450,35244,12584,1943,1241,328],"class_list":["post-120228","post","type-post","status-publish","format-standard","has-post-thumbnail","hentry","category-politica","tag-cambiemos","tag-diario-el-sindical","tag-fernando-iglesias","tag-florencia-arietto","tag-horacio-rodriguez-larreta","tag-patricia-bullrich","tag-pro"],"_links":{"self":[{"href":"https:\/\/www.elsindical.com.ar\/notas\/wp-json\/wp\/v2\/posts\/120228","targetHints":{"allow":["GET"]}}],"collection":[{"href":"https:\/\/www.elsindical.com.ar\/notas\/wp-json\/wp\/v2\/posts"}],"about":[{"href":"https:\/\/www.elsindical.com.ar\/notas\/wp-json\/wp\/v2\/types\/post"}],"author":[{"embeddable":true,"href":"https:\/\/www.elsindical.com.ar\/notas\/wp-json\/wp\/v2\/users\/1"}],"replies":[{"embeddable":true,"href":"https:\/\/www.elsindical.com.ar\/notas\/wp-json\/wp\/v2\/comments?post=120228"}],"version-history":[{"count":1,"href":"https:\/\/www.elsindical.com.ar\/notas\/wp-json\/wp\/v2\/posts\/120228\/revisions"}],"predecessor-version":[{"id":120232,"href":"https:\/\/www.elsindical.com.ar\/notas\/wp-json\/wp\/v2\/posts\/120228\/revisions\/120232"}],"wp:featuredmedia":[{"embeddable":true,"href":"https:\/\/www.elsindical.com.ar\/notas\/wp-json\/wp\/v2\/media\/120229"}],"wp:attachment":[{"href":"https:\/\/www.elsindical.com.ar\/notas\/wp-json\/wp\/v2\/media?parent=120228"}],"wp:term":[{"taxonomy":"category","embeddable":true,"href":"https:\/\/www.elsindical.com.ar\/notas\/wp-json\/wp\/v2\/categories?post=120228"},{"taxonomy":"post_tag","embeddable":true,"href":"https:\/\/www.elsindical.com.ar\/notas\/wp-json\/wp\/v2\/tags?post=120228"}],"curies":[{"name":"wp","href":"https:\/\/api.w.org\/{rel}","templated":true}]}}