{"id":120224,"date":"2023-02-02T18:51:21","date_gmt":"2023-02-02T21:51:21","guid":{"rendered":"https:\/\/www.elsindical.com.ar\/notas\/?p=120224"},"modified":"2023-02-02T18:51:22","modified_gmt":"2023-02-02T21:51:22","slug":"asesinan-en-la-carcel-a-un-peligroso-delincuente-que-azotaba-lanus","status":"publish","type":"post","link":"https:\/\/www.elsindical.com.ar\/notas\/asesinan-en-la-carcel-a-un-peligroso-delincuente-que-azotaba-lanus\/","title":{"rendered":"Asesinan en la c\u00e1rcel a un peligroso delincuente que azotaba Lan\u00fas"},"content":{"rendered":"<div class=\"wp-block-image\">\n<figure class=\"aligncenter size-full\"><a href=\"https:\/\/www.elsindical.com.ar\/notas\/var\/www\/html\/notas\/wp-content\/uploads\/2023\/02\/Turron.jpg\"><img loading=\"lazy\" decoding=\"async\" width=\"500\" height=\"621\" src=\"https:\/\/www.elsindical.com.ar\/notas\/var\/www\/html\/notas\/wp-content\/uploads\/2023\/02\/Turron.jpg\" alt=\"\" class=\"wp-image-120225\" srcset=\"https:\/\/www.elsindical.com.ar\/notas\/var\/www\/html\/notas\/wp-content\/uploads\/2023\/02\/Turron.jpg 500w, https:\/\/www.elsindical.com.ar\/notas\/var\/www\/html\/notas\/wp-content\/uploads\/2023\/02\/Turron-242x300.jpg 242w\" sizes=\"auto, (max-width: 500px) 100vw, 500px\" \/><\/a><\/figure>\n<\/div>\n\n\n<p>C\u00e9sar Maximiliano Aguilera Gonz\u00e1lez, m\u00e1s conocido como \u201cTurr\u00f3n\u201d, fue asesinado este mi\u00e9rcoles en una pelea entre internos en la Unidad Penal 6 de Urdampilleta, en el centro de la provincia de Buenos Aires.<\/p>\n\n\n\n<p><strong>\u201cTurr\u00f3n\u201d hab\u00eda encabezado una banda delictiva cuando ten\u00eda apenas 15 a\u00f1os, que cometi\u00f3 varios robos y homicidios en Villa Jard\u00edn, en Lan\u00fas Oeste. Uno de estos hechos fue el crimen del oficial de la Polic\u00eda Federal, Ezequiel Alifraco, ocurrido en 2015.<\/strong><\/p>\n\n\n\n<p>Seg\u00fan trascendi\u00f3, este mi\u00e9rcoles por la noche se desat\u00f3 una pelea en la que habr\u00edan intervenido 4 internos de la c\u00e1rcel de Urdampilleta. Una de ellos recibi\u00f3 dos puntazos de arma blanca (presumiblemente una faca) que le atravesaron la vena yugular, en la zona del cuello. Luego, fue identificado como C\u00e9sar Aguilera Gonz\u00e1lez, alias \u201cTurr\u00f3n\u201d, de 23 a\u00f1os.<\/p>\n\n\n\n<p><strong>El joven fue llevado a un hospital donde muri\u00f3 poco despu\u00e9s de ingresar como consecuencia de la herida recibida en el cuello.<\/strong><\/p>\n\n\n\n<p>En 2019, un tribunal oral de Lomas de Zamora conden\u00f3, en juicio abreviado, a 10 a\u00f1os y 8 meses de prisi\u00f3n por un crimen a C\u00e9sar Maximiliano \u201cTurr\u00f3n\u201d Aguilera, de 20 a\u00f1os. Este joven fue l\u00edder, siendo menor, de una banda delictiva que actuaba en Villa Jard\u00edn, en Lan\u00fas Oeste, y a la que se le atribuyen un homicidio y varios robos violentos.<\/p>\n\n\n\n<p>Fuentes judiciales informaron que la condena fue dictada el Tribunal Oral en lo Criminal (TOC) 2 por el delito de homicidio. La pena fue pactada entre la fiscal\u00eda y el defensor, y convalidada por los jueces. As\u00ed lo establece el procedimiento de juicio abreviado.<\/p>\n\n\n\n<p>El hecho ocurri\u00f3 el 22 de octubre de 2017 en Villa Diamante, en Lan\u00fas Oeste. La v\u00edctima fue Ram\u00f3n Ovelar, de 31 a\u00f1os, que falleci\u00f3 al recibir un disparo en la cabeza de parte de sus agresores.<\/p>\n\n\n\n<p>En el expediente qued\u00f3 determinado que ese d\u00eda, alrededor de las 23, a metros del cruce de Gaita y Madre Teresa, en Villa Diamante, Ovelar se encontraba junto a un joven comprando cerveza cuando fue interceptado por otros cinco, con quien se conoc\u00eda, inici\u00e1ndose una fuerte discusi\u00f3n. Una de las hip\u00f3tesis es que manten\u00edan una disputa por el control del lugar para la realizaci\u00f3n de il\u00edcitos.<\/p>\n\n\n\n<p>En un determinado momento, los sujetos \u2013 entre los que se encontraba C\u00e9sar Maximiliano \u201cTurr\u00f3n Aguilera \u2013 sacaron armas y comenzaron a disparar contra Ovelar, quien cay\u00f3 al recibir un balazo en la cabeza y otro en la pierna. El hombre falleci\u00f3 como consecuencia del brutal ataque.<\/p>\n\n\n\n<p>Los agresores escaparon del lugar y algunos de ellos fueron detenidos unos meses m\u00e1s tarde. Cuando se determin\u00f3 su participaci\u00f3n en el hecho, \u201cTurr\u00f3n\u201d estaba detenido por un robo violento en la Ciudad de Buenos Aires y ya se hab\u00eda determinado su responsabilidad en el crimen de un polic\u00eda en Lan\u00fas. Por este hecho no fue juzgado \u2013 s\u00ed los integrantes de su banda \u2013 porque ten\u00eda s\u00f3lo 15 a\u00f1os.<\/p>\n\n\n\n<p>El joven ten\u00eda a sus padres detenidos por participar y encubrir sus delitos, su madre J\u00e9sica \u00abLa Rubia\u00bb Gonz\u00e1lez (33), hab\u00eda sido condenada a 7 a\u00f1os de prisi\u00f3n por encubrimiento y su padre Gustavo \u00abPapilo\u00bb Aguilera (35).<\/p>\n\n\n<div class=\"wp-block-image\">\n<figure class=\"aligncenter size-full\"><a href=\"https:\/\/www.elsindical.com.ar\/notas\/var\/www\/html\/notas\/wp-content\/uploads\/2023\/02\/Turron-y-la-madre.jpg\"><img loading=\"lazy\" decoding=\"async\" width=\"750\" height=\"585\" src=\"https:\/\/www.elsindical.com.ar\/notas\/var\/www\/html\/notas\/wp-content\/uploads\/2023\/02\/Turron-y-la-madre.jpg\" alt=\"\" class=\"wp-image-120226\" srcset=\"https:\/\/www.elsindical.com.ar\/notas\/var\/www\/html\/notas\/wp-content\/uploads\/2023\/02\/Turron-y-la-madre.jpg 750w, https:\/\/www.elsindical.com.ar\/notas\/var\/www\/html\/notas\/wp-content\/uploads\/2023\/02\/Turron-y-la-madre-300x234.jpg 300w, https:\/\/www.elsindical.com.ar\/notas\/var\/www\/html\/notas\/wp-content\/uploads\/2023\/02\/Turron-y-la-madre-385x300.jpg 385w\" sizes=\"auto, (max-width: 750px) 100vw, 750px\" \/><\/a><\/figure>\n<\/div>","protected":false},"excerpt":{"rendered":"<p>C\u00e9sar Maximiliano Aguilera Gonz\u00e1lez, m\u00e1s conocido como \u201cTurr\u00f3n\u201d, fue asesinado este mi\u00e9rcoles en una pelea entre internos en la Unidad Penal 6 de Urdampilleta, en el centro de la provincia de Buenos Aires. \u201cTurr\u00f3n\u201d hab\u00eda encabezado una banda delictiva cuando ten\u00eda apenas 15 a\u00f1os, que cometi\u00f3 varios robos y homicidios en Villa Jard\u00edn, en Lan\u00fas&hellip;<\/p>\n","protected":false},"author":1,"featured_media":120225,"comment_status":"open","ping_status":"open","sticky":false,"template":"","format":"standard","meta":{"footnotes":""},"categories":[19],"tags":[39476,2450,4574,39479,39477,39478,18857],"class_list":["post-120224","post","type-post","status-publish","format-standard","has-post-thumbnail","hentry","category-intramuros","tag-cesar-maximiliano-aguilera-gonzalez","tag-diario-el-sindical","tag-lanus-oeste","tag-toc-2-lz","tag-turron","tag-unidad-penal-6-urdampilleta","tag-villa-jardin"],"_links":{"self":[{"href":"https:\/\/www.elsindical.com.ar\/notas\/wp-json\/wp\/v2\/posts\/120224","targetHints":{"allow":["GET"]}}],"collection":[{"href":"https:\/\/www.elsindical.com.ar\/notas\/wp-json\/wp\/v2\/posts"}],"about":[{"href":"https:\/\/www.elsindical.com.ar\/notas\/wp-json\/wp\/v2\/types\/post"}],"author":[{"embeddable":true,"href":"https:\/\/www.elsindical.com.ar\/notas\/wp-json\/wp\/v2\/users\/1"}],"replies":[{"embeddable":true,"href":"https:\/\/www.elsindical.com.ar\/notas\/wp-json\/wp\/v2\/comments?post=120224"}],"version-history":[{"count":1,"href":"https:\/\/www.elsindical.com.ar\/notas\/wp-json\/wp\/v2\/posts\/120224\/revisions"}],"predecessor-version":[{"id":120227,"href":"https:\/\/www.elsindical.com.ar\/notas\/wp-json\/wp\/v2\/posts\/120224\/revisions\/120227"}],"wp:featuredmedia":[{"embeddable":true,"href":"https:\/\/www.elsindical.com.ar\/notas\/wp-json\/wp\/v2\/media\/120225"}],"wp:attachment":[{"href":"https:\/\/www.elsindical.com.ar\/notas\/wp-json\/wp\/v2\/media?parent=120224"}],"wp:term":[{"taxonomy":"category","embeddable":true,"href":"https:\/\/www.elsindical.com.ar\/notas\/wp-json\/wp\/v2\/categories?post=120224"},{"taxonomy":"post_tag","embeddable":true,"href":"https:\/\/www.elsindical.com.ar\/notas\/wp-json\/wp\/v2\/tags?post=120224"}],"curies":[{"name":"wp","href":"https:\/\/api.w.org\/{rel}","templated":true}]}}