{"id":120154,"date":"2023-01-31T18:58:37","date_gmt":"2023-01-31T21:58:37","guid":{"rendered":"https:\/\/www.elsindical.com.ar\/notas\/?p=120154"},"modified":"2023-01-31T19:29:08","modified_gmt":"2023-01-31T22:29:08","slug":"avellaneda-el-paraiso-de-los-roba-ruedas","status":"publish","type":"post","link":"https:\/\/www.elsindical.com.ar\/notas\/avellaneda-el-paraiso-de-los-roba-ruedas\/","title":{"rendered":"Avellaneda: El para\u00edso de los roba ruedas"},"content":{"rendered":"\n<figure class=\"wp-block-image size-full\"><a href=\"https:\/\/www.elsindical.com.ar\/notas\/var\/www\/html\/notas\/wp-content\/uploads\/2023\/01\/roba-ruedas-en-Avellaneda.jpg\"><img loading=\"lazy\" decoding=\"async\" width=\"900\" height=\"505\" src=\"https:\/\/www.elsindical.com.ar\/notas\/var\/www\/html\/notas\/wp-content\/uploads\/2023\/01\/roba-ruedas-en-Avellaneda.jpg\" alt=\"\" class=\"wp-image-120155\" srcset=\"https:\/\/www.elsindical.com.ar\/notas\/var\/www\/html\/notas\/wp-content\/uploads\/2023\/01\/roba-ruedas-en-Avellaneda.jpg 900w, https:\/\/www.elsindical.com.ar\/notas\/var\/www\/html\/notas\/wp-content\/uploads\/2023\/01\/roba-ruedas-en-Avellaneda-300x168.jpg 300w, https:\/\/www.elsindical.com.ar\/notas\/var\/www\/html\/notas\/wp-content\/uploads\/2023\/01\/roba-ruedas-en-Avellaneda-768x431.jpg 768w, https:\/\/www.elsindical.com.ar\/notas\/var\/www\/html\/notas\/wp-content\/uploads\/2023\/01\/roba-ruedas-en-Avellaneda-500x281.jpg 500w\" sizes=\"auto, (max-width: 900px) 100vw, 900px\" \/><\/a><\/figure>\n\n\n\n<p class=\"wp-block-paragraph\">   Los precios de las cubiertas y las llantas de los veh\u00edculos, sumado a la elevada inseguridad general, han generado distintos mercados negros de objetos robados que circulan para la venta en redes sociales como Marketplace de Facebook han encontrado en el partido de Avellaneda, el lugar perfecto para el acopio de cubiertas y llantas, en distintos galpones, algunas llantas se publican y en el caso de las cubiertas se publican o venden en locales de venta de cubiertas usadas o de ocasi\u00f3n.<\/p>\n\n\n\n<p class=\"wp-block-paragraph\">Llama la atenci\u00f3n que varios vecinos han reconocido sus llantas en alguna publicaci\u00f3n y a pesar de los posteos advirtiendo sobre los lugares la polic\u00eda parece son los \u00fanicos que desconocen la situaci\u00f3n y todo ocurre a plena luz del d\u00eda y sobre una de las principales avenidas del partido por donde transitan, patrulleros y funcionarios del municipio, pero nadie vio nada.<\/p>\n\n\n\n<p class=\"wp-block-paragraph\">Las sospechas recaen sobre por lo menos 4 comisar\u00edas de Avellaneda, con jurisdicci\u00f3n en los lugares de acopio y venta, la comisar\u00eda 1ra, comisar\u00eda 4ta, comisar\u00eda 6ta y comisar\u00eda 2da, m\u00e1s los m\u00f3viles del Comando de Patrullas que se supone son los encargados del patrullaje.<\/p>\n\n\n\n<p class=\"wp-block-paragraph\">Si bien a pocos metros de dos de los galpones tambi\u00e9n se observan c\u00e1maras de seguridad municipales, los vecinos se quejan de que nadie hace nada y todos temen ser v\u00edctimas de los delincuentes que no se ocultan a descargar la mercader\u00eda ni les preocupa que los escrachen por vender objetos robados.<\/p>\n\n\n\n<p class=\"wp-block-paragraph\">As\u00ed que si sos de la zona y fuiste v\u00edctima de los delincuentes, busca tus ruedas en las redes sociales y presta atenci\u00f3n a los barrios de Avellaneda donde indican se retiran, especialmente si es Avellaneda Centro, Pi\u00f1eiro y Sarand\u00ed.<\/p>\n\n\n\n<p class=\"wp-block-paragraph\">De los denunciantes hay v\u00edctimas de Lan\u00fas que encontraron sus llantas a la venta en Avellaneda.<\/p>\n\n\n\n<p class=\"wp-block-paragraph\">Agradecemos a los vecinos que se contactaron por la confianza, no todos los que dicen informar son periodistas, ni nos beneficiamos con publicidad de delincuentes.<\/p>\n","protected":false},"excerpt":{"rendered":"<p>Los precios de las cubiertas y las llantas de los veh\u00edculos, sumado a la elevada inseguridad general, han generado distintos mercados negros de objetos robados que circulan para la venta en redes sociales como Marketplace de Facebook han encontrado en el partido de Avellaneda, el lugar perfecto para el acopio de cubiertas y llantas, en&hellip;<\/p>\n","protected":false},"author":1,"featured_media":120155,"comment_status":"open","ping_status":"open","sticky":false,"template":"","format":"standard","meta":{"footnotes":""},"categories":[6,22],"tags":[461,23428,28334,23834,2450,984,1062,209,30,29851],"class_list":["post-120154","post","type-post","status-publish","format-standard","has-post-thumbnail","hentry","category-denuncias","category-policiales","tag-avellaneda","tag-comisaria-1ra-avellaneda","tag-comisaria-2da-avellaneda","tag-comisaria-4ta-avellaneda","tag-diario-el-sindical","tag-inseguridad","tag-jorge-ferraresi","tag-lanus","tag-policia","tag-roba-ruedas"],"_links":{"self":[{"href":"https:\/\/www.elsindical.com.ar\/notas\/wp-json\/wp\/v2\/posts\/120154","targetHints":{"allow":["GET"]}}],"collection":[{"href":"https:\/\/www.elsindical.com.ar\/notas\/wp-json\/wp\/v2\/posts"}],"about":[{"href":"https:\/\/www.elsindical.com.ar\/notas\/wp-json\/wp\/v2\/types\/post"}],"author":[{"embeddable":true,"href":"https:\/\/www.elsindical.com.ar\/notas\/wp-json\/wp\/v2\/users\/1"}],"replies":[{"embeddable":true,"href":"https:\/\/www.elsindical.com.ar\/notas\/wp-json\/wp\/v2\/comments?post=120154"}],"version-history":[{"count":1,"href":"https:\/\/www.elsindical.com.ar\/notas\/wp-json\/wp\/v2\/posts\/120154\/revisions"}],"predecessor-version":[{"id":120156,"href":"https:\/\/www.elsindical.com.ar\/notas\/wp-json\/wp\/v2\/posts\/120154\/revisions\/120156"}],"wp:featuredmedia":[{"embeddable":true,"href":"https:\/\/www.elsindical.com.ar\/notas\/wp-json\/wp\/v2\/media\/120155"}],"wp:attachment":[{"href":"https:\/\/www.elsindical.com.ar\/notas\/wp-json\/wp\/v2\/media?parent=120154"}],"wp:term":[{"taxonomy":"category","embeddable":true,"href":"https:\/\/www.elsindical.com.ar\/notas\/wp-json\/wp\/v2\/categories?post=120154"},{"taxonomy":"post_tag","embeddable":true,"href":"https:\/\/www.elsindical.com.ar\/notas\/wp-json\/wp\/v2\/tags?post=120154"}],"curies":[{"name":"wp","href":"https:\/\/api.w.org\/{rel}","templated":true}]}}