{"id":120101,"date":"2023-01-29T13:50:09","date_gmt":"2023-01-29T16:50:09","guid":{"rendered":"https:\/\/www.elsindical.com.ar\/notas\/?p=120101"},"modified":"2023-01-29T14:06:53","modified_gmt":"2023-01-29T17:06:53","slug":"avellaneda-vecina-de-villa-dominico-denuncia-en-redes-complicidad-estatal-en-la-venta-de-drogas","status":"publish","type":"post","link":"https:\/\/www.elsindical.com.ar\/notas\/avellaneda-vecina-de-villa-dominico-denuncia-en-redes-complicidad-estatal-en-la-venta-de-drogas\/","title":{"rendered":"Avellaneda: Vecina de Villa Dom\u00ednico denuncia en redes complicidad estatal en la venta de drogas"},"content":{"rendered":"<div class=\"wp-block-image\">\n<figure class=\"aligncenter size-full\"><a href=\"https:\/\/www.elsindical.com.ar\/notas\/var\/www\/html\/notas\/wp-content\/uploads\/2023\/01\/denuncia-Carla-Fabbri.jpg\"><img loading=\"lazy\" decoding=\"async\" width=\"676\" height=\"624\" src=\"https:\/\/www.elsindical.com.ar\/notas\/var\/www\/html\/notas\/wp-content\/uploads\/2023\/01\/denuncia-Carla-Fabbri.jpg\" alt=\"\" class=\"wp-image-120102\" srcset=\"https:\/\/www.elsindical.com.ar\/notas\/var\/www\/html\/notas\/wp-content\/uploads\/2023\/01\/denuncia-Carla-Fabbri.jpg 676w, https:\/\/www.elsindical.com.ar\/notas\/var\/www\/html\/notas\/wp-content\/uploads\/2023\/01\/denuncia-Carla-Fabbri-300x277.jpg 300w, https:\/\/www.elsindical.com.ar\/notas\/var\/www\/html\/notas\/wp-content\/uploads\/2023\/01\/denuncia-Carla-Fabbri-325x300.jpg 325w\" sizes=\"auto, (max-width: 676px) 100vw, 676px\" \/><\/a><\/figure>\n<\/div>\n\n\n<p>   Una vecina de Avellaneda identificada en redes sociales como<strong> Carla Fabbri<\/strong> denuncia desde hace varios meses la complicidad de funcionarios pol\u00edticos, policiales y judiciales en la protecci\u00f3n de delincuentes dedicados al robo y narcomenudeo en una zona donde los disparos son algo habitual y temen la muerte de alguna v\u00edctima inocente por el avance de los delincuentes que ya cuentan con \u00absoldaditos\u00bb.<\/p>\n\n\n\n<p>La realidad de Avellaneda es que, hay un Jefe de Estaci\u00f3n de Polic\u00eda, el responsable de la polic\u00eda de Avellaneda, el<strong> Comisario Mayor Gregorio Mart\u00ednez<\/strong> que ha demostrado poca capacidad para el cargo, pero a\u00fan as\u00ed se mantuvo en el mismo con el apoyo pol\u00edtico municipal, con lo cual podemos inferir que su ineficiencia es premiada por el intendente<strong> Jorge Ferraresi<\/strong> al punto de que con una estad\u00edstica negativa lo ascendieron a un cargo muy superior al que merece. La l\u00f3gica indica que ser\u00e1 que algunos delitos benefician a alguien.<\/p>\n\n\n\n<p>Por el lado de la oposici\u00f3n est\u00e1n los impresentables que prometen mejorar la seguridad como <strong>Sebasti\u00e1n Vinagre <\/strong>y<strong> Maximiliano Gallucci<\/strong> dos mentirosos que de estas cosas ni opinan, quiz\u00e1s porque temen no tener la cola limpia para pedir explicaciones o realizar las denuncias penales correspondientes, los dos son abogados y hacen videos invitando a la gente a participar, bueno, ac\u00e1 tienen un caso para resolver para los vecinos, demuestren valor y dejen de ser un chiste.<\/p>\n\n\n\n<p>En lo judicial, los fiscales de Avellaneda parece que usan las redes sociales para la rosca pol\u00edtica y para el cholulismo, pero no se enteran de las denuncias de los vecinos, tampoco act\u00faan de oficio, en este tipo de denuncias hay dos responsables por no actuar, el fiscal general del Departamento Judicial Avellaneda-Lan\u00fas <strong>Guillermo Castro Moure<\/strong>, \u00abjefe\u00bb de los fiscales y los dos fiscales de la<strong> UFI 4<\/strong> del <strong>Polo Judicial de Avellaneda<\/strong> tem\u00e1tica en estupefacientes y violencia institucional<strong> Mario Walter Prieto<\/strong> (ex polic\u00eda bonaerense) y <strong>Mariela Ver\u00f3nica Montero<\/strong>, m\u00e1s sus superiores de la Procuraci\u00f3n General de la Provincia de Buenos Aires en cabeza de <strong>Julio Conte Grand<\/strong> que parece no lee las estad\u00edsticas de sus fiscales.<\/p>\n\n\n\n<p>Con esto limitar los reclamos al Centro de Monitoreo es demostrar poco compromiso y cobard\u00eda, es mentirles a los vecinos y solo darle una rosca pol\u00edtica a un tema grave, as\u00ed que sumo a los responsables que son muchos a <strong>Marcelo Frecha<\/strong> por su constante actividad de desinformar, de ocultar nombres y de publicar esperando el \u00abllamado\u00bb para dejar el tema ah\u00ed, como tantas veces lo ha hecho y lo seguir\u00e1 haciendo, es decir otro que usa a los vecinos en su propio beneficio.<\/p>\n\n\n\n<p>Vale aclarar que todos los mencionados no son gente in\u00fatil, sus patrimonios han crecido superando a la inflaci\u00f3n lo cual no es poco y eso evidencia que no hay excusas para pensar que no son aptos para el cargo por falta de idoneidad, en todo caso habr\u00eda que escribirles y pedirles explicaciones, porque vecinos escribiendo en las redes es evidente que no cambia nada, as\u00ed que ejerzan sus derechos.<\/p>\n\n\n\n<p>Mails:<\/p>\n\n\n\n<p><strong><a href=\"mailto:fisgen.al@mpba.gov.ar\">fisgen.al@mpba.gov.ar<\/a><\/strong>                                     Fiscal\u00eda General Avellaneda-Lan\u00fas <\/p>\n\n\n\n<p><strong><a href=\"mailto:ufi4.al.av@mpba.gov.ar\">ufi4.al.av@mpba.gov.ar<\/a><\/strong>                                    UFI 4 Avellaneda<\/p>\n\n\n\n<p><strong><a href=\"mailto:controlinterno@mpba.gov.ar\">controlinterno@mpba.gov.ar<\/a><\/strong>                           Control Interno denuncias a Fiscales frente a la Procuraci\u00f3n <\/p>\n\n\n\n<p><strong><a href=\"mailto:secretariaseguridadavellaneda@gmail.com\">secretariaseguridadavellaneda@gmail.com<\/a><\/strong>   Secretar\u00eda de Seguridad de Avellaneda <\/p>\n\n\n\n<p><strong><a href=\"mailto:jefaturadegabinetemda@gmail.com\">jefaturadegabinetemda@gmail.com<\/a><\/strong>              Jefatura de Gabinete Avellaneda <\/p>\n\n\n\n<p><strong><a href=\"mailto:denunciasai@mseg.gba.gov.ar\">denunciasai@mseg.gba.gov.ar<\/a><\/strong>                        Denuncia Auditor\u00eda Asuntos Internos (puede ser an\u00f3nima)<\/p>\n\n\n\n<p><\/p>\n\n\n\n<figure class=\"wp-block-embed is-type-video is-provider-youtube wp-block-embed-youtube wp-embed-aspect-16-9 wp-has-aspect-ratio\"><div class=\"wp-block-embed__wrapper\">\n<iframe loading=\"lazy\" title=\"Vecina denuncia complicidad en la venta de drogas\" width=\"700\" height=\"394\" src=\"https:\/\/www.youtube.com\/embed\/7c8oFrwqmsI?feature=oembed\" frameborder=\"0\" allow=\"accelerometer; autoplay; clipboard-write; encrypted-media; gyroscope; picture-in-picture; web-share\" allowfullscreen><\/iframe>\n<\/div><\/figure>\n\n\n\n<p>Por Marcelo Ricardo Hawrylciw<\/p>\n","protected":false},"excerpt":{"rendered":"<p>Una vecina de Avellaneda identificada en redes sociales como Carla Fabbri denuncia desde hace varios meses la complicidad de funcionarios pol\u00edticos, policiales y judiciales en la protecci\u00f3n de delincuentes dedicados al robo y narcomenudeo en una zona donde los disparos son algo habitual y temen la muerte de alguna v\u00edctima inocente por el avance de&hellip;<\/p>\n","protected":false},"author":1,"featured_media":120102,"comment_status":"open","ping_status":"open","sticky":false,"template":"","format":"standard","meta":{"footnotes":""},"categories":[6],"tags":[461,34470,2450,34191,36723,36722,1062,29304,32003,459,39440,6399],"class_list":["post-120101","post","type-post","status-publish","format-standard","has-post-thumbnail","hentry","category-denuncias","tag-avellaneda","tag-comisario-mayor-gregorio-martinez","tag-diario-el-sindical","tag-fiscal-general-guillermo-castro-moure","tag-fiscal-mariela-veronica-montero","tag-fiscal-mario-walter-prieto","tag-jorge-ferraresi","tag-maximiliano-gallucci","tag-procurador-general-julio-conte-grand","tag-sebastian-vinagre","tag-ufi4-avellaneda","tag-venta-de-drogas"],"_links":{"self":[{"href":"https:\/\/www.elsindical.com.ar\/notas\/wp-json\/wp\/v2\/posts\/120101","targetHints":{"allow":["GET"]}}],"collection":[{"href":"https:\/\/www.elsindical.com.ar\/notas\/wp-json\/wp\/v2\/posts"}],"about":[{"href":"https:\/\/www.elsindical.com.ar\/notas\/wp-json\/wp\/v2\/types\/post"}],"author":[{"embeddable":true,"href":"https:\/\/www.elsindical.com.ar\/notas\/wp-json\/wp\/v2\/users\/1"}],"replies":[{"embeddable":true,"href":"https:\/\/www.elsindical.com.ar\/notas\/wp-json\/wp\/v2\/comments?post=120101"}],"version-history":[{"count":2,"href":"https:\/\/www.elsindical.com.ar\/notas\/wp-json\/wp\/v2\/posts\/120101\/revisions"}],"predecessor-version":[{"id":120104,"href":"https:\/\/www.elsindical.com.ar\/notas\/wp-json\/wp\/v2\/posts\/120101\/revisions\/120104"}],"wp:featuredmedia":[{"embeddable":true,"href":"https:\/\/www.elsindical.com.ar\/notas\/wp-json\/wp\/v2\/media\/120102"}],"wp:attachment":[{"href":"https:\/\/www.elsindical.com.ar\/notas\/wp-json\/wp\/v2\/media?parent=120101"}],"wp:term":[{"taxonomy":"category","embeddable":true,"href":"https:\/\/www.elsindical.com.ar\/notas\/wp-json\/wp\/v2\/categories?post=120101"},{"taxonomy":"post_tag","embeddable":true,"href":"https:\/\/www.elsindical.com.ar\/notas\/wp-json\/wp\/v2\/tags?post=120101"}],"curies":[{"name":"wp","href":"https:\/\/api.w.org\/{rel}","templated":true}]}}