{"id":120047,"date":"2023-01-27T09:44:06","date_gmt":"2023-01-27T12:44:06","guid":{"rendered":"https:\/\/www.elsindical.com.ar\/notas\/?p=120047"},"modified":"2023-01-27T09:44:08","modified_gmt":"2023-01-27T12:44:08","slug":"un-hombre-manejaba-con-un-nene-a-upa-en-plena-autopista-llego-a-ir-a-mas-de-120","status":"publish","type":"post","link":"https:\/\/www.elsindical.com.ar\/notas\/un-hombre-manejaba-con-un-nene-a-upa-en-plena-autopista-llego-a-ir-a-mas-de-120\/","title":{"rendered":"Un hombre manejaba con un nene a upa en plena autopista: \u00abLleg\u00f3 a ir a m\u00e1s de 120\u00bb"},"content":{"rendered":"<div class=\"wp-block-image\">\n<figure class=\"aligncenter size-full\"><a href=\"https:\/\/www.elsindical.com.ar\/notas\/var\/www\/html\/notas\/wp-content\/uploads\/2023\/01\/conductor-irresponsable.jpeg\"><img loading=\"lazy\" decoding=\"async\" width=\"887\" height=\"493\" src=\"https:\/\/www.elsindical.com.ar\/notas\/var\/www\/html\/notas\/wp-content\/uploads\/2023\/01\/conductor-irresponsable.jpeg\" alt=\"\" class=\"wp-image-120048\" srcset=\"https:\/\/www.elsindical.com.ar\/notas\/var\/www\/html\/notas\/wp-content\/uploads\/2023\/01\/conductor-irresponsable.jpeg 887w, https:\/\/www.elsindical.com.ar\/notas\/var\/www\/html\/notas\/wp-content\/uploads\/2023\/01\/conductor-irresponsable-300x167.jpeg 300w, https:\/\/www.elsindical.com.ar\/notas\/var\/www\/html\/notas\/wp-content\/uploads\/2023\/01\/conductor-irresponsable-768x427.jpeg 768w, https:\/\/www.elsindical.com.ar\/notas\/var\/www\/html\/notas\/wp-content\/uploads\/2023\/01\/conductor-irresponsable-500x278.jpeg 500w\" sizes=\"auto, (max-width: 887px) 100vw, 887px\" \/><\/a><\/figure>\n<\/div>\n\n\n<p>Un video se viraliz\u00f3 en las \u00faltimas horas que muestra <strong>a un conductor llevando a un nene a upa mientras conduce por la autopista Ricchieri.<\/strong><\/p>\n\n\n\n<p>La escena fue filmada por un testigo que circulaba por el mismo camino, <strong>quien asegur\u00f3 que si bien intent\u00f3 advertirle la peligrosidad de su accionar, no logr\u00f3 ser escuchado ya que el veh\u00edculo iba a alta velocidad y con m\u00fasica encendida.<\/strong><\/p>\n\n\n\n<p><strong>\u00abBoludo, llevalo derechito\u00bb<\/strong>: le sacaron la licencia al hombre que hizo manejar a su hijo por la autopista<br>Seg\u00fan relat\u00f3 el autor de la filmaci\u00f3n en di\u00e1logo con TN, la secuencia comenz\u00f3 en Camino de Cintura, a la altura de la localidad bonaerense de Lomas de Zamora. \u201cVimos al chiquito manejando, baj\u00e9 la ventana para decirle algo y no me dio bola\u201d, cont\u00f3.<\/p>\n\n\n\n<p>En las im\u00e1genes, que no tardaron en viralizarse, puede verse al conductor del BMW 320 negro con el peque\u00f1o sentado sobre sus piernas, muy cerca del volante y sin cintur\u00f3n de seguridad.<\/p>\n\n\n\n<p><strong>\u00abLlam\u00e9 al 911, pero justo cuando estaba por cruzar el peaje de la Ricchieri se baj\u00f3 de la autopista y lo perd\u00ed de vista cuando sigui\u00f3 por la avenida General Paz\u201d,<\/strong> continu\u00f3 relatando el denunciante, y a\u00f1adi\u00f3: \u201cIba a m\u00e1s de 100 km\/h y no lo pod\u00eda alcanzar\u201d.<\/p>\n\n\n\n<p>Cabe recordar que la forma m\u00e1s segura -y obligatoria- de trasladar a ni\u00f1os menores de 10 a\u00f1os es mediante el uso del Sistema de Retenci\u00f3n Infantil (SRI) o sillita infantil, la cual debe ser acorde a su peso y tama\u00f1o y permanecer siempre colocada en los asientos traseros.<\/p>\n\n\n\n<p>El uso correcto de esta herramienta reduce entre un 50% y 70% las probabilidades de consecuencias mortales ante un siniestro vial. Sin embargo, en Argentina, seg\u00fan datos del Observatorio Vial, solo 3 de cada 10 menores de 10 a\u00f1os circulan con la protecci\u00f3n adecuada.<\/p>\n","protected":false},"excerpt":{"rendered":"<p>Un video se viraliz\u00f3 en las \u00faltimas horas que muestra a un conductor llevando a un nene a upa mientras conduce por la autopista Ricchieri. La escena fue filmada por un testigo que circulaba por el mismo camino, quien asegur\u00f3 que si bien intent\u00f3 advertirle la peligrosidad de su accionar, no logr\u00f3 ser escuchado ya&hellip;<\/p>\n","protected":false},"author":1,"featured_media":120048,"comment_status":"open","ping_status":"open","sticky":false,"template":"","format":"standard","meta":{"footnotes":""},"categories":[6],"tags":[22585,13201,2450,744,39417],"class_list":["post-120047","post","type-post","status-publish","format-standard","has-post-thumbnail","hentry","category-denuncias","tag-autopista-riccheri","tag-camino-de-cintura","tag-diario-el-sindical","tag-lomas-de-zamora","tag-sri"],"_links":{"self":[{"href":"https:\/\/www.elsindical.com.ar\/notas\/wp-json\/wp\/v2\/posts\/120047","targetHints":{"allow":["GET"]}}],"collection":[{"href":"https:\/\/www.elsindical.com.ar\/notas\/wp-json\/wp\/v2\/posts"}],"about":[{"href":"https:\/\/www.elsindical.com.ar\/notas\/wp-json\/wp\/v2\/types\/post"}],"author":[{"embeddable":true,"href":"https:\/\/www.elsindical.com.ar\/notas\/wp-json\/wp\/v2\/users\/1"}],"replies":[{"embeddable":true,"href":"https:\/\/www.elsindical.com.ar\/notas\/wp-json\/wp\/v2\/comments?post=120047"}],"version-history":[{"count":1,"href":"https:\/\/www.elsindical.com.ar\/notas\/wp-json\/wp\/v2\/posts\/120047\/revisions"}],"predecessor-version":[{"id":120049,"href":"https:\/\/www.elsindical.com.ar\/notas\/wp-json\/wp\/v2\/posts\/120047\/revisions\/120049"}],"wp:featuredmedia":[{"embeddable":true,"href":"https:\/\/www.elsindical.com.ar\/notas\/wp-json\/wp\/v2\/media\/120048"}],"wp:attachment":[{"href":"https:\/\/www.elsindical.com.ar\/notas\/wp-json\/wp\/v2\/media?parent=120047"}],"wp:term":[{"taxonomy":"category","embeddable":true,"href":"https:\/\/www.elsindical.com.ar\/notas\/wp-json\/wp\/v2\/categories?post=120047"},{"taxonomy":"post_tag","embeddable":true,"href":"https:\/\/www.elsindical.com.ar\/notas\/wp-json\/wp\/v2\/tags?post=120047"}],"curies":[{"name":"wp","href":"https:\/\/api.w.org\/{rel}","templated":true}]}}