{"id":120044,"date":"2023-01-27T09:38:08","date_gmt":"2023-01-27T12:38:08","guid":{"rendered":"https:\/\/www.elsindical.com.ar\/notas\/?p=120044"},"modified":"2023-01-27T09:38:09","modified_gmt":"2023-01-27T12:38:09","slug":"denuncian-persecucion-y-despidos-masivos-en-la-obra-social-del-personal-de-seguridad","status":"publish","type":"post","link":"https:\/\/www.elsindical.com.ar\/notas\/denuncian-persecucion-y-despidos-masivos-en-la-obra-social-del-personal-de-seguridad\/","title":{"rendered":"Denuncian \u201cpersecuci\u00f3n y despidos masivos\u00bb en la obra social del personal de Seguridad"},"content":{"rendered":"<div class=\"wp-block-image\">\n<figure class=\"aligncenter size-large\"><a href=\"https:\/\/www.elsindical.com.ar\/notas\/var\/www\/html\/notas\/wp-content\/uploads\/2023\/01\/despidos-obra-social-de-seguridad.jpeg\"><img loading=\"lazy\" decoding=\"async\" width=\"1024\" height=\"576\" src=\"https:\/\/www.elsindical.com.ar\/notas\/var\/www\/html\/notas\/wp-content\/uploads\/2023\/01\/despidos-obra-social-de-seguridad-1024x576.jpeg\" alt=\"\" class=\"wp-image-120045\" srcset=\"https:\/\/www.elsindical.com.ar\/notas\/var\/www\/html\/notas\/wp-content\/uploads\/2023\/01\/despidos-obra-social-de-seguridad-1024x576.jpeg 1024w, https:\/\/www.elsindical.com.ar\/notas\/var\/www\/html\/notas\/wp-content\/uploads\/2023\/01\/despidos-obra-social-de-seguridad-300x169.jpeg 300w, https:\/\/www.elsindical.com.ar\/notas\/var\/www\/html\/notas\/wp-content\/uploads\/2023\/01\/despidos-obra-social-de-seguridad-768x432.jpeg 768w, https:\/\/www.elsindical.com.ar\/notas\/var\/www\/html\/notas\/wp-content\/uploads\/2023\/01\/despidos-obra-social-de-seguridad-500x281.jpeg 500w, https:\/\/www.elsindical.com.ar\/notas\/var\/www\/html\/notas\/wp-content\/uploads\/2023\/01\/despidos-obra-social-de-seguridad-460x260.jpeg 460w, https:\/\/www.elsindical.com.ar\/notas\/var\/www\/html\/notas\/wp-content\/uploads\/2023\/01\/despidos-obra-social-de-seguridad.jpeg 1032w\" sizes=\"auto, (max-width: 1024px) 100vw, 1024px\" \/><\/a><\/figure>\n<\/div>\n\n\n<p>La Uni\u00f3n Personal de Seguridad (Upsra), que lidera Angel Garc\u00eda, denunci\u00f3 \u00abla escandalosa situaci\u00f3n de persecuci\u00f3n y despidos masivos dispuestos por la Obra Social del Personal de Seguridad Comercial, Industrial e Investigaciones Privadas (Ospsip) que encabeza el interventor Sigifredo Jorge Benegas\u00bb.<\/p>\n\n\n\n<p><strong>M\u00e1s de 1200 afiliados a la obra social marcharon a la Superintendencia de Salud en reclamo de los despidos de empleados de las regionales de todo el pa\u00eds.<\/strong><\/p>\n\n\n\n<p>\u201cLa intervenci\u00f3n de Sigifredo Jorge Banegas, en cuatro meses del gesti\u00f3n en la obra social, ya despidi\u00f3, sin causa justificada, a un centenar de compa\u00f1eros. Los trabajadores de nuestro gremio est\u00e1n sin prestaciones, no tienen farmacia ni cl\u00ednicas\u201d, afirm\u00f3 Emanuel Ag\u00fcero, delegado la Regional Lomas de Zamora del Upsra.<\/p>\n\n\n\n<p><strong>El dirigente agreg\u00f3 que el interventor Banegas bloque\u00f3 los correos electr\u00f3nicos de las delegaciones de la obra social en el interior y los afiliados tienen que dirigirse a la sede central para cualquier tr\u00e1mite.<\/strong><\/p>\n\n\n\n<p>El gremio entreg\u00f3 este jueves una carta con los reclamos en la sede de la Superintendencia y pidieron una reuni\u00f3n con la ministra de Trabajo, Kelly Olmos, para plantear la reincorporaci\u00f3n inmediata de los trabajadores despedidos.<\/p>\n\n\n\n<p>\u201cEl macrismo nos intervino el gremio y este Gobierno por un DNU intervino la obra social y coloc\u00f3 a (Sigifredo Jorge) Banegas que empeor\u00f3 todo. Y detr\u00e1s de \u00e9l est\u00e1 Luis Barrionuevo, que se quiere quedar con nuestro sindicato\u201d, denunci\u00f3 Ag\u00fcero.<\/p>\n\n\n\n<p>Desde el gremio, adem\u00e1s, anunciaron que plantear\u00e1n, de ser necesarios, embargos ya que los trabajadores despedidos no fueron indemnizados.<\/p>\n\n\n\n<p>En una nota firmada por la apoderada del sindicato, Celeste Ferrara, y dirigida a la ministra de Trabajo, Raquel Olmos, la organizaci\u00f3n denunci\u00f3 \u00abpersecuci\u00f3n y despidos masivos en la obra social de la actividad por el interventor Benegas\u00bb, y solicit\u00f3 que de forma urgente las autoridades laborales convoquen a una audiencia de conciliaci\u00f3n.<\/p>\n\n\n\n<p>Un documento de la Upsra reclam\u00f3 a Trabajo una urgente audiencia para que \u00abse respeten los derechos de los trabajadores y se eviten medidas de acci\u00f3n directa\u00bb.<\/p>\n\n\n\n<p><strong>\u00abLA INTERVENCI\u00d3N VINO A DESPEDIR TRABAJADORES\u00bb<\/strong><\/p>\n\n\n\n<p>\u00abLa intervenci\u00f3n a cargo de Benegas solo vino a despedir trabajadores, en una clara evidencia de revanchismo pol\u00edtico y vulneraci\u00f3n del orden laboral vigente\u00bb, sostuvo Ferrara en una nota enviada hoy a la ministra de Trabajo, Raquel Olmos.<\/p>\n\n\n\n<p>La apoderada sostuvo adem\u00e1s que desde la asunci\u00f3n de la intervenci\u00f3n en la obra social, en septiembre \u00faltimo, solo hubo despidos de m\u00e1s de 100 trabajadores, en lugar de ofrecer salud a los afiliados, que es para \u00ablo que Benegas fue nombrado\u00bb.<\/p>\n\n\n\n<p><strong>La nota fue publicada en las redes sociales del gremio, y a\u00f1adi\u00f3 que \u00abla gran mayor\u00eda de los cesanteados tiene una importante trayectoria y antig\u00fcedad en la obra social y un ejemplar desempe\u00f1o, y son afiliados representados por la conducci\u00f3n de la Upsra\u00bb.<\/strong><\/p>\n\n\n\n<p>Ferrara enfatiz\u00f3 que \u00abla gravedad de los hechos radica en dejar sin trabajo a gran cantidad de personas de forma injusta y en que de manera artera y mendaz se utilizan falsas causales de despido -similares o iguales- bajo el pueril argumento de ausencias injustificadas por no presentarse a cumplir tareas\u00bb, y resalt\u00f3 que \u00abel personal lo hace normal y habitualmente, pero recibi\u00f3 las misivas rescisorias sin sentido alguno\u00bb.<\/p>\n\n\n\n<p>\u00abEl repulsivo actuar del interventor tiene como \u00fanico objetivo no pagar las indemnizaciones de ley y dejar a m\u00e1s de 100 familias en estado de necesidad, sin raz\u00f3n alguna. La anterior intervenci\u00f3n evalu\u00f3 al mismo personal y no advirti\u00f3 sin embargo ning\u00fan tipo de problema laboral en su desempe\u00f1o diario\u00bb, concluy\u00f3.<\/p>\n\n\n\n<p>La Upsra es el sindicato mayoritario de la actividad, tiene reconocimiento legal y determina el pulso salarial para los vigiladores privados del pa\u00eds en las paritarias.<\/p>\n","protected":false},"excerpt":{"rendered":"<p>La Uni\u00f3n Personal de Seguridad (Upsra), que lidera Angel Garc\u00eda, denunci\u00f3 \u00abla escandalosa situaci\u00f3n de persecuci\u00f3n y despidos masivos dispuestos por la Obra Social del Personal de Seguridad Comercial, Industrial e Investigaciones Privadas (Ospsip) que encabeza el interventor Sigifredo Jorge Benegas\u00bb. M\u00e1s de 1200 afiliados a la obra social marcharon a la Superintendencia de Salud&hellip;<\/p>\n","protected":false},"author":1,"featured_media":120045,"comment_status":"open","ping_status":"open","sticky":false,"template":"","format":"standard","meta":{"footnotes":""},"categories":[6,16],"tags":[2450,2187,22028,39374,39416,19755],"class_list":["post-120044","post","type-post","status-publish","format-standard","has-post-thumbnail","hentry","category-denuncias","category-gremiales","tag-diario-el-sindical","tag-dnu","tag-gremiales","tag-ospsip","tag-sigifredo-jorge-benegas","tag-upsra"],"_links":{"self":[{"href":"https:\/\/www.elsindical.com.ar\/notas\/wp-json\/wp\/v2\/posts\/120044","targetHints":{"allow":["GET"]}}],"collection":[{"href":"https:\/\/www.elsindical.com.ar\/notas\/wp-json\/wp\/v2\/posts"}],"about":[{"href":"https:\/\/www.elsindical.com.ar\/notas\/wp-json\/wp\/v2\/types\/post"}],"author":[{"embeddable":true,"href":"https:\/\/www.elsindical.com.ar\/notas\/wp-json\/wp\/v2\/users\/1"}],"replies":[{"embeddable":true,"href":"https:\/\/www.elsindical.com.ar\/notas\/wp-json\/wp\/v2\/comments?post=120044"}],"version-history":[{"count":1,"href":"https:\/\/www.elsindical.com.ar\/notas\/wp-json\/wp\/v2\/posts\/120044\/revisions"}],"predecessor-version":[{"id":120046,"href":"https:\/\/www.elsindical.com.ar\/notas\/wp-json\/wp\/v2\/posts\/120044\/revisions\/120046"}],"wp:featuredmedia":[{"embeddable":true,"href":"https:\/\/www.elsindical.com.ar\/notas\/wp-json\/wp\/v2\/media\/120045"}],"wp:attachment":[{"href":"https:\/\/www.elsindical.com.ar\/notas\/wp-json\/wp\/v2\/media?parent=120044"}],"wp:term":[{"taxonomy":"category","embeddable":true,"href":"https:\/\/www.elsindical.com.ar\/notas\/wp-json\/wp\/v2\/categories?post=120044"},{"taxonomy":"post_tag","embeddable":true,"href":"https:\/\/www.elsindical.com.ar\/notas\/wp-json\/wp\/v2\/tags?post=120044"}],"curies":[{"name":"wp","href":"https:\/\/api.w.org\/{rel}","templated":true}]}}