{"id":120041,"date":"2023-01-27T09:33:57","date_gmt":"2023-01-27T12:33:57","guid":{"rendered":"https:\/\/www.elsindical.com.ar\/notas\/?p=120041"},"modified":"2023-01-27T09:33:58","modified_gmt":"2023-01-27T12:33:58","slug":"quilmes-asaltaron-y-quemaron-a-una-pareja-de-ancianos-en-una-escalada-de-inseguridad","status":"publish","type":"post","link":"https:\/\/www.elsindical.com.ar\/notas\/quilmes-asaltaron-y-quemaron-a-una-pareja-de-ancianos-en-una-escalada-de-inseguridad\/","title":{"rendered":"Quilmes: Asaltaron y quemaron a una pareja de ancianos en una escalada de inseguridad"},"content":{"rendered":"<div class=\"wp-block-image\">\n<figure class=\"aligncenter size-full\"><a href=\"https:\/\/www.elsindical.com.ar\/notas\/var\/www\/html\/notas\/wp-content\/uploads\/2023\/01\/Quilmes-inseguridad.png\"><img loading=\"lazy\" decoding=\"async\" width=\"737\" height=\"422\" src=\"https:\/\/www.elsindical.com.ar\/notas\/var\/www\/html\/notas\/wp-content\/uploads\/2023\/01\/Quilmes-inseguridad.png\" alt=\"\" class=\"wp-image-120042\" srcset=\"https:\/\/www.elsindical.com.ar\/notas\/var\/www\/html\/notas\/wp-content\/uploads\/2023\/01\/Quilmes-inseguridad.png 737w, https:\/\/www.elsindical.com.ar\/notas\/var\/www\/html\/notas\/wp-content\/uploads\/2023\/01\/Quilmes-inseguridad-300x172.png 300w, https:\/\/www.elsindical.com.ar\/notas\/var\/www\/html\/notas\/wp-content\/uploads\/2023\/01\/Quilmes-inseguridad-500x286.png 500w, https:\/\/www.elsindical.com.ar\/notas\/var\/www\/html\/notas\/wp-content\/uploads\/2023\/01\/Quilmes-inseguridad-220x126.png 220w\" sizes=\"auto, (max-width: 737px) 100vw, 737px\" \/><\/a><\/figure>\n<\/div>\n\n\n<p>Dos delincuentes armados golpearon salvajemente y le produjeron quemaduras a una pareja ancianos para llevarse todo lo que ten\u00edan en su casa. El hecho ocurri\u00f3 en una vivienda de Quilmes Oeste.<\/p>\n\n\n\n<p>Seg\u00fan trascendi\u00f3, el violento robo tuvo lugar en una casa ubicada en Laprida, a pocos metros de Marconi, en Quilmes.<\/p>\n\n\n\n<p><strong>Al menos dos delincuentes irrumpieron en la vivienda habitada por una pareja de ancianos. R\u00e1pidamente los ataron y comenzaron a revolver toda la casa para llevarse objetos de valor.<\/strong><\/p>\n\n\n\n<p>Con el fin de que no gritaran, los delincuentes los amenazaban de muerte. En el caso del anciano, lo golpearon y le produjeron quemaduras con una plancha.<\/p>\n\n\n\n<p>Cuando los ladrones escaparon, las v\u00edctimas pidieron auxilio y fueron rescatadas por los vecinos. Ambulancias del SAME llegaron al lugar y trasladaron a la pareja a un centro asistencia de esa zona de Quilmes.<\/p>\n\n\n\n<p>No trascendi\u00f3 con detalle el bot\u00edn del robo pero se estima que los malvivientes se llevaron dinero en efectivo de la pareja y algunos objetos de valor que hab\u00eda en la vivienda de Quilmes Oeste.<\/p>\n","protected":false},"excerpt":{"rendered":"<p>Dos delincuentes armados golpearon salvajemente y le produjeron quemaduras a una pareja ancianos para llevarse todo lo que ten\u00edan en su casa. El hecho ocurri\u00f3 en una vivienda de Quilmes Oeste. Seg\u00fan trascendi\u00f3, el violento robo tuvo lugar en una casa ubicada en Laprida, a pocos metros de Marconi, en Quilmes. Al menos dos delincuentes&hellip;<\/p>\n","protected":false},"author":1,"featured_media":120042,"comment_status":"open","ping_status":"open","sticky":false,"template":"","format":"standard","meta":{"footnotes":""},"categories":[22],"tags":[3842,2450,984,30,2007,684],"class_list":["post-120041","post","type-post","status-publish","format-standard","has-post-thumbnail","hentry","category-policiales","tag-ancianos","tag-diario-el-sindical","tag-inseguridad","tag-policia","tag-quemaduras","tag-quilmes"],"_links":{"self":[{"href":"https:\/\/www.elsindical.com.ar\/notas\/wp-json\/wp\/v2\/posts\/120041","targetHints":{"allow":["GET"]}}],"collection":[{"href":"https:\/\/www.elsindical.com.ar\/notas\/wp-json\/wp\/v2\/posts"}],"about":[{"href":"https:\/\/www.elsindical.com.ar\/notas\/wp-json\/wp\/v2\/types\/post"}],"author":[{"embeddable":true,"href":"https:\/\/www.elsindical.com.ar\/notas\/wp-json\/wp\/v2\/users\/1"}],"replies":[{"embeddable":true,"href":"https:\/\/www.elsindical.com.ar\/notas\/wp-json\/wp\/v2\/comments?post=120041"}],"version-history":[{"count":1,"href":"https:\/\/www.elsindical.com.ar\/notas\/wp-json\/wp\/v2\/posts\/120041\/revisions"}],"predecessor-version":[{"id":120043,"href":"https:\/\/www.elsindical.com.ar\/notas\/wp-json\/wp\/v2\/posts\/120041\/revisions\/120043"}],"wp:featuredmedia":[{"embeddable":true,"href":"https:\/\/www.elsindical.com.ar\/notas\/wp-json\/wp\/v2\/media\/120042"}],"wp:attachment":[{"href":"https:\/\/www.elsindical.com.ar\/notas\/wp-json\/wp\/v2\/media?parent=120041"}],"wp:term":[{"taxonomy":"category","embeddable":true,"href":"https:\/\/www.elsindical.com.ar\/notas\/wp-json\/wp\/v2\/categories?post=120041"},{"taxonomy":"post_tag","embeddable":true,"href":"https:\/\/www.elsindical.com.ar\/notas\/wp-json\/wp\/v2\/tags?post=120041"}],"curies":[{"name":"wp","href":"https:\/\/api.w.org\/{rel}","templated":true}]}}