{"id":119961,"date":"2023-01-24T15:08:46","date_gmt":"2023-01-24T18:08:46","guid":{"rendered":"https:\/\/www.elsindical.com.ar\/notas\/?p=119961"},"modified":"2023-01-24T15:08:46","modified_gmt":"2023-01-24T18:08:46","slug":"maximiliano-gallucci-un-chirolita-sin-verguenza","status":"publish","type":"post","link":"https:\/\/www.elsindical.com.ar\/notas\/maximiliano-gallucci-un-chirolita-sin-verguenza\/","title":{"rendered":"Maximiliano Gallucci un \u00abchirolita\u00bb sin verg\u00fcenza"},"content":{"rendered":"<div class=\"wp-block-image\">\n<figure class=\"aligncenter size-full\"><a href=\"https:\/\/www.elsindical.com.ar\/notas\/var\/www\/html\/notas\/wp-content\/uploads\/2023\/01\/Maximiliano-G.jpg\"><img loading=\"lazy\" decoding=\"async\" width=\"400\" height=\"504\" src=\"https:\/\/www.elsindical.com.ar\/notas\/var\/www\/html\/notas\/wp-content\/uploads\/2023\/01\/Maximiliano-G.jpg\" alt=\"\" class=\"wp-image-119962\" srcset=\"https:\/\/www.elsindical.com.ar\/notas\/var\/www\/html\/notas\/wp-content\/uploads\/2023\/01\/Maximiliano-G.jpg 400w, https:\/\/www.elsindical.com.ar\/notas\/var\/www\/html\/notas\/wp-content\/uploads\/2023\/01\/Maximiliano-G-238x300.jpg 238w\" sizes=\"auto, (max-width: 400px) 100vw, 400px\" \/><\/a><\/figure>\n<\/div>\n\n\n<p>   Y Gallucci sigue con la campa\u00f1a de hablar porque tiene boca y sin miedo al rid\u00edculo, sigue con sus declaraciones rid\u00edculas y mentirosas. Ahora repitiendo los disparates de Patricia Bullrich que habla de ser buchona de la DEA, pero se olvida de los v\u00ednculos de marcos con macristas y aportes e inversiones que recibieron.<\/p>\n\n\n\n<p>El referente del PRO, se mostr\u00f3 en contra de que est\u00e9n en el pa\u00eds los mandatarios de Venezuela, Cuba y Nicaragua, <strong>\u201cporque hay condenar siempre los hechos en contra de las democracias en el mundo\u201d.<\/strong><\/p>\n\n\n\n<p>El presidente del bloque de concejales de Juntos en Avellaneda, Maximiliano Gallucci, habl\u00f3 sobre el comunicado que sacaron en el PRO local repudiando la llegada en el marco de la Cumbre de Jefas y Jefes de Estado y de Gobierno de la Comunidad de Estados Latinoamericanos y Caribe\u00f1os (CELAC) a los presidentes de Venezuela, Cuba y Nicaragua.<\/p>\n\n\n\n<p>Hay Maximiliano, lo tuyo es pat\u00e9tico, decir ahora que siempre hay que condenar los hechos contra las democracias te deja como un completo imb\u00e9cil, cuando fue el golpe de Estado en Bolivia, vos, eras triple funcionario del gobierno que mand\u00f3 insumos y armas a Bolivia apoyando la represi\u00f3n al pueblo, \u00bfte falla la memoria? adem\u00e1s de carecer de verg\u00fcenza.<\/p>\n\n\n\n<p><strong><em>\u201cEstamos en desacuerdo que est\u00e9n en el pa\u00eds el presidente de Venezuela, Nicol\u00e1s Maduro, el de Cuba, Miguel D\u00edaz-Canel y el de Nicaragua, Daniel Ortega. En ninguno de los tres existe la democracia y est\u00e1 comprobado por las Naciones Unidas que son los que lo plantean, m\u00e1s all\u00e1 de las posturas que haga el Gobierno nacional en base a cada una de las cuestiones\u201d.<\/em><\/strong><\/p>\n\n\n\n<p>Y agreg\u00f3: <strong><em>\u201cLos organismos internacionales son los que establecen que en ninguno de esos tres pa\u00edses tenes una democracia real, nosotros siempre planteamos esa postura y entendemos que el Gobierno tendr\u00eda que haber actuado de otra manera distinta, con los que siempre est\u00e1n a favor de las democracias, m\u00e1s all\u00e1 de que color pol\u00edtico o sector ideol\u00f3gico sea, una democracia siempre es lo m\u00e1s positiva\u201d.<\/em><\/strong><\/p>\n\n\n\n<p><strong><em>\u201cLa democracia es donde elige el pueblo, en estos lugares vemos que no la tenes, que tenes una oposici\u00f3n que esta proscripta de verdad, donde tenes amenazas, arrestos y en muchos casos hasta asesinatos de opositores, claramente no funciona el sistema democr\u00e1tico\u201d<\/em><\/strong>.<\/p>\n\n\n\n<p>Le guste o no, como abogado sus argumentos adem\u00e1s de falaces, est\u00e1n flojitos de contenido, Venezuela tiene un gobierno votado y s\u00ed a \u00e9l le consta que no es as\u00ed, que describa los motivos por los cuales no es un gobierno elegido, pero debo insistir, no dijo nada de la legalidad del gobierno de Bolivia que termin\u00f3 con su ex presidenta en la c\u00e1rcel con una dura condena.<\/p>\n\n\n\n<p>Cuando habla de un gobierno que proscribe, persigue, amenaza y arresta se parece mucho al gobierno de Mauricio Macri y de Mar\u00eda Eugenia Vidal con su red de espionaje y causas armadas, como siempre, Gallucci es un piantavotos, su limitada capacidad para generar una entrevista pol\u00edtica \u00fatil lo lleva a ser un payaso de la pol\u00edtica.<\/p>\n\n\n\n<p><\/p>\n\n\n\n<p>Por Marcelo Ricardo Hawrylciw<\/p>\n","protected":false},"excerpt":{"rendered":"<p>Y Gallucci sigue con la campa\u00f1a de hablar porque tiene boca y sin miedo al rid\u00edculo, sigue con sus declaraciones rid\u00edculas y mentirosas. Ahora repitiendo los disparates de Patricia Bullrich que habla de ser buchona de la DEA, pero se olvida de los v\u00ednculos de marcos con macristas y aportes e inversiones que recibieron. El&hellip;<\/p>\n","protected":false},"author":1,"featured_media":119962,"comment_status":"open","ping_status":"open","sticky":false,"template":"","format":"standard","meta":{"footnotes":""},"categories":[10],"tags":[1141,39381,1091,2450,39382,31885,76,23213,1241,328],"class_list":["post-119961","post","type-post","status-publish","format-standard","has-post-thumbnail","hentry","category-editorial","tag-bolivia","tag-celac","tag-democracia","tag-diario-el-sindical","tag-envio-de-armas","tag-jeanine-anez-2","tag-mauricio-macri","tag-maximiliano-galucci","tag-patricia-bullrich","tag-pro"],"_links":{"self":[{"href":"https:\/\/www.elsindical.com.ar\/notas\/wp-json\/wp\/v2\/posts\/119961","targetHints":{"allow":["GET"]}}],"collection":[{"href":"https:\/\/www.elsindical.com.ar\/notas\/wp-json\/wp\/v2\/posts"}],"about":[{"href":"https:\/\/www.elsindical.com.ar\/notas\/wp-json\/wp\/v2\/types\/post"}],"author":[{"embeddable":true,"href":"https:\/\/www.elsindical.com.ar\/notas\/wp-json\/wp\/v2\/users\/1"}],"replies":[{"embeddable":true,"href":"https:\/\/www.elsindical.com.ar\/notas\/wp-json\/wp\/v2\/comments?post=119961"}],"version-history":[{"count":1,"href":"https:\/\/www.elsindical.com.ar\/notas\/wp-json\/wp\/v2\/posts\/119961\/revisions"}],"predecessor-version":[{"id":119963,"href":"https:\/\/www.elsindical.com.ar\/notas\/wp-json\/wp\/v2\/posts\/119961\/revisions\/119963"}],"wp:featuredmedia":[{"embeddable":true,"href":"https:\/\/www.elsindical.com.ar\/notas\/wp-json\/wp\/v2\/media\/119962"}],"wp:attachment":[{"href":"https:\/\/www.elsindical.com.ar\/notas\/wp-json\/wp\/v2\/media?parent=119961"}],"wp:term":[{"taxonomy":"category","embeddable":true,"href":"https:\/\/www.elsindical.com.ar\/notas\/wp-json\/wp\/v2\/categories?post=119961"},{"taxonomy":"post_tag","embeddable":true,"href":"https:\/\/www.elsindical.com.ar\/notas\/wp-json\/wp\/v2\/tags?post=119961"}],"curies":[{"name":"wp","href":"https:\/\/api.w.org\/{rel}","templated":true}]}}