{"id":119956,"date":"2023-01-24T09:46:06","date_gmt":"2023-01-24T12:46:06","guid":{"rendered":"https:\/\/www.elsindical.com.ar\/notas\/?p=119956"},"modified":"2023-01-24T10:18:38","modified_gmt":"2023-01-24T13:18:38","slug":"preocupacion-por-la-falta-de-resolucion-del-conflicto-en-la-empresa-desdelsur-s-a","status":"publish","type":"post","link":"https:\/\/www.elsindical.com.ar\/notas\/preocupacion-por-la-falta-de-resolucion-del-conflicto-en-la-empresa-desdelsur-s-a\/","title":{"rendered":"Z\u00e1rate: Preocupaci\u00f3n por la falta de resoluci\u00f3n del conflicto en la empresa DESDELSUR S.A."},"content":{"rendered":"\n<figure class=\"wp-block-image size-large\"><a href=\"https:\/\/www.elsindical.com.ar\/notas\/var\/www\/html\/notas\/wp-content\/uploads\/2023\/01\/conflicto-Desdelsur-1.jpeg\"><img loading=\"lazy\" decoding=\"async\" width=\"1024\" height=\"769\" src=\"https:\/\/www.elsindical.com.ar\/notas\/var\/www\/html\/notas\/wp-content\/uploads\/2023\/01\/conflicto-Desdelsur-1-1024x769.jpeg\" alt=\"\" class=\"wp-image-119957\" srcset=\"https:\/\/www.elsindical.com.ar\/notas\/var\/www\/html\/notas\/wp-content\/uploads\/2023\/01\/conflicto-Desdelsur-1-1024x769.jpeg 1024w, https:\/\/www.elsindical.com.ar\/notas\/var\/www\/html\/notas\/wp-content\/uploads\/2023\/01\/conflicto-Desdelsur-1-300x225.jpeg 300w, https:\/\/www.elsindical.com.ar\/notas\/var\/www\/html\/notas\/wp-content\/uploads\/2023\/01\/conflicto-Desdelsur-1-768x577.jpeg 768w, https:\/\/www.elsindical.com.ar\/notas\/var\/www\/html\/notas\/wp-content\/uploads\/2023\/01\/conflicto-Desdelsur-1-400x300.jpeg 400w, https:\/\/www.elsindical.com.ar\/notas\/var\/www\/html\/notas\/wp-content\/uploads\/2023\/01\/conflicto-Desdelsur-1.jpeg 1156w\" sizes=\"auto, (max-width: 1024px) 100vw, 1024px\" \/><\/a><\/figure>\n\n\n\n<p>La Uni\u00f3n de Recibidores de Granos y Anexos de la Rep\u00fablica Argentina (URGARA) expres\u00f3 su solidaridad con los trabajadores despedidos de DESDELSUR S.A., quienes solicitan, desde hace m\u00e1s de cinco meses, su reincorporaci\u00f3n y la correcta aplicaci\u00f3n del Convenio Colectivo de Trabajo conforme la actividad que efect\u00faa la empresa y las tareas que realizan en el establecimiento, ubicado en Parque Industrial de Z\u00e1rate, provincia de Buenos Aires.<\/p>\n\n\n\n<p>As\u00ed, el gremio liderado por Pablo Palacio sostuvo en un comunicado de prensa su preocupaci\u00f3n por la falta de acci\u00f3n del Ministerio de Trabajo, tanto de la Provincia de Buenos Aires como de la Naci\u00f3n y solicit\u00f3 su inmediata intervenci\u00f3n. \u201cSorprende la actuaci\u00f3n de las Carteras Laborales, tanto de Provincia como de Naci\u00f3n, quienes tienen la obligaci\u00f3n de actuar ante un conflicto y ante la denuncia directa de abusos y actitudes antijur\u00eddicas por parte de DESDELSUR para con sus empleados, dejando sin el pan a m\u00e1s de 20 familias\u201d, afirmaron.<\/p>\n\n\n\n<p>Adem\u00e1s, en ese sentido expresaron: \u201cRealmente el desprecio y la desidia, por parte de los responsables de la empresa para con sus empleados ha llegado a extremos nunca antes visto, recibiendo maltratos, condiciones indignas de trabajo y salario pobres que no se ajustan a ning\u00fan convenio o normativa salarial, atentando contra la dignidad de cada uno de ellos y sus familias\u201d.<\/p>\n\n\n\n<p>Cabe resaltar que, en el mes de octubre del 2022, la URGARA inici\u00f3 un paro en plantas de todo el pa\u00eds ante el incumplimiento, de manera arbitraria e ileg\u00edtima, con la Convenci\u00f3n Colectiva de Trabajo 574\/10 Rama Acopios y la falta de respuestas por parte de la empresa. \u201cDesde URGARA nos hemos solidarizado con ellos desde el inicio y seguiremos haci\u00e9ndolo hasta que la voluntad de los mismos nos siga convocando\u201d, resaltaron y agregaron: \u201cA lo \u00faltimo que se debe renunciar desde lo gremial es a la obligaci\u00f3n de proteger derechos de trabajadores que reclaman dignidad, respeto y salarios justos\u201d.<\/p>\n\n\n\n<p>URGARA integra la Federaci\u00f3n Mar\u00edtima, Portuaria y de la Industria Naval de la Rep\u00fablica Argentina (FeMPINRA) y la Confederaci\u00f3n Argentina de Trabajadores del Transporte (CATT).<\/p>\n\n\n\n<figure class=\"wp-block-embed is-type-video is-provider-youtube wp-block-embed-youtube wp-embed-aspect-16-9 wp-has-aspect-ratio\"><div class=\"wp-block-embed__wrapper\">\n<iframe loading=\"lazy\" title=\"Desdelsur conflicto gremial\" width=\"700\" height=\"394\" src=\"https:\/\/www.youtube.com\/embed\/qtiDgAuNsRg?feature=oembed\" frameborder=\"0\" allow=\"accelerometer; autoplay; clipboard-write; encrypted-media; gyroscope; picture-in-picture; web-share\" allowfullscreen><\/iframe>\n<\/div><\/figure>\n","protected":false},"excerpt":{"rendered":"<p>La Uni\u00f3n de Recibidores de Granos y Anexos de la Rep\u00fablica Argentina (URGARA) expres\u00f3 su solidaridad con los trabajadores despedidos de DESDELSUR S.A., quienes solicitan, desde hace m\u00e1s de cinco meses, su reincorporaci\u00f3n y la correcta aplicaci\u00f3n del Convenio Colectivo de Trabajo conforme la actividad que efect\u00faa la empresa y las tareas que realizan en&hellip;<\/p>\n","protected":false},"author":1,"featured_media":119957,"comment_status":"open","ping_status":"open","sticky":false,"template":"","format":"standard","meta":{"footnotes":""},"categories":[16],"tags":[22175,39380,2450,3798,12114,21703],"class_list":["post-119956","post","type-post","status-publish","format-standard","has-post-thumbnail","hentry","category-gremiales","tag-catt","tag-desdelsur-s-a","tag-diario-el-sindical","tag-fempinra","tag-granos","tag-urgara"],"_links":{"self":[{"href":"https:\/\/www.elsindical.com.ar\/notas\/wp-json\/wp\/v2\/posts\/119956","targetHints":{"allow":["GET"]}}],"collection":[{"href":"https:\/\/www.elsindical.com.ar\/notas\/wp-json\/wp\/v2\/posts"}],"about":[{"href":"https:\/\/www.elsindical.com.ar\/notas\/wp-json\/wp\/v2\/types\/post"}],"author":[{"embeddable":true,"href":"https:\/\/www.elsindical.com.ar\/notas\/wp-json\/wp\/v2\/users\/1"}],"replies":[{"embeddable":true,"href":"https:\/\/www.elsindical.com.ar\/notas\/wp-json\/wp\/v2\/comments?post=119956"}],"version-history":[{"count":3,"href":"https:\/\/www.elsindical.com.ar\/notas\/wp-json\/wp\/v2\/posts\/119956\/revisions"}],"predecessor-version":[{"id":119960,"href":"https:\/\/www.elsindical.com.ar\/notas\/wp-json\/wp\/v2\/posts\/119956\/revisions\/119960"}],"wp:featuredmedia":[{"embeddable":true,"href":"https:\/\/www.elsindical.com.ar\/notas\/wp-json\/wp\/v2\/media\/119957"}],"wp:attachment":[{"href":"https:\/\/www.elsindical.com.ar\/notas\/wp-json\/wp\/v2\/media?parent=119956"}],"wp:term":[{"taxonomy":"category","embeddable":true,"href":"https:\/\/www.elsindical.com.ar\/notas\/wp-json\/wp\/v2\/categories?post=119956"},{"taxonomy":"post_tag","embeddable":true,"href":"https:\/\/www.elsindical.com.ar\/notas\/wp-json\/wp\/v2\/tags?post=119956"}],"curies":[{"name":"wp","href":"https:\/\/api.w.org\/{rel}","templated":true}]}}