{"id":119833,"date":"2023-01-19T14:47:50","date_gmt":"2023-01-19T17:47:50","guid":{"rendered":"https:\/\/www.elsindical.com.ar\/notas\/?p=119833"},"modified":"2023-01-19T14:47:50","modified_gmt":"2023-01-19T17:47:50","slug":"cachorro-godoy-la-recompra-de-deuda-es-una-muestra-de-incapacidad-o-de-complicidad-del-gobierno-al-no-ponerle-un-limite-a-los-grupos-economicos","status":"publish","type":"post","link":"https:\/\/www.elsindical.com.ar\/notas\/cachorro-godoy-la-recompra-de-deuda-es-una-muestra-de-incapacidad-o-de-complicidad-del-gobierno-al-no-ponerle-un-limite-a-los-grupos-economicos\/","title":{"rendered":"Cachorro Godoy la Recompra de deuda: \u00abEs una muestra de incapacidad o de complicidad del Gobierno al no ponerle un l\u00edmite a los grupos econ\u00f3micos\u00bb"},"content":{"rendered":"<div class=\"wp-block-image\">\n<figure class=\"aligncenter size-full is-resized\"><a href=\"https:\/\/www.elsindical.com.ar\/notas\/var\/www\/html\/notas\/wp-content\/uploads\/2023\/01\/Cachorro-Gadoy-CTA.jpeg\"><img loading=\"lazy\" decoding=\"async\" src=\"https:\/\/www.elsindical.com.ar\/notas\/var\/www\/html\/notas\/wp-content\/uploads\/2023\/01\/Cachorro-Gadoy-CTA.jpeg\" alt=\"\" class=\"wp-image-119834\" width=\"780\" height=\"441\" srcset=\"https:\/\/www.elsindical.com.ar\/notas\/var\/www\/html\/notas\/wp-content\/uploads\/2023\/01\/Cachorro-Gadoy-CTA.jpeg 600w, https:\/\/www.elsindical.com.ar\/notas\/var\/www\/html\/notas\/wp-content\/uploads\/2023\/01\/Cachorro-Gadoy-CTA-300x170.jpeg 300w, https:\/\/www.elsindical.com.ar\/notas\/var\/www\/html\/notas\/wp-content\/uploads\/2023\/01\/Cachorro-Gadoy-CTA-500x283.jpeg 500w, https:\/\/www.elsindical.com.ar\/notas\/var\/www\/html\/notas\/wp-content\/uploads\/2023\/01\/Cachorro-Gadoy-CTA-460x260.jpeg 460w\" sizes=\"auto, (max-width: 780px) 100vw, 780px\" \/><\/a><\/figure>\n<\/div>\n\n\n<p>Ayer el ministro de Econom\u00eda, Sergio Massa, anunci\u00f3 la recompra de mil millones de d\u00f3lares de deuda externa. Hugo \u201cCachorro\u201d Godoy, Secretario General de ATE y de la CTA, cuestion\u00f3 fuertemente la medida. \u201cEs un barniz, porque la \u00fanica intenci\u00f3n que tiene es seguir dando se\u00f1ales a los grandes grupos econ\u00f3micos y a los sectores financieros, en esta oportunidad, de comprar deuda y supuestamente desendeudarnos\u201d, expres\u00f3.<\/p>\n\n\n\n<figure class=\"wp-block-table\"><table><tbody><tr><td><\/td><td>\u201cEn realidad, m\u00e1s all\u00e1 del discurso del Gobierno, lo que se demuestra es que se siguen utilizando recursos que se generan con el trabajo de los argentinos para el pago de la deuda, en vez de utilizarlos para la reactivaci\u00f3n y distribuci\u00f3n de la riqueza\u201d, apunt\u00f3.<br>En esa l\u00ednea subray\u00f3 que \u201cen el mientras tanto, los salarios de los trabajadores y trabajadoras, y las condiciones laborales siguen empeorando, y el Gobierno sigue siendo incapaz de ponerle un freno a los grupos formadores de precios y a los que fugan divisas de manera descontrolada hacia afuera del pa\u00eds\u201d.<br>\u201cEste anuncio es una muestra de incapacidad o de complicidad del Gobierno al no ponerle un l\u00edmite a los grupos econ\u00f3micos\u201d, sentenci\u00f3 el dirigente sindical. \u201cLa especulaci\u00f3n financiera, con el valor de las divisas extranjeras y el descontrol de precios que sigue dominando en Argentina claramente no se podr\u00e1 controlar con concesiones a esos grandes grupos\u201d.<br>Como alternativa, desde ATE y la CTA plantean que se deben tomar \u201cmedidas m\u00e1s firmes por parte del Estado, con participaci\u00f3n protag\u00f3nica de los sectores populares, fundamentalmente de los movimientos sociales y sindicales, de las peque\u00f1as y medianas empresas, y del movimiento cooperativo\u201d. Esto es algo que \u201cel Gobierno no hace\u201d, indic\u00f3 Godoy, \u201crenunciando as\u00ed a la capacidad de construir fuerza para apoyarse en los sectores populares en lugar de en los sectores trasnacionales que siguen benefici\u00e1ndose con la crisis\u201d, pero adem\u00e1s, \u201cincumpliendo con los compromisos y con el mandato con el que asumi\u00f3 en 2019\u201d.<br>\u201cCuando est\u00e1 en el final de su mandato sigue postergando sus principales responsabilidades que eran terminar con el hambre, investigar la deuda externa y no seguir condicionando los destinos del pa\u00eds a esta deuda impagable\u201d, remat\u00f3 el dirigente.<\/td><\/tr><\/tbody><\/table><\/figure>\n","protected":false},"excerpt":{"rendered":"<p>Ayer el ministro de Econom\u00eda, Sergio Massa, anunci\u00f3 la recompra de mil millones de d\u00f3lares de deuda externa. Hugo \u201cCachorro\u201d Godoy, Secretario General de ATE y de la CTA, cuestion\u00f3 fuertemente la medida. \u201cEs un barniz, porque la \u00fanica intenci\u00f3n que tiene es seguir dando se\u00f1ales a los grandes grupos econ\u00f3micos y a los sectores&hellip;<\/p>\n","protected":false},"author":1,"featured_media":119834,"comment_status":"open","ping_status":"open","sticky":false,"template":"","format":"standard","meta":{"footnotes":""},"categories":[16],"tags":[290,184,1590,2450,22112,3918],"class_list":["post-119833","post","type-post","status-publish","format-standard","has-post-thumbnail","hentry","category-gremiales","tag-ate","tag-cta","tag-deuda","tag-diario-el-sindical","tag-hugo-cachorro-godoy","tag-sergio-massa"],"_links":{"self":[{"href":"https:\/\/www.elsindical.com.ar\/notas\/wp-json\/wp\/v2\/posts\/119833","targetHints":{"allow":["GET"]}}],"collection":[{"href":"https:\/\/www.elsindical.com.ar\/notas\/wp-json\/wp\/v2\/posts"}],"about":[{"href":"https:\/\/www.elsindical.com.ar\/notas\/wp-json\/wp\/v2\/types\/post"}],"author":[{"embeddable":true,"href":"https:\/\/www.elsindical.com.ar\/notas\/wp-json\/wp\/v2\/users\/1"}],"replies":[{"embeddable":true,"href":"https:\/\/www.elsindical.com.ar\/notas\/wp-json\/wp\/v2\/comments?post=119833"}],"version-history":[{"count":1,"href":"https:\/\/www.elsindical.com.ar\/notas\/wp-json\/wp\/v2\/posts\/119833\/revisions"}],"predecessor-version":[{"id":119835,"href":"https:\/\/www.elsindical.com.ar\/notas\/wp-json\/wp\/v2\/posts\/119833\/revisions\/119835"}],"wp:featuredmedia":[{"embeddable":true,"href":"https:\/\/www.elsindical.com.ar\/notas\/wp-json\/wp\/v2\/media\/119834"}],"wp:attachment":[{"href":"https:\/\/www.elsindical.com.ar\/notas\/wp-json\/wp\/v2\/media?parent=119833"}],"wp:term":[{"taxonomy":"category","embeddable":true,"href":"https:\/\/www.elsindical.com.ar\/notas\/wp-json\/wp\/v2\/categories?post=119833"},{"taxonomy":"post_tag","embeddable":true,"href":"https:\/\/www.elsindical.com.ar\/notas\/wp-json\/wp\/v2\/tags?post=119833"}],"curies":[{"name":"wp","href":"https:\/\/api.w.org\/{rel}","templated":true}]}}