{"id":119830,"date":"2023-01-19T11:11:20","date_gmt":"2023-01-19T14:11:20","guid":{"rendered":"https:\/\/www.elsindical.com.ar\/notas\/?p=119830"},"modified":"2023-01-19T11:11:21","modified_gmt":"2023-01-19T14:11:21","slug":"el-banco-piano-no-solicitara-mas-la-fe-de-vida-a-los-que-tengan-hasta-75-anos-cumplidos","status":"publish","type":"post","link":"https:\/\/www.elsindical.com.ar\/notas\/el-banco-piano-no-solicitara-mas-la-fe-de-vida-a-los-que-tengan-hasta-75-anos-cumplidos\/","title":{"rendered":"El Banco Piano no solicitar\u00e1 m\u00e1s la Fe de Vida a los que tengan hasta 75 a\u00f1os cumplidos"},"content":{"rendered":"\n<figure class=\"wp-block-image size-large\"><a href=\"https:\/\/www.elsindical.com.ar\/notas\/var\/www\/html\/notas\/wp-content\/uploads\/2023\/01\/Supervivencia-ANSES-scaled.jpg\"><img loading=\"lazy\" decoding=\"async\" width=\"1024\" height=\"667\" src=\"https:\/\/www.elsindical.com.ar\/notas\/var\/www\/html\/notas\/wp-content\/uploads\/2023\/01\/Supervivencia-ANSES-1024x667.jpg\" alt=\"\" class=\"wp-image-119831\" srcset=\"https:\/\/www.elsindical.com.ar\/notas\/var\/www\/html\/notas\/wp-content\/uploads\/2023\/01\/Supervivencia-ANSES-1024x667.jpg 1024w, https:\/\/www.elsindical.com.ar\/notas\/var\/www\/html\/notas\/wp-content\/uploads\/2023\/01\/Supervivencia-ANSES-300x195.jpg 300w, https:\/\/www.elsindical.com.ar\/notas\/var\/www\/html\/notas\/wp-content\/uploads\/2023\/01\/Supervivencia-ANSES-768x500.jpg 768w, https:\/\/www.elsindical.com.ar\/notas\/var\/www\/html\/notas\/wp-content\/uploads\/2023\/01\/Supervivencia-ANSES-461x300.jpg 461w, https:\/\/www.elsindical.com.ar\/notas\/var\/www\/html\/notas\/wp-content\/uploads\/2023\/01\/Supervivencia-ANSES-1536x1000.jpg 1536w, https:\/\/www.elsindical.com.ar\/notas\/var\/www\/html\/notas\/wp-content\/uploads\/2023\/01\/Supervivencia-ANSES-2048x1333.jpg 2048w\" sizes=\"auto, (max-width: 1024px) 100vw, 1024px\" \/><\/a><\/figure>\n\n\n\n<p>ANSES informa que el Banco Piano ya no solicitar\u00e1 que sus jubiladas y jubilados de hasta 75 a\u00f1os cumplidos realicen el tr\u00e1mite de Fe de Vida.<\/p>\n\n\n\n<p>En ese sentido, y con el objetivo de simplificar la acreditaci\u00f3n de haberes de las jubilaciones y pensiones de ANSES que cobran en dicho banco, quedan eximidos de efectuar dicha gesti\u00f3n todos los nacidos despu\u00e9s del 1\u00ba de enero de 1947, lo que beneficia a m\u00e1s de 150 mil jubilados y pensionados.<\/p>\n\n\n\n<p>Asimismo, la entidad remarc\u00f3 que continuar\u00e1 trabajando en pos de ampliar la cantidad de beneficiarios eximidos de presentar la Fe de Vida, hasta llegar al 100 por ciento de los titulares que cobran all\u00ed.<\/p>\n\n\n\n<p>De esta manera, el Banco Piano se suma a la medida que ya hab\u00edan implementado otros bancos que, a pedido de ANSES, est\u00e1n trabajando en la simplificaci\u00f3n del cobro de haberes para jubilados y pensionados, reforzando su vocaci\u00f3n y dedicaci\u00f3n en la atenci\u00f3n personalizada a los adultos mayores.<\/p>\n\n\n\n<p><strong>Se recuerda que el cambio de boca de pago es libre y se lleva a cabo en la oficina de ANSES m\u00e1s cercana al domicilio.<\/strong><\/p>\n","protected":false},"excerpt":{"rendered":"<p>ANSES informa que el Banco Piano ya no solicitar\u00e1 que sus jubiladas y jubilados de hasta 75 a\u00f1os cumplidos realicen el tr\u00e1mite de Fe de Vida. En ese sentido, y con el objetivo de simplificar la acreditaci\u00f3n de haberes de las jubilaciones y pensiones de ANSES que cobran en dicho banco, quedan eximidos de efectuar&hellip;<\/p>\n","protected":false},"author":1,"featured_media":119831,"comment_status":"open","ping_status":"open","sticky":false,"template":"","format":"standard","meta":{"footnotes":""},"categories":[25],"tags":[80,8846,2450,36522,4910],"class_list":["post-119830","post","type-post","status-publish","format-standard","has-post-thumbnail","hentry","category-sociedad","tag-anses","tag-banco-piano","tag-diario-el-sindical","tag-fe-de-vida","tag-jubilados"],"_links":{"self":[{"href":"https:\/\/www.elsindical.com.ar\/notas\/wp-json\/wp\/v2\/posts\/119830","targetHints":{"allow":["GET"]}}],"collection":[{"href":"https:\/\/www.elsindical.com.ar\/notas\/wp-json\/wp\/v2\/posts"}],"about":[{"href":"https:\/\/www.elsindical.com.ar\/notas\/wp-json\/wp\/v2\/types\/post"}],"author":[{"embeddable":true,"href":"https:\/\/www.elsindical.com.ar\/notas\/wp-json\/wp\/v2\/users\/1"}],"replies":[{"embeddable":true,"href":"https:\/\/www.elsindical.com.ar\/notas\/wp-json\/wp\/v2\/comments?post=119830"}],"version-history":[{"count":1,"href":"https:\/\/www.elsindical.com.ar\/notas\/wp-json\/wp\/v2\/posts\/119830\/revisions"}],"predecessor-version":[{"id":119832,"href":"https:\/\/www.elsindical.com.ar\/notas\/wp-json\/wp\/v2\/posts\/119830\/revisions\/119832"}],"wp:featuredmedia":[{"embeddable":true,"href":"https:\/\/www.elsindical.com.ar\/notas\/wp-json\/wp\/v2\/media\/119831"}],"wp:attachment":[{"href":"https:\/\/www.elsindical.com.ar\/notas\/wp-json\/wp\/v2\/media?parent=119830"}],"wp:term":[{"taxonomy":"category","embeddable":true,"href":"https:\/\/www.elsindical.com.ar\/notas\/wp-json\/wp\/v2\/categories?post=119830"},{"taxonomy":"post_tag","embeddable":true,"href":"https:\/\/www.elsindical.com.ar\/notas\/wp-json\/wp\/v2\/tags?post=119830"}],"curies":[{"name":"wp","href":"https:\/\/api.w.org\/{rel}","templated":true}]}}