{"id":119827,"date":"2023-01-19T11:06:11","date_gmt":"2023-01-19T14:06:11","guid":{"rendered":"https:\/\/www.elsindical.com.ar\/notas\/?p=119827"},"modified":"2023-01-19T11:06:11","modified_gmt":"2023-01-19T14:06:11","slug":"trabajadores-de-megaflex-las-autoridades-municipales-se-comprometieron-a-interceder-en-nuestro-reclamo-por-la-reincorporacion","status":"publish","type":"post","link":"https:\/\/www.elsindical.com.ar\/notas\/trabajadores-de-megaflex-las-autoridades-municipales-se-comprometieron-a-interceder-en-nuestro-reclamo-por-la-reincorporacion\/","title":{"rendered":"Trabajadores de Megaflex: \u00abLas autoridades municipales se comprometieron a interceder en nuestro reclamo por la reincorporaci\u00f3n\u00bb"},"content":{"rendered":"\n<figure class=\"wp-block-image size-large\"><a href=\"https:\/\/www.elsindical.com.ar\/notas\/var\/www\/html\/notas\/wp-content\/uploads\/2023\/01\/trabajadores-de-Megaflex.png\"><img loading=\"lazy\" decoding=\"async\" width=\"1024\" height=\"576\" src=\"https:\/\/www.elsindical.com.ar\/notas\/var\/www\/html\/notas\/wp-content\/uploads\/2023\/01\/trabajadores-de-Megaflex-1024x576.png\" alt=\"\" class=\"wp-image-119828\" srcset=\"https:\/\/www.elsindical.com.ar\/notas\/var\/www\/html\/notas\/wp-content\/uploads\/2023\/01\/trabajadores-de-Megaflex-1024x576.png 1024w, https:\/\/www.elsindical.com.ar\/notas\/var\/www\/html\/notas\/wp-content\/uploads\/2023\/01\/trabajadores-de-Megaflex-300x169.png 300w, https:\/\/www.elsindical.com.ar\/notas\/var\/www\/html\/notas\/wp-content\/uploads\/2023\/01\/trabajadores-de-Megaflex-768x432.png 768w, https:\/\/www.elsindical.com.ar\/notas\/var\/www\/html\/notas\/wp-content\/uploads\/2023\/01\/trabajadores-de-Megaflex-500x281.png 500w, https:\/\/www.elsindical.com.ar\/notas\/var\/www\/html\/notas\/wp-content\/uploads\/2023\/01\/trabajadores-de-Megaflex-460x260.png 460w, https:\/\/www.elsindical.com.ar\/notas\/var\/www\/html\/notas\/wp-content\/uploads\/2023\/01\/trabajadores-de-Megaflex.png 1280w\" sizes=\"auto, (max-width: 1024px) 100vw, 1024px\" \/><\/a><\/figure>\n\n\n\n<p>Este mi\u00e9rcoles, los trabajadores despedidos injustamente por Megaflex, f\u00e1brica l\u00edder en la venta de membranas impermeabilizantes, fuimos recibidos por autoridades del municipio de Alte. Brown en dependencias del Centro de Operaciones y Monitoreos, cito a pocas cuadras del Parque Industrial de Burzaco. En dicha reuni\u00f3n, los representantes del intendente del distrito, Juan Jos\u00e9 Fabiani, quien reemplaza interinamente a Mariano Cascallares, se comprometieron a interceder ante el Ministerio de Trabajo para que este nos reciba e intime a la empresa a cumplir con la legislaci\u00f3n argentina, ya que Megaflex se neg\u00f3 a acatar la conciliaci\u00f3n obligatoria y desoy\u00f3 la orden de la justicia laboral que iba en el mismo sentido.<\/p>\n\n\n\n<p>En la reuni\u00f3n pudimos exponer nuestra situaci\u00f3n: despu\u00e9s de a\u00f1os, incluso d\u00e9cadas de trabajo para esta multinacional, la mayor\u00eda de nosotros estamos \u00abrotos\u00bb, con enfermedades laborales incurables, y que estos problemas de salud fueron generados por las condiciones de trabajo que hay en la f\u00e1brica, que Megaflex se prepara para flexibilizar a\u00fan m\u00e1s. Por eso denunciamos que nuestros despidos son discriminatorios, ilegales y parte de un plan de ataque a nuestro convenio de trabajo.<\/p>\n\n\n\n<p>El municipio no puede permitir que compa\u00f1eros con m\u00e1s de 20 a\u00f1os luego de dejar la salud en la f\u00e1brica, hoy sean tirados a la calle por esta empresa que sigue amasando fortunas en el Parque Industrial de Brown.<\/p>\n\n\n\n<p>La intransigencia de esta empresa, que ahora pertenece al grupo franc\u00e9s Saint Gobain, es inadmisible. Megaflex no puede ser el ejemplo ante la crisis que golpea a las familias obreras. Por eso tambi\u00e9n advertimos al municipio que, de no haber respuesta, hemos decidido impulsar nuevas acciones de lucha, para que nuestro justo reclamo se haga escuchar.<\/p>\n\n\n\n<p>Este reconocimiento del conflicto y el compromiso asumido por la autoridad representante del Intendente del distrito, es un paso adelante en nuestra lucha por la reincorporaci\u00f3n.<\/p>\n\n\n\n<p>Seguiremos unidos y sumando solidaridad de otros trabajadores en esta pelea que no abandonaremos hasta lograr nuestro objetivo de mantener nuestra fuente de trabajo.<\/p>\n","protected":false},"excerpt":{"rendered":"<p>Este mi\u00e9rcoles, los trabajadores despedidos injustamente por Megaflex, f\u00e1brica l\u00edder en la venta de membranas impermeabilizantes, fuimos recibidos por autoridades del municipio de Alte. Brown en dependencias del Centro de Operaciones y Monitoreos, cito a pocas cuadras del Parque Industrial de Burzaco. En dicha reuni\u00f3n, los representantes del intendente del distrito, Juan Jos\u00e9 Fabiani, quien&hellip;<\/p>\n","protected":false},"author":1,"featured_media":119828,"comment_status":"open","ping_status":"open","sticky":false,"template":"","format":"standard","meta":{"footnotes":""},"categories":[25],"tags":[2670,3596,53,2450,16958,38681,257],"class_list":["post-119827","post","type-post","status-publish","format-standard","has-post-thumbnail","hentry","category-sociedad","tag-almirante-brown","tag-burzaco","tag-despidos","tag-diario-el-sindical","tag-mariano-cascallares","tag-megaflex","tag-ministerio-de-trabajo"],"_links":{"self":[{"href":"https:\/\/www.elsindical.com.ar\/notas\/wp-json\/wp\/v2\/posts\/119827","targetHints":{"allow":["GET"]}}],"collection":[{"href":"https:\/\/www.elsindical.com.ar\/notas\/wp-json\/wp\/v2\/posts"}],"about":[{"href":"https:\/\/www.elsindical.com.ar\/notas\/wp-json\/wp\/v2\/types\/post"}],"author":[{"embeddable":true,"href":"https:\/\/www.elsindical.com.ar\/notas\/wp-json\/wp\/v2\/users\/1"}],"replies":[{"embeddable":true,"href":"https:\/\/www.elsindical.com.ar\/notas\/wp-json\/wp\/v2\/comments?post=119827"}],"version-history":[{"count":1,"href":"https:\/\/www.elsindical.com.ar\/notas\/wp-json\/wp\/v2\/posts\/119827\/revisions"}],"predecessor-version":[{"id":119829,"href":"https:\/\/www.elsindical.com.ar\/notas\/wp-json\/wp\/v2\/posts\/119827\/revisions\/119829"}],"wp:featuredmedia":[{"embeddable":true,"href":"https:\/\/www.elsindical.com.ar\/notas\/wp-json\/wp\/v2\/media\/119828"}],"wp:attachment":[{"href":"https:\/\/www.elsindical.com.ar\/notas\/wp-json\/wp\/v2\/media?parent=119827"}],"wp:term":[{"taxonomy":"category","embeddable":true,"href":"https:\/\/www.elsindical.com.ar\/notas\/wp-json\/wp\/v2\/categories?post=119827"},{"taxonomy":"post_tag","embeddable":true,"href":"https:\/\/www.elsindical.com.ar\/notas\/wp-json\/wp\/v2\/tags?post=119827"}],"curies":[{"name":"wp","href":"https:\/\/api.w.org\/{rel}","templated":true}]}}