{"id":119810,"date":"2023-01-19T09:54:11","date_gmt":"2023-01-19T12:54:11","guid":{"rendered":"https:\/\/www.elsindical.com.ar\/notas\/?p=119810"},"modified":"2023-01-19T09:54:11","modified_gmt":"2023-01-19T12:54:11","slug":"avellaneda-tendra-la-primera-linea-de-colectivos-en-el-pais-con-senalizacion-pictografica-adaptada","status":"publish","type":"post","link":"https:\/\/www.elsindical.com.ar\/notas\/avellaneda-tendra-la-primera-linea-de-colectivos-en-el-pais-con-senalizacion-pictografica-adaptada\/","title":{"rendered":"Avellaneda tendr\u00e1 la primera l\u00ednea de colectivos en el pa\u00eds con se\u00f1alizaci\u00f3n pictogr\u00e1fica adaptada"},"content":{"rendered":"\n<figure class=\"wp-block-image size-large\"><a href=\"https:\/\/www.elsindical.com.ar\/notas\/var\/www\/html\/notas\/wp-content\/uploads\/2023\/01\/senalizacion-pictografica.jpg\"><img loading=\"lazy\" decoding=\"async\" width=\"1024\" height=\"681\" src=\"https:\/\/www.elsindical.com.ar\/notas\/var\/www\/html\/notas\/wp-content\/uploads\/2023\/01\/senalizacion-pictografica-1024x681.jpg\" alt=\"\" class=\"wp-image-119811\" srcset=\"https:\/\/www.elsindical.com.ar\/notas\/var\/www\/html\/notas\/wp-content\/uploads\/2023\/01\/senalizacion-pictografica-1024x681.jpg 1024w, https:\/\/www.elsindical.com.ar\/notas\/var\/www\/html\/notas\/wp-content\/uploads\/2023\/01\/senalizacion-pictografica-300x200.jpg 300w, https:\/\/www.elsindical.com.ar\/notas\/var\/www\/html\/notas\/wp-content\/uploads\/2023\/01\/senalizacion-pictografica-768x511.jpg 768w, https:\/\/www.elsindical.com.ar\/notas\/var\/www\/html\/notas\/wp-content\/uploads\/2023\/01\/senalizacion-pictografica-451x300.jpg 451w, https:\/\/www.elsindical.com.ar\/notas\/var\/www\/html\/notas\/wp-content\/uploads\/2023\/01\/senalizacion-pictografica-1536x1021.jpg 1536w, https:\/\/www.elsindical.com.ar\/notas\/var\/www\/html\/notas\/wp-content\/uploads\/2023\/01\/senalizacion-pictografica.jpg 1600w\" sizes=\"auto, (max-width: 1024px) 100vw, 1024px\" \/><\/a><\/figure>\n\n\n\n<p class=\"wp-block-paragraph\">El intendente <strong>Jorge Ferraresi<\/strong> y la jefa de gabinete, <strong>Magdalena Sierra.<\/strong> participaron de la se\u00f1alizaci\u00f3n pictogr\u00e1fica adaptada en la<strong> l\u00ednea 570.<\/strong>&nbsp;Desde ma\u00f1ana, las 40 unidades de la empresa circular\u00e1n con la se\u00f1alizaci\u00f3n&nbsp;adaptada.<\/p>\n\n\n\n<p class=\"wp-block-paragraph\">Impulsada por la ONG&nbsp;Asociaci\u00f3n Civil Salidas Inclusivas y&nbsp;trabajadores de la l\u00ednea 85, esta iniciativa representa un&nbsp;avance en materia de inclusi\u00f3n porque, a trav\u00e9s de&nbsp;las indicaciones,&nbsp;brinda independencia al momento de&nbsp;viajar. <strong>De esta manera, los pictogramas donados ayudar\u00e1n a chicas y chicos con TEA, y a adultos que no sepan leer.<\/strong><\/p>\n\n\n\n<p class=\"wp-block-paragraph\">De la actividad participaron representantes de TGD padres TEA Avellaneda, de la ONG&nbsp;Salidas Inclusivas, autoridades y trabajadores de las empresas de transporte 85 y 570, y funcionarios del gabinete municipal.<\/p>\n","protected":false},"excerpt":{"rendered":"<p>El intendente Jorge Ferraresi y la jefa de gabinete, Magdalena Sierra. participaron de la se\u00f1alizaci\u00f3n pictogr\u00e1fica adaptada en la l\u00ednea 570.&nbsp;Desde ma\u00f1ana, las 40 unidades de la empresa circular\u00e1n con la se\u00f1alizaci\u00f3n&nbsp;adaptada. Impulsada por la ONG&nbsp;Asociaci\u00f3n Civil Salidas Inclusivas y&nbsp;trabajadores de la l\u00ednea 85, esta iniciativa representa un&nbsp;avance en materia de inclusi\u00f3n porque, a trav\u00e9s&hellip;<\/p>\n","protected":false},"author":1,"featured_media":119811,"comment_status":"open","ping_status":"open","sticky":false,"template":"","format":"standard","meta":{"footnotes":""},"categories":[25],"tags":[39340,461,2450,1062,39339,16519,1043,17197,18414],"class_list":["post-119810","post","type-post","status-publish","format-standard","has-post-thumbnail","hentry","category-sociedad","tag-asociacion-civil-salidas-inclusivas","tag-avellaneda","tag-diario-el-sindical","tag-jorge-ferraresi","tag-lineas-85-y-570","tag-magdalena-sierra","tag-ong","tag-tea","tag-tgd"],"_links":{"self":[{"href":"https:\/\/www.elsindical.com.ar\/notas\/wp-json\/wp\/v2\/posts\/119810","targetHints":{"allow":["GET"]}}],"collection":[{"href":"https:\/\/www.elsindical.com.ar\/notas\/wp-json\/wp\/v2\/posts"}],"about":[{"href":"https:\/\/www.elsindical.com.ar\/notas\/wp-json\/wp\/v2\/types\/post"}],"author":[{"embeddable":true,"href":"https:\/\/www.elsindical.com.ar\/notas\/wp-json\/wp\/v2\/users\/1"}],"replies":[{"embeddable":true,"href":"https:\/\/www.elsindical.com.ar\/notas\/wp-json\/wp\/v2\/comments?post=119810"}],"version-history":[{"count":1,"href":"https:\/\/www.elsindical.com.ar\/notas\/wp-json\/wp\/v2\/posts\/119810\/revisions"}],"predecessor-version":[{"id":119812,"href":"https:\/\/www.elsindical.com.ar\/notas\/wp-json\/wp\/v2\/posts\/119810\/revisions\/119812"}],"wp:featuredmedia":[{"embeddable":true,"href":"https:\/\/www.elsindical.com.ar\/notas\/wp-json\/wp\/v2\/media\/119811"}],"wp:attachment":[{"href":"https:\/\/www.elsindical.com.ar\/notas\/wp-json\/wp\/v2\/media?parent=119810"}],"wp:term":[{"taxonomy":"category","embeddable":true,"href":"https:\/\/www.elsindical.com.ar\/notas\/wp-json\/wp\/v2\/categories?post=119810"},{"taxonomy":"post_tag","embeddable":true,"href":"https:\/\/www.elsindical.com.ar\/notas\/wp-json\/wp\/v2\/tags?post=119810"}],"curies":[{"name":"wp","href":"https:\/\/api.w.org\/{rel}","templated":true}]}}