{"id":119726,"date":"2023-01-16T15:54:58","date_gmt":"2023-01-16T18:54:58","guid":{"rendered":"https:\/\/www.elsindical.com.ar\/notas\/?p=119726"},"modified":"2023-01-16T15:54:59","modified_gmt":"2023-01-16T18:54:59","slug":"fallecio-gina-lollobrigida-icono-del-cine-italiano","status":"publish","type":"post","link":"https:\/\/www.elsindical.com.ar\/notas\/fallecio-gina-lollobrigida-icono-del-cine-italiano\/","title":{"rendered":"Falleci\u00f3 Gina Lollobrigida, \u00edcono del cine italiano"},"content":{"rendered":"<div class=\"wp-block-image\">\n<figure class=\"aligncenter size-large\"><a href=\"https:\/\/www.elsindical.com.ar\/notas\/var\/www\/html\/notas\/wp-content\/uploads\/2023\/01\/Gina.jpg\"><img loading=\"lazy\" decoding=\"async\" width=\"1024\" height=\"600\" src=\"https:\/\/www.elsindical.com.ar\/notas\/var\/www\/html\/notas\/wp-content\/uploads\/2023\/01\/Gina-1024x600.jpg\" alt=\"\" class=\"wp-image-119727\" srcset=\"https:\/\/www.elsindical.com.ar\/notas\/var\/www\/html\/notas\/wp-content\/uploads\/2023\/01\/Gina-1024x600.jpg 1024w, https:\/\/www.elsindical.com.ar\/notas\/var\/www\/html\/notas\/wp-content\/uploads\/2023\/01\/Gina-300x176.jpg 300w, https:\/\/www.elsindical.com.ar\/notas\/var\/www\/html\/notas\/wp-content\/uploads\/2023\/01\/Gina-768x450.jpg 768w, https:\/\/www.elsindical.com.ar\/notas\/var\/www\/html\/notas\/wp-content\/uploads\/2023\/01\/Gina-500x293.jpg 500w, https:\/\/www.elsindical.com.ar\/notas\/var\/www\/html\/notas\/wp-content\/uploads\/2023\/01\/Gina.jpg 1170w\" sizes=\"auto, (max-width: 1024px) 100vw, 1024px\" \/><\/a><\/figure>\n<\/div>\n\n\n<p>Se encontraba hospitalizada desde hac\u00eda varias semanas por una fractura en el f\u00e9mur.<\/p>\n\n\n\n<p><strong>Gina\u00a0Lollobrigida,<\/strong>\u00a0actriz emblema del cine italiano, <strong>muri\u00f3 hoy a los 95 a\u00f1os<\/strong> en Roma, en donde <strong>se encontraba hospitalizada desde hac\u00eda varias semanas<\/strong> por una fractura en el f\u00e9mur, informaron medios locales.<\/p>\n\n\n\n<p>La <strong>protagonista de pel\u00edculas<\/strong> como \u00abBuona Sera, Mrs. Campbell\u00bb y \u00abMare matto\u00bb naci\u00f3 en la localidad de Subiaco, en las afueras de la capital italiana, el 4 de julio de 1927.<\/p>\n\n\n\n<p><strong>Ganadora de cinco David de Donatello y un Globo de Oro<\/strong> de la cr\u00edtica extranjera hollywoodense y tempranamente famosa por pel\u00edculas como \u00abPan, amor y fantas\u00eda\u00bb (1953), \u00abPan, amor y celos\u00bb y \u00abLa romana\u00bb (1954), visit\u00f3 por primera vez la Argentina en ocasi\u00f3n del Festival de Cine de Mar del Plata 1954.<\/p>\n\n\n\n<p>En Italia apareci\u00f3 en <strong>\u00abVida de perros\u00bb<\/strong>, de Steno y Mario Monicelli, <strong>\u00abMujer por una noche\u00bb<\/strong>, de Mario Camerini, <strong>\u00abLa ciudad se defiende\u00bb<\/strong>, de Pietro Germi, <strong>\u00abCorazones sin fronteras\u00bb<\/strong> y<strong> \u00abLa romana\u00bb<\/strong>, de Luigi Zampa, <strong>\u00abOtros tiempos\u00bb<\/strong>, de Alessandro Blasetti, y en Francia en <strong>\u00abBeldades nocturnas\u00bb<\/strong>, de Ren\u00e9 Clair, y m\u00e1s tarde <strong>\u00abFanfan la Tulipe\u00bb<\/strong>, de Christian-Jaque, entre tantas.<\/p>\n","protected":false},"excerpt":{"rendered":"<p>Se encontraba hospitalizada desde hac\u00eda varias semanas por una fractura en el f\u00e9mur. Gina\u00a0Lollobrigida,\u00a0actriz emblema del cine italiano, muri\u00f3 hoy a los 95 a\u00f1os en Roma, en donde se encontraba hospitalizada desde hac\u00eda varias semanas por una fractura en el f\u00e9mur, informaron medios locales. La protagonista de pel\u00edculas como \u00abBuona Sera, Mrs. Campbell\u00bb y \u00abMare&hellip;<\/p>\n","protected":false},"author":1,"featured_media":119727,"comment_status":"open","ping_status":"open","sticky":false,"template":"","format":"standard","meta":{"footnotes":""},"categories":[15],"tags":[39320,2450,39319,1005,8911],"class_list":["post-119726","post","type-post","status-publish","format-standard","has-post-thumbnail","hentry","category-espectaculos","tag-cine-italiano","tag-diario-el-sindical","tag-gina-lollobrigida","tag-italia","tag-roma"],"_links":{"self":[{"href":"https:\/\/www.elsindical.com.ar\/notas\/wp-json\/wp\/v2\/posts\/119726","targetHints":{"allow":["GET"]}}],"collection":[{"href":"https:\/\/www.elsindical.com.ar\/notas\/wp-json\/wp\/v2\/posts"}],"about":[{"href":"https:\/\/www.elsindical.com.ar\/notas\/wp-json\/wp\/v2\/types\/post"}],"author":[{"embeddable":true,"href":"https:\/\/www.elsindical.com.ar\/notas\/wp-json\/wp\/v2\/users\/1"}],"replies":[{"embeddable":true,"href":"https:\/\/www.elsindical.com.ar\/notas\/wp-json\/wp\/v2\/comments?post=119726"}],"version-history":[{"count":1,"href":"https:\/\/www.elsindical.com.ar\/notas\/wp-json\/wp\/v2\/posts\/119726\/revisions"}],"predecessor-version":[{"id":119728,"href":"https:\/\/www.elsindical.com.ar\/notas\/wp-json\/wp\/v2\/posts\/119726\/revisions\/119728"}],"wp:featuredmedia":[{"embeddable":true,"href":"https:\/\/www.elsindical.com.ar\/notas\/wp-json\/wp\/v2\/media\/119727"}],"wp:attachment":[{"href":"https:\/\/www.elsindical.com.ar\/notas\/wp-json\/wp\/v2\/media?parent=119726"}],"wp:term":[{"taxonomy":"category","embeddable":true,"href":"https:\/\/www.elsindical.com.ar\/notas\/wp-json\/wp\/v2\/categories?post=119726"},{"taxonomy":"post_tag","embeddable":true,"href":"https:\/\/www.elsindical.com.ar\/notas\/wp-json\/wp\/v2\/tags?post=119726"}],"curies":[{"name":"wp","href":"https:\/\/api.w.org\/{rel}","templated":true}]}}