{"id":11967,"date":"2011-01-24T18:10:35","date_gmt":"2011-01-24T21:10:35","guid":{"rendered":"http:\/\/www.elsindical.com.ar\/notas\/?p=11967"},"modified":"2017-05-26T09:50:19","modified_gmt":"2017-05-26T12:50:19","slug":"la-matanzafamiliares-amigos-y-vecinos-marcharan-a-fiscalia-para-pedir-justicia-por-un-asesinato","status":"publish","type":"post","link":"https:\/\/www.elsindical.com.ar\/notas\/la-matanzafamiliares-amigos-y-vecinos-marcharan-a-fiscalia-para-pedir-justicia-por-un-asesinato\/","title":{"rendered":"La Matanza:Familiares, amigos y vecinos marcharan a Fiscal\u00eda para pedir justicia por un asesinato"},"content":{"rendered":"<p style=\"text-align: justify;\"><em><a href=\"http:\/\/www.elsindical.com.ar\/notas\/var\/www\/html\/notas\/wp-content\/uploads\/2011\/01\/Alejandro-Goncalves.jpg\"><img loading=\"lazy\" decoding=\"async\" class=\"alignleft size-medium wp-image-11968\" title=\"Alejandro-Goncalves\" src=\"http:\/\/www.elsindical.com.ar\/notas\/var\/www\/html\/notas\/wp-content\/uploads\/2011\/01\/Alejandro-Goncalves-300x168.jpg\" alt=\"\" width=\"300\" height=\"168\" srcset=\"https:\/\/www.elsindical.com.ar\/notas\/var\/www\/html\/notas\/wp-content\/uploads\/2011\/01\/Alejandro-Goncalves-300x168.jpg 300w, https:\/\/www.elsindical.com.ar\/notas\/var\/www\/html\/notas\/wp-content\/uploads\/2011\/01\/Alejandro-Goncalves.jpg 325w\" sizes=\"auto, (max-width: 300px) 100vw, 300px\" \/><\/a>Desde hace un mes, Mar\u00eda Estela Tutti (59) y Abilio Faria Goncalves (62) aseguran no tener paz. Tienen miedo, angustia y mucho dolor, sienten que a las autoridades judiciales y policiales no les interesa investigar.<\/em><\/p>\n<p style=\"text-align: justify;\">No es para menos: el 24 de diciembre a la madrugada, dos ladrones que entraron a su casa por una ventana los atacaron y los golpearon mientras dorm\u00edan en su habitaci\u00f3n. Alejandro (30), el hijo mayor de la pareja, que viv\u00eda con ellos, quiso intervenir cuando escuch\u00f3 los ruidos. Pero cuando intentaba defender a su mam\u00e1 del ataque, <strong>el ladr\u00f3n le dispar\u00f3 a corta distancia, directo al est\u00f3mago<\/strong> . A las pocas horas, Alejandro \u2013que trabajaba en un videoclub y en un kiosco\u2013 <strong>muri\u00f3<\/strong> en el hospital Paroissien de La Matanza. Los ladrones hab\u00edan escapado sin llevarse nada.<\/p>\n<p style=\"text-align: justify;\">Desde entonces, la familia reclama justicia y quiere saber qui\u00e9n mat\u00f3 a su hijo a sangre fr\u00eda. \u201c <strong>Pas\u00f3 un mes y ni siquiera nos llamaron a declarar a la fiscal\u00eda<\/strong> . La Polic\u00eda levant\u00f3 rastros y nunca m\u00e1s supe nada de los delincuentes. Lo cierto es que estos dos hombres que mataron a mi hijo y nos atacaron andan sueltos y son un peligro no s\u00f3lo para nosotros sino para cualquiera.<\/p>\n<p style=\"text-align: justify;\"><strong>Nos sentimos desamparados<\/strong> . Lo \u00fanico que sabemos es que lo que nos pas\u00f3 <strong>no fue sensaci\u00f3n de inseguridad<\/strong> \u201d, cuenta con bronca a <strong>Clar\u00edn<\/strong> la mam\u00e1 de la v\u00edctima.<\/p>\n<p style=\"text-align: justify;\">Todo ocurri\u00f3 en la casa de avenida Luro al 4800, en Gregorio de Laferrere, donde vive la familia. All\u00ed, en la madrugada del 24 de diciembre, dos hombres subieron por los techos hasta llegar al balc\u00f3n y se metieron por una ventana al dormitorio del matrimonio. \u201cDe repente, me despierto y <strong>veo a un hombre apunt\u00e1ndole a mi marido en la cabeza. No me lo puedo olvidar. Otro me agarra de los pelos, me tira al piso, me da trompadas<\/strong> . Pens\u00e9 que me quebraba porque sufro de osteoporosis.<\/p>\n<p style=\"text-align: justify;\"><strong>Me gatillaba en la panza, pero por suerte el tiro no sal\u00eda. Fue desesperante<\/strong> . Mi marido pele\u00f3 y le sac\u00f3 un arma a uno. Despu\u00e9s nos enteramos que esa era de juguete. Pero ante los gritos, mi hijo vino en defensa nuestra. Fue cuando <strong>un ladr\u00f3n empez\u00f3 a gritarle al otro:<\/strong> <strong><em>\u2018matalo, matalo\u2019<\/em><\/strong> <strong>. Y no dud\u00f3. A sangre fr\u00eda, y a poca distancia, mat\u00f3 a mi hijo<\/strong> \u201d, precis\u00f3 la madre de Alejandro.<\/p>\n<p style=\"text-align: justify;\">Carolina, la hermana de la v\u00edctima, asegura que al dolor por la muerte de su hermano sum\u00f3 m\u00e1s dolor los d\u00edas posteriores. \u201cMi hermano falleci\u00f3 a las 8 de la ma\u00f1ana del 24 y reci\u00e9n le hicieron la autopsia en Navidad a la ma\u00f1ana, pero encima ni tuvieron la delicadeza de ponerlo en c\u00e1mara frigor\u00edfica, lo dejaron en una camilla y nos lo entregaron, podr\u00edamos decir de una forma dura, podrido. Fue inhumano lo que nos hicieron. Dos d\u00edas despu\u00e9s lo enterramos. Parec\u00eda que no hab\u00eda muerto un ser humano\u201d.<\/p>\n<p style=\"text-align: justify;\">Encima, a un mes del asesinato, la familia asegura que s\u00f3lo declararon en el expediente un par de testigos que vieron un auto en el que podr\u00edan haber escapado los ladrones, pero <strong>nunca las v\u00edctimas directas del robo y testigos del asesinato<\/strong> . \u201cEl fiscal vino al lugar tres d\u00edas despu\u00e9s. Me pregunt\u00f3 lo que hab\u00eda pasado en casa y nada m\u00e1s. Nunca fui a la fiscal\u00eda y hasta ahora <strong>nadie me avis\u00f3 si la causa avanz\u00f3 o no<\/strong> . Yo quiero Justicia por mi hijo. Esa gente hab\u00eda tra\u00eddo cintas de embalar, quiz\u00e1 para atarnos o llevarse cosas. Alg\u00fan rastro tiene que haber\u201d.<\/p>\n<p style=\"text-align: justify;\">Hoy a las seis de la tarde la familia y amigos de Alejandro har\u00e1n una marcha para pedir justicia desde avenida Luro al 4800 hacia la Fiscal\u00eda 2 de La Matanza, a cargo de Carlos Arribas. \u201cSe muri\u00f3 un ser humano y una familia qued\u00f3 destru\u00edda. Y parece que a ning\u00fan funcionario, ni judicial ni pol\u00edtico, le importa. Queremos una respuesta, una pista. Casi nos matan a todos y a nadie le import\u00f3. No pedimos nada m\u00e1s que justicia para estar en paz\u201d, dijo Carolina.<\/p>\n<p style=\"text-align: justify;\"><strong>Fuente:Clar\u00edn<\/strong><\/p>\n","protected":false},"excerpt":{"rendered":"<p>Desde hace un mes, Mar\u00eda Estela Tutti (59) y Abilio Faria Goncalves (62) aseguran no tener paz. Tienen miedo, angustia y mucho dolor, sienten que a las autoridades judiciales y policiales no les interesa investigar. No es para menos: el 24 de diciembre a la madrugada, dos ladrones que entraron a su casa por una&hellip;<\/p>\n","protected":false},"author":1,"featured_media":0,"comment_status":"open","ping_status":"open","sticky":false,"template":"","format":"standard","meta":{"footnotes":""},"categories":[25],"tags":[5731,5732,363,41,1401,5730,30],"class_list":["post-11967","post","type-post","status-publish","format-standard","hentry","category-sociedad","tag-abilio-faria-goncalves","tag-alejandro-goncalves","tag-asesinato","tag-justicia","tag-la-matanza","tag-maria-estela-tutti","tag-policia"],"_links":{"self":[{"href":"https:\/\/www.elsindical.com.ar\/notas\/wp-json\/wp\/v2\/posts\/11967","targetHints":{"allow":["GET"]}}],"collection":[{"href":"https:\/\/www.elsindical.com.ar\/notas\/wp-json\/wp\/v2\/posts"}],"about":[{"href":"https:\/\/www.elsindical.com.ar\/notas\/wp-json\/wp\/v2\/types\/post"}],"author":[{"embeddable":true,"href":"https:\/\/www.elsindical.com.ar\/notas\/wp-json\/wp\/v2\/users\/1"}],"replies":[{"embeddable":true,"href":"https:\/\/www.elsindical.com.ar\/notas\/wp-json\/wp\/v2\/comments?post=11967"}],"version-history":[{"count":2,"href":"https:\/\/www.elsindical.com.ar\/notas\/wp-json\/wp\/v2\/posts\/11967\/revisions"}],"predecessor-version":[{"id":68266,"href":"https:\/\/www.elsindical.com.ar\/notas\/wp-json\/wp\/v2\/posts\/11967\/revisions\/68266"}],"wp:attachment":[{"href":"https:\/\/www.elsindical.com.ar\/notas\/wp-json\/wp\/v2\/media?parent=11967"}],"wp:term":[{"taxonomy":"category","embeddable":true,"href":"https:\/\/www.elsindical.com.ar\/notas\/wp-json\/wp\/v2\/categories?post=11967"},{"taxonomy":"post_tag","embeddable":true,"href":"https:\/\/www.elsindical.com.ar\/notas\/wp-json\/wp\/v2\/tags?post=11967"}],"curies":[{"name":"wp","href":"https:\/\/api.w.org\/{rel}","templated":true}]}}