{"id":119640,"date":"2023-01-13T12:11:07","date_gmt":"2023-01-13T15:11:07","guid":{"rendered":"https:\/\/www.elsindical.com.ar\/notas\/?p=119640"},"modified":"2023-01-13T12:11:08","modified_gmt":"2023-01-13T15:11:08","slug":"marcelo-frecha-por-unos-pesos-baila-el-mono","status":"publish","type":"post","link":"https:\/\/www.elsindical.com.ar\/notas\/marcelo-frecha-por-unos-pesos-baila-el-mono\/","title":{"rendered":"Marcelo Frecha, por unos pesos baila el mono"},"content":{"rendered":"<div class=\"wp-block-image\">\n<figure class=\"aligncenter size-full\"><a href=\"https:\/\/www.elsindical.com.ar\/notas\/var\/www\/html\/notas\/wp-content\/uploads\/2023\/01\/Fast-Motors.jpg\"><img loading=\"lazy\" decoding=\"async\" width=\"677\" height=\"731\" src=\"https:\/\/www.elsindical.com.ar\/notas\/var\/www\/html\/notas\/wp-content\/uploads\/2023\/01\/Fast-Motors.jpg\" alt=\"\" class=\"wp-image-119641\" srcset=\"https:\/\/www.elsindical.com.ar\/notas\/var\/www\/html\/notas\/wp-content\/uploads\/2023\/01\/Fast-Motors.jpg 677w, https:\/\/www.elsindical.com.ar\/notas\/var\/www\/html\/notas\/wp-content\/uploads\/2023\/01\/Fast-Motors-278x300.jpg 278w\" sizes=\"auto, (max-width: 677px) 100vw, 677px\" \/><\/a><\/figure>\n<\/div>\n\n\n<p>   Ya hemos advertido en varias oportunidades las mentiras y las contradicciones de quien se arrog\u00f3 el rol de ser la voz de los vecinos que reclaman seguridad, por si alguien no ley\u00f3 las notas anteriores pueden googlear e informarse sobre los notorios cambios de Frecha en lo que parec\u00eda ser un medio \u00fatil para difundir las inquietudes y quejas de los vecinos.<\/p>\n\n\n\n<p>En alg\u00fan momento o quiz\u00e1s siempre fue la intenci\u00f3n del fundador del Foro Vecinas Avellaneda Segura, comenz\u00f3 a priorizar las publicidades por sobre la verdad, promocionaba productos prohibidos, estafadores, delincuentes que asaltaban a los vecinos con violencia, negocios vinculados a motochorros, irresponsables que hacen consultorio en temas psicol\u00f3gicos sin contar con t\u00edtulo habilitante entre otras irregularidades que ten\u00edan y tienen sus publicidades.<\/p>\n\n\n\n<p>A esa caja le sum\u00f3 el pago a la gorra de los pol\u00edticos, curiosamente sus facturaciones no registran la misma actividad que sus p\u00e1ginas, es decir, si cobra en negro es t\u00e9cnicamente un evasor.<\/p>\n\n\n\n<p>Pero dice el refr\u00e1n que la culpa no es del chancho, sino de los vecinos que alimentan a semejante personaje, que no le importa publicitar al mismo que alguna vez critico y es que una de las publicaciones favoritas del \u00abforo\u00bb es justamente los veh\u00edculos mal estacionados, eso s\u00ed, si le pagas, no dice nada y hasta te promociona varios autos mal estacionados o en lugar prohibido.<\/p>\n\n\n\n<p>A diferencia de Marcelo Frecha que publica chismes inventados por \u00e9l, hechos que no existieron y luego dice que se lo pasaron, mis publicaciones siempre tienen sustento y no se puede criticar con una foto una cosa y luego por un pago publicitar otra peor a la que criticaste. Un nuevo a\u00f1o y este personaje sigue siendo el mismo cobarde, incoherente y mentiroso de siempre, despu\u00e9s sus seguidores son los mismos que se quejan de que nada cambia para bien, quiz\u00e1s ellos tampoco aportan nada para un cambio.<\/p>\n\n\n\n<p>Por Marcelo Ricardo Hawrylciw<\/p>\n","protected":false},"excerpt":{"rendered":"<p>Ya hemos advertido en varias oportunidades las mentiras y las contradicciones de quien se arrog\u00f3 el rol de ser la voz de los vecinos que reclaman seguridad, por si alguien no ley\u00f3 las notas anteriores pueden googlear e informarse sobre los notorios cambios de Frecha en lo que parec\u00eda ser un medio \u00fatil para difundir&hellip;<\/p>\n","protected":false},"author":1,"featured_media":119641,"comment_status":"open","ping_status":"open","sticky":false,"template":"","format":"standard","meta":{"footnotes":""},"categories":[10],"tags":[461,2450,39293,17824,984,17822,1819,2134,986],"class_list":["post-119640","post","type-post","status-publish","format-standard","has-post-thumbnail","hentry","category-editorial","tag-avellaneda","tag-diario-el-sindical","tag-fast-motors","tag-foro-vecinal-avellaneda-segura","tag-inseguridad","tag-marcelo-frecha","tag-mentiras","tag-publicidad","tag-vecinos"],"_links":{"self":[{"href":"https:\/\/www.elsindical.com.ar\/notas\/wp-json\/wp\/v2\/posts\/119640","targetHints":{"allow":["GET"]}}],"collection":[{"href":"https:\/\/www.elsindical.com.ar\/notas\/wp-json\/wp\/v2\/posts"}],"about":[{"href":"https:\/\/www.elsindical.com.ar\/notas\/wp-json\/wp\/v2\/types\/post"}],"author":[{"embeddable":true,"href":"https:\/\/www.elsindical.com.ar\/notas\/wp-json\/wp\/v2\/users\/1"}],"replies":[{"embeddable":true,"href":"https:\/\/www.elsindical.com.ar\/notas\/wp-json\/wp\/v2\/comments?post=119640"}],"version-history":[{"count":1,"href":"https:\/\/www.elsindical.com.ar\/notas\/wp-json\/wp\/v2\/posts\/119640\/revisions"}],"predecessor-version":[{"id":119642,"href":"https:\/\/www.elsindical.com.ar\/notas\/wp-json\/wp\/v2\/posts\/119640\/revisions\/119642"}],"wp:featuredmedia":[{"embeddable":true,"href":"https:\/\/www.elsindical.com.ar\/notas\/wp-json\/wp\/v2\/media\/119641"}],"wp:attachment":[{"href":"https:\/\/www.elsindical.com.ar\/notas\/wp-json\/wp\/v2\/media?parent=119640"}],"wp:term":[{"taxonomy":"category","embeddable":true,"href":"https:\/\/www.elsindical.com.ar\/notas\/wp-json\/wp\/v2\/categories?post=119640"},{"taxonomy":"post_tag","embeddable":true,"href":"https:\/\/www.elsindical.com.ar\/notas\/wp-json\/wp\/v2\/tags?post=119640"}],"curies":[{"name":"wp","href":"https:\/\/api.w.org\/{rel}","templated":true}]}}