{"id":119637,"date":"2023-01-13T11:48:24","date_gmt":"2023-01-13T14:48:24","guid":{"rendered":"https:\/\/www.elsindical.com.ar\/notas\/?p=119637"},"modified":"2023-01-13T11:48:32","modified_gmt":"2023-01-13T14:48:32","slug":"general-paz-un-hombre-perdio-el-control-del-auto-y-murio-tras-salir-despedido-del-vehiculo","status":"publish","type":"post","link":"https:\/\/www.elsindical.com.ar\/notas\/general-paz-un-hombre-perdio-el-control-del-auto-y-murio-tras-salir-despedido-del-vehiculo\/","title":{"rendered":"General Paz: un hombre perdi\u00f3 el control del auto y muri\u00f3 tras salir despedido del veh\u00edculo"},"content":{"rendered":"<div class=\"wp-block-image\">\n<figure class=\"aligncenter size-full\"><a href=\"https:\/\/www.elsindical.com.ar\/notas\/var\/www\/html\/notas\/wp-content\/uploads\/2023\/01\/choque-Gral-Paz.jpg\"><img loading=\"lazy\" decoding=\"async\" width=\"950\" height=\"538\" src=\"https:\/\/www.elsindical.com.ar\/notas\/var\/www\/html\/notas\/wp-content\/uploads\/2023\/01\/choque-Gral-Paz.jpg\" alt=\"\" class=\"wp-image-119638\" srcset=\"https:\/\/www.elsindical.com.ar\/notas\/var\/www\/html\/notas\/wp-content\/uploads\/2023\/01\/choque-Gral-Paz.jpg 950w, https:\/\/www.elsindical.com.ar\/notas\/var\/www\/html\/notas\/wp-content\/uploads\/2023\/01\/choque-Gral-Paz-300x170.jpg 300w, https:\/\/www.elsindical.com.ar\/notas\/var\/www\/html\/notas\/wp-content\/uploads\/2023\/01\/choque-Gral-Paz-768x435.jpg 768w, https:\/\/www.elsindical.com.ar\/notas\/var\/www\/html\/notas\/wp-content\/uploads\/2023\/01\/choque-Gral-Paz-500x283.jpg 500w, https:\/\/www.elsindical.com.ar\/notas\/var\/www\/html\/notas\/wp-content\/uploads\/2023\/01\/choque-Gral-Paz-220x126.jpg 220w, https:\/\/www.elsindical.com.ar\/notas\/var\/www\/html\/notas\/wp-content\/uploads\/2023\/01\/choque-Gral-Paz-460x260.jpg 460w\" sizes=\"auto, (max-width: 950px) 100vw, 950px\" \/><\/a><\/figure>\n<\/div>\n\n\n<p>El accidente gener\u00f3 un corte total mano a provincia. La v\u00edctima ten\u00eda 35 a\u00f1os.<\/p>\n\n\n\n<p><strong>Un hombre de 35 a\u00f1os muri\u00f3 este viernes tras chocar el autom\u00f3vil que conduc\u00eda sobre la Avenida General Paz,<\/strong> mano al Riachuelo, a la altura de la calle Super\u00ed, en el barrio porte\u00f1o de Saavedra.<\/p>\n\n\n\n<p>Seg\u00fan se inform\u00f3, el tr\u00e1gico accidente se registr\u00f3 alrededor de las 5 de la ma\u00f1ana cuando un veh\u00edculo Ford blanco que iba en zig zag por la mencionada avenida, choc\u00f3 contra el guardarrail izquierdo<strong> hizo varios trompos y qued\u00f3 sobre la parte derecha de la General Paz.<\/strong><\/p>\n\n\n\n<p>En tanto, trascendi\u00f3 que, como consecuencia de los impactos, <strong>el conductor, quien no llevar\u00eda puesto el cintur\u00f3n de seguridad, habr\u00eda salido despedido del autom\u00f3vil y falleci\u00f3.<\/strong><\/p>\n\n\n\n<p>La zona se encuentra cortada, por lo cual los veh\u00edculos son desviados por la colectora mientras en el lugar trabajaban los peritos y la Polic\u00eda Cient\u00edfica.<\/p>\n","protected":false},"excerpt":{"rendered":"<p>El accidente gener\u00f3 un corte total mano a provincia. La v\u00edctima ten\u00eda 35 a\u00f1os. Un hombre de 35 a\u00f1os muri\u00f3 este viernes tras chocar el autom\u00f3vil que conduc\u00eda sobre la Avenida General Paz, mano al Riachuelo, a la altura de la calle Super\u00ed, en el barrio porte\u00f1o de Saavedra. Seg\u00fan se inform\u00f3, el tr\u00e1gico accidente&hellip;<\/p>\n","protected":false},"author":1,"featured_media":119638,"comment_status":"open","ping_status":"open","sticky":false,"template":"","format":"standard","meta":{"footnotes":""},"categories":[22],"tags":[2450,39292,305,35659],"class_list":["post-119637","post","type-post","status-publish","format-standard","has-post-thumbnail","hentry","category-policiales","tag-diario-el-sindical","tag-gral-paz-2","tag-muerte","tag-siniestro-vial"],"_links":{"self":[{"href":"https:\/\/www.elsindical.com.ar\/notas\/wp-json\/wp\/v2\/posts\/119637","targetHints":{"allow":["GET"]}}],"collection":[{"href":"https:\/\/www.elsindical.com.ar\/notas\/wp-json\/wp\/v2\/posts"}],"about":[{"href":"https:\/\/www.elsindical.com.ar\/notas\/wp-json\/wp\/v2\/types\/post"}],"author":[{"embeddable":true,"href":"https:\/\/www.elsindical.com.ar\/notas\/wp-json\/wp\/v2\/users\/1"}],"replies":[{"embeddable":true,"href":"https:\/\/www.elsindical.com.ar\/notas\/wp-json\/wp\/v2\/comments?post=119637"}],"version-history":[{"count":1,"href":"https:\/\/www.elsindical.com.ar\/notas\/wp-json\/wp\/v2\/posts\/119637\/revisions"}],"predecessor-version":[{"id":119639,"href":"https:\/\/www.elsindical.com.ar\/notas\/wp-json\/wp\/v2\/posts\/119637\/revisions\/119639"}],"wp:featuredmedia":[{"embeddable":true,"href":"https:\/\/www.elsindical.com.ar\/notas\/wp-json\/wp\/v2\/media\/119638"}],"wp:attachment":[{"href":"https:\/\/www.elsindical.com.ar\/notas\/wp-json\/wp\/v2\/media?parent=119637"}],"wp:term":[{"taxonomy":"category","embeddable":true,"href":"https:\/\/www.elsindical.com.ar\/notas\/wp-json\/wp\/v2\/categories?post=119637"},{"taxonomy":"post_tag","embeddable":true,"href":"https:\/\/www.elsindical.com.ar\/notas\/wp-json\/wp\/v2\/tags?post=119637"}],"curies":[{"name":"wp","href":"https:\/\/api.w.org\/{rel}","templated":true}]}}