{"id":119632,"date":"2023-01-13T11:39:29","date_gmt":"2023-01-13T14:39:29","guid":{"rendered":"https:\/\/www.elsindical.com.ar\/notas\/?p=119632"},"modified":"2023-01-13T11:39:30","modified_gmt":"2023-01-13T14:39:30","slug":"presentaron-el-proyecto-para-iniciar-el-juicio-politico-a-la-corte","status":"publish","type":"post","link":"https:\/\/www.elsindical.com.ar\/notas\/presentaron-el-proyecto-para-iniciar-el-juicio-politico-a-la-corte\/","title":{"rendered":"Presentaron el proyecto para iniciar el juicio pol\u00edtico a la Corte"},"content":{"rendered":"\n<figure class=\"wp-block-image size-large\"><a href=\"https:\/\/www.elsindical.com.ar\/notas\/var\/www\/html\/notas\/wp-content\/uploads\/2022\/12\/corte-suprema-4-miembros.jpg\"><img loading=\"lazy\" decoding=\"async\" width=\"1024\" height=\"576\" src=\"https:\/\/www.elsindical.com.ar\/notas\/var\/www\/html\/notas\/wp-content\/uploads\/2022\/12\/corte-suprema-4-miembros-1024x576.jpg\" alt=\"\" class=\"wp-image-118927\" srcset=\"https:\/\/www.elsindical.com.ar\/notas\/var\/www\/html\/notas\/wp-content\/uploads\/2022\/12\/corte-suprema-4-miembros-1024x576.jpg 1024w, https:\/\/www.elsindical.com.ar\/notas\/var\/www\/html\/notas\/wp-content\/uploads\/2022\/12\/corte-suprema-4-miembros-300x169.jpg 300w, https:\/\/www.elsindical.com.ar\/notas\/var\/www\/html\/notas\/wp-content\/uploads\/2022\/12\/corte-suprema-4-miembros-768x432.jpg 768w, https:\/\/www.elsindical.com.ar\/notas\/var\/www\/html\/notas\/wp-content\/uploads\/2022\/12\/corte-suprema-4-miembros-500x281.jpg 500w, https:\/\/www.elsindical.com.ar\/notas\/var\/www\/html\/notas\/wp-content\/uploads\/2022\/12\/corte-suprema-4-miembros-460x260.jpg 460w, https:\/\/www.elsindical.com.ar\/notas\/var\/www\/html\/notas\/wp-content\/uploads\/2022\/12\/corte-suprema-4-miembros.jpg 1280w\" sizes=\"auto, (max-width: 1024px) 100vw, 1024px\" \/><\/a><\/figure>\n\n\n\n<p class=\"wp-block-paragraph\">Fue tras el llamado a sesiones extraordinarias.<\/p>\n\n\n\n<p class=\"wp-block-paragraph\"><strong>Diputados del bloque del Frente de Todos (FdT) presentaron formalmente hoy el proyecto que propone iniciar el juicio pol\u00edtico a la Corte Suprema de Justicia<\/strong>, impulsado por el presidente Alberto Fern\u00e1ndez y gobernadores, que el Poder Ejecutivo incluy\u00f3 en la convocatoria a sesiones extraordinarias del Congreso.<\/p>\n\n\n\n<p class=\"wp-block-paragraph\">La iniciativa, presentada en las \u00faltimas horas por el diputado del FdT, Eduardo Vald\u00e9s junto a otros legisladores del FDT, que consta de 410 p\u00e1ginas, propone citar a los cuatro jueces del m\u00e1ximo tribunal: Horacio Rosatti -su presidente-, Carlos Rosenkrantz, Juan Carlos Maqueda y Ricardo Lorenzetti, para que se presenten ante la Comisi\u00f3n de Juicio Pol\u00edtico de la C\u00e1mara baja, que llevar\u00e1 adelante la investigaci\u00f3n.<\/p>\n\n\n\n<p class=\"wp-block-paragraph\"><strong>El proyecto tendr\u00e1 validez por tres a\u00f1os, y no cae con la renovaci\u00f3n del cuerpo, es decir que si el oficialismo consigue dictamen por mayor\u00eda simple pero no lo puede llevar al recinto este a\u00f1o porque no logra los dos tercios necesarios<\/strong>&nbsp;<strong>podr\u00eda insistir m\u00e1s adelante&nbsp;<\/strong>si re\u00fane las voluntades necesarias aunque en un a\u00f1o electoral esa alternativa es menos viable.<\/p>\n\n\n\n<p class=\"wp-block-paragraph\"><strong>El Ejecutivo public\u00f3 este viernes el llamado a sesiones extraordinarias en el Congreso<\/strong>, con un temario que incluye el pedido de\u00a0juicio pol\u00edtico\u00a0a los miembros de la Corte Suprema de la Naci\u00f3n. Ser\u00e1 desde el 23 de enero al 28 de febrero.<\/p>\n\n\n\n<p class=\"wp-block-paragraph\">Gabriela Cerruti se\u00f1al\u00f3 que el temario de proyectos de ley para el per\u00edodo de sesiones extraordinarias en el Congreso \u201ces lo suficientemente importante y extenso\u201d y pidi\u00f3 que la oposici\u00f3n \u201centienda que en el libre juego democr\u00e1tico y de las instituciones hay que sentarse a debatir y no extorsionar a la sociedad tratando solo los temas que a ellos les interesa\u201d.<\/p>\n\n\n\n<p class=\"wp-block-paragraph\">El decreto&nbsp;<a href=\"https:\/\/www.boletinoficial.gob.ar\/detalleAviso\/primera\/279609\/20230113\" target=\"_blank\" rel=\"noreferrer noopener\">17\/2023<\/a>&nbsp;fue publicado este viernes en el Bolet\u00edn Oficial.&nbsp;<strong>El temario elaborado por el Poder Ejecutivo para que el Congreso trate en sesiones extraordinarias del Congreso entre el 23 de enero y el 28 de febrero incluye 27 temas.<\/strong><\/p>\n\n\n\n<p class=\"wp-block-paragraph\">El presidente Alberto Fern\u00e1ndez y los gobernadores de las provincias de Buenos Aires, Axel Kicillof; Catamarca, Ra\u00fal Jalil; Chaco, Jorge Capitanich; Chubut, Mariano Arcioni; Entre R\u00edos, Gustavo Bordet; Formosa, Gildo Insfr\u00e1n; La Pampa, Sergio Ziliotto; La Rioja, Ricardo Quintela; Santa Cruz, Alicia Kirchner; Santiago del Estero, Gerardo Zamora; Tierra del Fuego, Gustavo Melella, y de Tucum\u00e1n, Osvaldo Jaldo; \u00a0\u201cdecidieron\u00a0impulsar el juicio pol\u00edtico\u00a0contra el Presidente de la Corte Suprema de Justicia de la Naci\u00f3n,\u00a0Horacio Rosatti, por haber incurrido en forma reiterada en conductas que configuran la causal de mal desempe\u00f1o en sus funciones prevista en el art\u00edculo 53 de la Constituci\u00f3n Nacional\u201d. El pedido se extiende a los otros miembros del m\u00e1ximo tribunal Carlos Rosenkrantz, Juan Carlos Maqueda y Ricardo Lorenzetti.<\/p>\n","protected":false},"excerpt":{"rendered":"<p>Fue tras el llamado a sesiones extraordinarias. Diputados del bloque del Frente de Todos (FdT) presentaron formalmente hoy el proyecto que propone iniciar el juicio pol\u00edtico a la Corte Suprema de Justicia, impulsado por el presidente Alberto Fern\u00e1ndez y gobernadores, que el Poder Ejecutivo incluy\u00f3 en la convocatoria a sesiones extraordinarias del Congreso. La iniciativa,&hellip;<\/p>\n","protected":false},"author":1,"featured_media":118927,"comment_status":"open","ping_status":"open","sticky":false,"template":"","format":"standard","meta":{"footnotes":""},"categories":[13],"tags":[86,2450,39289,34736,627,7574],"class_list":["post-119632","post","type-post","status-publish","format-standard","has-post-thumbnail","hentry","category-politica","tag-congreso","tag-diario-el-sindical","tag-eduardo-valdes","tag-fdt","tag-juicio-politico","tag-suprema-corte-de-justicia-de-la-nacion"],"_links":{"self":[{"href":"https:\/\/www.elsindical.com.ar\/notas\/wp-json\/wp\/v2\/posts\/119632","targetHints":{"allow":["GET"]}}],"collection":[{"href":"https:\/\/www.elsindical.com.ar\/notas\/wp-json\/wp\/v2\/posts"}],"about":[{"href":"https:\/\/www.elsindical.com.ar\/notas\/wp-json\/wp\/v2\/types\/post"}],"author":[{"embeddable":true,"href":"https:\/\/www.elsindical.com.ar\/notas\/wp-json\/wp\/v2\/users\/1"}],"replies":[{"embeddable":true,"href":"https:\/\/www.elsindical.com.ar\/notas\/wp-json\/wp\/v2\/comments?post=119632"}],"version-history":[{"count":1,"href":"https:\/\/www.elsindical.com.ar\/notas\/wp-json\/wp\/v2\/posts\/119632\/revisions"}],"predecessor-version":[{"id":119633,"href":"https:\/\/www.elsindical.com.ar\/notas\/wp-json\/wp\/v2\/posts\/119632\/revisions\/119633"}],"wp:featuredmedia":[{"embeddable":true,"href":"https:\/\/www.elsindical.com.ar\/notas\/wp-json\/wp\/v2\/media\/118927"}],"wp:attachment":[{"href":"https:\/\/www.elsindical.com.ar\/notas\/wp-json\/wp\/v2\/media?parent=119632"}],"wp:term":[{"taxonomy":"category","embeddable":true,"href":"https:\/\/www.elsindical.com.ar\/notas\/wp-json\/wp\/v2\/categories?post=119632"},{"taxonomy":"post_tag","embeddable":true,"href":"https:\/\/www.elsindical.com.ar\/notas\/wp-json\/wp\/v2\/tags?post=119632"}],"curies":[{"name":"wp","href":"https:\/\/api.w.org\/{rel}","templated":true}]}}