{"id":119578,"date":"2023-01-11T15:47:51","date_gmt":"2023-01-11T18:47:51","guid":{"rendered":"https:\/\/www.elsindical.com.ar\/notas\/?p=119578"},"modified":"2023-01-11T15:47:52","modified_gmt":"2023-01-11T18:47:52","slug":"natalia-johana-romero-profuga","status":"publish","type":"post","link":"https:\/\/www.elsindical.com.ar\/notas\/natalia-johana-romero-profuga\/","title":{"rendered":"Natalia Johana Romero, pr\u00f3fuga"},"content":{"rendered":"<div class=\"wp-block-image\">\n<figure class=\"aligncenter size-full is-resized\"><a href=\"https:\/\/www.elsindical.com.ar\/notas\/var\/www\/html\/notas\/wp-content\/uploads\/2023\/01\/Natalia-Johana-Romero-profuga-2.jpg\"><img loading=\"lazy\" decoding=\"async\" src=\"https:\/\/www.elsindical.com.ar\/notas\/var\/www\/html\/notas\/wp-content\/uploads\/2023\/01\/Natalia-Johana-Romero-profuga-2.jpg\" alt=\"\" class=\"wp-image-119579\" width=\"733\" height=\"436\" srcset=\"https:\/\/www.elsindical.com.ar\/notas\/var\/www\/html\/notas\/wp-content\/uploads\/2023\/01\/Natalia-Johana-Romero-profuga-2.jpg 578w, https:\/\/www.elsindical.com.ar\/notas\/var\/www\/html\/notas\/wp-content\/uploads\/2023\/01\/Natalia-Johana-Romero-profuga-2-300x179.jpg 300w, https:\/\/www.elsindical.com.ar\/notas\/var\/www\/html\/notas\/wp-content\/uploads\/2023\/01\/Natalia-Johana-Romero-profuga-2-500x298.jpg 500w\" sizes=\"auto, (max-width: 733px) 100vw, 733px\" \/><\/a><\/figure>\n<\/div>\n\n\n<p>El Ministerio de Seguridad de la Provincia de Buenos Aires ofrece p\u00fablica recompensa entre las sumas de PESOS DOS MILLONES QUINIENTOS MIL ($<strong> 2.500.000<\/strong>) y PESOS CINCO MILLONES ($ <strong>5.000.000<\/strong>) de conformidad a lo previsto por el Decreto N\u00b0 2.052\/98 y su modificatorio, a todo aquel que aporte informaci\u00f3n fehaciente que permita la localizaci\u00f3n y detenci\u00f3n de <strong>ROMERO, NATALIA JOHANA, DNI N\u00ba 34.571.506<\/strong>, argentina, de 32 a\u00f1os de edad, nacida el d\u00eda 2 de abril de 1989, hija de Romero, Sandra Noem\u00ed, con \u00faltimo domicilio en <strong>Avenida Salvador Mar\u00eda del Carril N\u00b0 237 de la localidad y partido de Jos\u00e9 C. Paz, provincia de Buenos Aires<\/strong>. La imputada es de tez trigue\u00f1a, cabello casta\u00f1o, con un lunar sobre el labio superior izquierdo, posee un tatuaje en el lado derecho del rostro de tres estrellas que pudo haber sido tapado con un coraz\u00f3n, un tatuaje en el lado derecho del cuello de una figura circular y un tatuaje que reza la palabra <strong>\u201cDemian\u201d<\/strong> en el antebrazo derecho.<\/p>\n\n\n\n<p>La orden de captura ha sido dictada por ser imputada por el delito de captaci\u00f3n, recepci\u00f3n y acogida de menores de edad con fines de explotaci\u00f3n sexual agravado por tratarse de tres o m\u00e1s autores. En efecto, entre los meses de mayo y julio de 2021, los imputados conjuntamente con<strong> LI\u00d1\u00c1N RUIZ, HARRY, BARRENA RIVERA, ARTURO y S\u00c1NCHEZ ROJA, FERNANDO ADOLFO<\/strong> quienes ya se encuentran detenidos, captaron a una menor de 15 a\u00f1os con fines de explotaci\u00f3n sexual, aprovech\u00e1ndose de la situaci\u00f3n de vulnerabilidad de la ni\u00f1a. Acogieron a la menor en el domicilio situado en Avenida Salvador Mar\u00eda del Carril N\u00ba 237 de la localidad y partido de Jos\u00e9 C. Paz, provincia de Buenos Aires, sustray\u00e9ndola de su seno familiar, para que ejerza la prostituci\u00f3n. La ni\u00f1a fue trasladada desde el domicilio antes mencionado hasta la localidad de Liniers, Ciudad Aut\u00f3noma de Buenos Aires, as\u00ed como a la localidad de Moreno, provincia de Buenos Aires, para mantener encuentros sexuales con tres masculinos, en un lugar que hasta el momento no se ha podido establecer, desconoci\u00e9ndose su paradero durante varios d\u00edas. Interviene la<strong> Unidad Funcional de Instrucci\u00f3n N\u00b0 14 del Departamento Judicial San Mart\u00edn (IPP N\u00b0 15-01-23027-21)<\/strong>. Las personas que quieran aportar la informaci\u00f3n requerida deber\u00e1n presentarse ante los Fiscales Generales de C\u00e1mara de los distintos Departamentos Judiciales de la Provincia, ante la Unidad Funcional de Instrucci\u00f3n N\u00b0 14 del Departamento Judicial San Mart\u00edn (sita en<strong> calle General Roca N\u00ba 4765 piso dos de la localidad de Villa Ballester, tel\u00e9fono 011 4872-0754<\/strong>, correo electr\u00f3nico <strong>ufi14.sm@mpba.gov.ar<\/strong>), o ante la Direcci\u00f3n Provincial de Registro de Personas Desaparecidas (sita en <strong>calle 2 entre 51 y 53, Oficina N\u00b0 118 de la ciudad de La Plata<\/strong>, correo electr\u00f3nico <strong>profugos@mseg.gba.gov.ar, tel\u00e9fonos 0221 429-3091 y 0221 429-3015 de Lunes a Viernes de 08:00 a 18:00 horas<\/strong>), debiendo asegurar la confidencialidad de la informaci\u00f3n y la reserva de la identidad de las personas. El monto de la recompensa ser\u00e1 distribuido s\u00f3lo entre quienes se presenten a suministrar la informaci\u00f3n ante las autoridades se\u00f1aladas, haciendo conocer que se encuentran motivados por el presente ofrecimiento, en los t\u00e9rminos del Decreto N\u00b0 2.052\/98 y su modificatorio, la Resoluci\u00f3n Ministerial N\u00b0 2.390\/07, lo establecido en el presente y conforme el m\u00e9rito de la informaci\u00f3n aportada.<\/p>\n\n\n\n<p><strong>SE ASEGURA ESTRICTA RESERVA DE IDENTIDAD<\/strong><\/p>\n\n\n\n<figure class=\"wp-block-image size-large\"><a href=\"https:\/\/www.elsindical.com.ar\/notas\/var\/www\/html\/notas\/wp-content\/uploads\/2023\/01\/Natalia-Johana-Romero-profuga.jpg\"><img loading=\"lazy\" decoding=\"async\" width=\"819\" height=\"1024\" src=\"https:\/\/www.elsindical.com.ar\/notas\/var\/www\/html\/notas\/wp-content\/uploads\/2023\/01\/Natalia-Johana-Romero-profuga-819x1024.jpg\" alt=\"\" class=\"wp-image-119580\" srcset=\"https:\/\/www.elsindical.com.ar\/notas\/var\/www\/html\/notas\/wp-content\/uploads\/2023\/01\/Natalia-Johana-Romero-profuga-819x1024.jpg 819w, https:\/\/www.elsindical.com.ar\/notas\/var\/www\/html\/notas\/wp-content\/uploads\/2023\/01\/Natalia-Johana-Romero-profuga-240x300.jpg 240w, https:\/\/www.elsindical.com.ar\/notas\/var\/www\/html\/notas\/wp-content\/uploads\/2023\/01\/Natalia-Johana-Romero-profuga-768x960.jpg 768w, https:\/\/www.elsindical.com.ar\/notas\/var\/www\/html\/notas\/wp-content\/uploads\/2023\/01\/Natalia-Johana-Romero-profuga.jpg 1080w\" sizes=\"auto, (max-width: 819px) 100vw, 819px\" \/><\/a><\/figure>\n","protected":false},"excerpt":{"rendered":"<p>El Ministerio de Seguridad de la Provincia de Buenos Aires ofrece p\u00fablica recompensa entre las sumas de PESOS DOS MILLONES QUINIENTOS MIL ($ 2.500.000) y PESOS CINCO MILLONES ($ 5.000.000) de conformidad a lo previsto por el Decreto N\u00b0 2.052\/98 y su modificatorio, a todo aquel que aporte informaci\u00f3n fehaciente que permita la localizaci\u00f3n y&hellip;<\/p>\n","protected":false},"author":1,"featured_media":119579,"comment_status":"open","ping_status":"open","sticky":false,"template":"","format":"standard","meta":{"footnotes":""},"categories":[22],"tags":[2450,34583,39267,6009,820],"class_list":["post-119578","post","type-post","status-publish","format-standard","has-post-thumbnail","hentry","category-policiales","tag-diario-el-sindical","tag-explotacion-sexual-de-menores","tag-natalia-johana-romero","tag-profuga","tag-san-martin"],"_links":{"self":[{"href":"https:\/\/www.elsindical.com.ar\/notas\/wp-json\/wp\/v2\/posts\/119578","targetHints":{"allow":["GET"]}}],"collection":[{"href":"https:\/\/www.elsindical.com.ar\/notas\/wp-json\/wp\/v2\/posts"}],"about":[{"href":"https:\/\/www.elsindical.com.ar\/notas\/wp-json\/wp\/v2\/types\/post"}],"author":[{"embeddable":true,"href":"https:\/\/www.elsindical.com.ar\/notas\/wp-json\/wp\/v2\/users\/1"}],"replies":[{"embeddable":true,"href":"https:\/\/www.elsindical.com.ar\/notas\/wp-json\/wp\/v2\/comments?post=119578"}],"version-history":[{"count":1,"href":"https:\/\/www.elsindical.com.ar\/notas\/wp-json\/wp\/v2\/posts\/119578\/revisions"}],"predecessor-version":[{"id":119581,"href":"https:\/\/www.elsindical.com.ar\/notas\/wp-json\/wp\/v2\/posts\/119578\/revisions\/119581"}],"wp:featuredmedia":[{"embeddable":true,"href":"https:\/\/www.elsindical.com.ar\/notas\/wp-json\/wp\/v2\/media\/119579"}],"wp:attachment":[{"href":"https:\/\/www.elsindical.com.ar\/notas\/wp-json\/wp\/v2\/media?parent=119578"}],"wp:term":[{"taxonomy":"category","embeddable":true,"href":"https:\/\/www.elsindical.com.ar\/notas\/wp-json\/wp\/v2\/categories?post=119578"},{"taxonomy":"post_tag","embeddable":true,"href":"https:\/\/www.elsindical.com.ar\/notas\/wp-json\/wp\/v2\/tags?post=119578"}],"curies":[{"name":"wp","href":"https:\/\/api.w.org\/{rel}","templated":true}]}}