{"id":119567,"date":"2023-01-11T01:04:15","date_gmt":"2023-01-11T04:04:15","guid":{"rendered":"https:\/\/www.elsindical.com.ar\/notas\/?p=119567"},"modified":"2023-01-11T01:04:16","modified_gmt":"2023-01-11T04:04:16","slug":"la-plata-millonario-robo-planificado-en-el-colegio-de-abogados-bonaerense","status":"publish","type":"post","link":"https:\/\/www.elsindical.com.ar\/notas\/la-plata-millonario-robo-planificado-en-el-colegio-de-abogados-bonaerense\/","title":{"rendered":"La Plata: Millonario robo planificado en el Colegio de Abogados bonaerense"},"content":{"rendered":"<div class=\"wp-block-image\">\n<figure class=\"aligncenter size-large\"><a href=\"https:\/\/www.elsindical.com.ar\/notas\/var\/www\/html\/notas\/wp-content\/uploads\/2023\/01\/robo-al-Colegio-de-Abogados-de-la-provincia-de-Bs-As.jpeg\"><img loading=\"lazy\" decoding=\"async\" width=\"1024\" height=\"680\" src=\"https:\/\/www.elsindical.com.ar\/notas\/var\/www\/html\/notas\/wp-content\/uploads\/2023\/01\/robo-al-Colegio-de-Abogados-de-la-provincia-de-Bs-As-1024x680.jpeg\" alt=\"\" class=\"wp-image-119568\" srcset=\"https:\/\/www.elsindical.com.ar\/notas\/var\/www\/html\/notas\/wp-content\/uploads\/2023\/01\/robo-al-Colegio-de-Abogados-de-la-provincia-de-Bs-As-1024x680.jpeg 1024w, https:\/\/www.elsindical.com.ar\/notas\/var\/www\/html\/notas\/wp-content\/uploads\/2023\/01\/robo-al-Colegio-de-Abogados-de-la-provincia-de-Bs-As-300x199.jpeg 300w, https:\/\/www.elsindical.com.ar\/notas\/var\/www\/html\/notas\/wp-content\/uploads\/2023\/01\/robo-al-Colegio-de-Abogados-de-la-provincia-de-Bs-As-768x510.jpeg 768w, https:\/\/www.elsindical.com.ar\/notas\/var\/www\/html\/notas\/wp-content\/uploads\/2023\/01\/robo-al-Colegio-de-Abogados-de-la-provincia-de-Bs-As-452x300.jpeg 452w, https:\/\/www.elsindical.com.ar\/notas\/var\/www\/html\/notas\/wp-content\/uploads\/2023\/01\/robo-al-Colegio-de-Abogados-de-la-provincia-de-Bs-As.jpeg 1280w\" sizes=\"auto, (max-width: 1024px) 100vw, 1024px\" \/><\/a><\/figure>\n<\/div>\n\n\n<p>El <strong>Colegio de Abogados de la Provincia de Buenos Aires<\/strong> (Colproba), con sede en la ciudad de La Plata,<strong> sufri\u00f3 un robo millonario durante el fin de semana pasado por delincuentes que aparentemente planearon el golpe, <\/strong>ya que se produjo en medio de un corte de energ\u00eda que dej\u00f3 anuladas las alarmas, informaron hoy fuentes policiales.<\/p>\n\n\n\n<p>El hecho fue descubierto este lunes cuando <strong>lleg\u00f3 el primer empleado del establecimiento situado en la calle 14, entre 46 y 47, de la capital bonaerense, a metros del Palacio de Justicia y en pleno centro de La Plata, y not\u00f3 que faltaban las computadoras y televisores.<\/strong><\/p>\n\n\n\n<p>Seg\u00fan fuentes policiales, si bien forzaron la puerta de entrada, los delincuentes actuaron conociendo el edificio y las instalaciones, e iniciaron el robo el viernes y lo<strong> terminaron un d\u00eda despu\u00e9s, cuando sustrajeron una millonaria suma en pesos, adem\u00e1s de 20 computadoras y televisores.<\/strong><\/p>\n\n\n\n<p>Los voceros explicaron que en el edificio hubo servicio el\u00e9ctrico hasta el viernes a las 14 horas, por lo que sospechan que los ladrones habr\u00edan desactivado<strong> los fusibles que cargan el sistema de alarmas el viernes y concretaron el robo durante el fin de semana, ya sin el sistema de seguridad activado.<\/strong><\/p>\n\n\n\n<p>Los peritos de la Polic\u00eda Cient\u00edfica buscaron en las \u00faltimas horas indicios de los delincuentes en las c\u00e1maras de seguridad, tanto particulares como municipales.<\/p>\n\n\n\n<p>Los investigadores creen que se trata de un grupo de criminales \u00abno improvisados\u00bb y que por la cantidad y dimensiones de los objetos robados actuaron en grupo y con alguna camioneta o veh\u00edculo de porte.<\/p>\n\n\n\n<p>La denuncia fue radicada en la comisar\u00eda primera de La Plata y tom\u00f3 intervenci\u00f3n la Unidad Funcional de Instrucci\u00f3n 9 de Autores Ignorados del departamento judicial de la capital provincial.<\/p>\n","protected":false},"excerpt":{"rendered":"<p>El Colegio de Abogados de la Provincia de Buenos Aires (Colproba), con sede en la ciudad de La Plata, sufri\u00f3 un robo millonario durante el fin de semana pasado por delincuentes que aparentemente planearon el golpe, ya que se produjo en medio de un corte de energ\u00eda que dej\u00f3 anuladas las alarmas, informaron hoy fuentes&hellip;<\/p>\n","protected":false},"author":1,"featured_media":119568,"comment_status":"open","ping_status":"open","sticky":false,"template":"","format":"standard","meta":{"footnotes":""},"categories":[22],"tags":[39262,15825,2450,239,116],"class_list":["post-119567","post","type-post","status-publish","format-standard","has-post-thumbnail","hentry","category-policiales","tag-colegio-de-abogados-bonaerense","tag-colproba","tag-diario-el-sindical","tag-la-plata","tag-robo"],"_links":{"self":[{"href":"https:\/\/www.elsindical.com.ar\/notas\/wp-json\/wp\/v2\/posts\/119567","targetHints":{"allow":["GET"]}}],"collection":[{"href":"https:\/\/www.elsindical.com.ar\/notas\/wp-json\/wp\/v2\/posts"}],"about":[{"href":"https:\/\/www.elsindical.com.ar\/notas\/wp-json\/wp\/v2\/types\/post"}],"author":[{"embeddable":true,"href":"https:\/\/www.elsindical.com.ar\/notas\/wp-json\/wp\/v2\/users\/1"}],"replies":[{"embeddable":true,"href":"https:\/\/www.elsindical.com.ar\/notas\/wp-json\/wp\/v2\/comments?post=119567"}],"version-history":[{"count":1,"href":"https:\/\/www.elsindical.com.ar\/notas\/wp-json\/wp\/v2\/posts\/119567\/revisions"}],"predecessor-version":[{"id":119569,"href":"https:\/\/www.elsindical.com.ar\/notas\/wp-json\/wp\/v2\/posts\/119567\/revisions\/119569"}],"wp:featuredmedia":[{"embeddable":true,"href":"https:\/\/www.elsindical.com.ar\/notas\/wp-json\/wp\/v2\/media\/119568"}],"wp:attachment":[{"href":"https:\/\/www.elsindical.com.ar\/notas\/wp-json\/wp\/v2\/media?parent=119567"}],"wp:term":[{"taxonomy":"category","embeddable":true,"href":"https:\/\/www.elsindical.com.ar\/notas\/wp-json\/wp\/v2\/categories?post=119567"},{"taxonomy":"post_tag","embeddable":true,"href":"https:\/\/www.elsindical.com.ar\/notas\/wp-json\/wp\/v2\/tags?post=119567"}],"curies":[{"name":"wp","href":"https:\/\/api.w.org\/{rel}","templated":true}]}}