{"id":119547,"date":"2023-01-10T10:15:08","date_gmt":"2023-01-10T13:15:08","guid":{"rendered":"https:\/\/www.elsindical.com.ar\/notas\/?p=119547"},"modified":"2023-01-10T10:15:09","modified_gmt":"2023-01-10T13:15:09","slug":"promulgaron-la-ley-del-vino-de-la-provincia-de-buenos-aires","status":"publish","type":"post","link":"https:\/\/www.elsindical.com.ar\/notas\/promulgaron-la-ley-del-vino-de-la-provincia-de-buenos-aires\/","title":{"rendered":"Promulgaron la ley del vino de la Provincia de Buenos Aires"},"content":{"rendered":"<div class=\"wp-block-image\">\n<figure class=\"aligncenter size-full is-resized\"><a href=\"https:\/\/www.elsindical.com.ar\/notas\/var\/www\/html\/notas\/wp-content\/uploads\/2014\/05\/copa-de-vino-tinto.jpg\"><img loading=\"lazy\" decoding=\"async\" src=\"https:\/\/www.elsindical.com.ar\/notas\/var\/www\/html\/notas\/wp-content\/uploads\/2014\/05\/copa-de-vino-tinto.jpg\" alt=\"\" class=\"wp-image-42407\" width=\"635\" height=\"422\" srcset=\"https:\/\/www.elsindical.com.ar\/notas\/var\/www\/html\/notas\/wp-content\/uploads\/2014\/05\/copa-de-vino-tinto.jpg 502w, https:\/\/www.elsindical.com.ar\/notas\/var\/www\/html\/notas\/wp-content\/uploads\/2014\/05\/copa-de-vino-tinto-300x199.jpg 300w, https:\/\/www.elsindical.com.ar\/notas\/var\/www\/html\/notas\/wp-content\/uploads\/2014\/05\/copa-de-vino-tinto-450x300.jpg 450w\" sizes=\"auto, (max-width: 635px) 100vw, 635px\" \/><\/a><\/figure>\n<\/div>\n\n\n<p class=\"wp-block-paragraph\">Tiene como objetivo promover la comercializaci\u00f3n del vino producido en la provincia.<\/p>\n\n\n\n<p class=\"wp-block-paragraph\">El gobernador de la provincia de Buenos Aires<strong>, Axel Kicillof, promulg\u00f3 hoy la Ley 15.404 \u201cVino Buenos Aires\u201d<\/strong> de promoci\u00f3n e incentivo de la vitivinicultura bonaerense.<\/p>\n\n\n\n<p class=\"wp-block-paragraph\">La nueva norma, impulsada por el vicepresidente primero de la C\u00e1mara de Senadores provincial, senador Luis Vivona,<strong> tendr\u00e1 ahora pendiente su reglamentaci\u00f3n<\/strong>, informaron a T\u00e9lam voceros oficiales.<\/p>\n\n\n\n<p class=\"wp-block-paragraph\">La Ley Vino Buenos Aires <strong>busca promover sectores fundamentales<\/strong> para la Provincia, como la producci\u00f3n y el turismo, dice la norma en sus considerandos.<\/p>\n\n\n\n<p class=\"wp-block-paragraph\">\u201cEste fue un trabajo en conjunto, con di\u00e1logo y compromiso, entre productores y bodegueros de nuestra Provincia, escuchando y aprendiendo sobre las necesidades del sector\u201d, afirm\u00f3 Vivona.<\/p>\n\n\n\n<p class=\"wp-block-paragraph\">La ley tiene como objetivo <strong>promover la comercializaci\u00f3n del vino<\/strong> producido en la provincia, para su impulso habr\u00e1 incentivos para nuevos vi\u00f1edos y se realizar\u00e1n campa\u00f1as para promover el enoturismo.<\/p>\n\n\n\n<p class=\"wp-block-paragraph\">Adem\u00e1s, se brindar\u00e1<strong> ayuda log\u00edstica y asistencia t\u00e9cnica y econ\u00f3mica a los productores vitivin\u00edcolas<\/strong> en lo que respecta a la inscripci\u00f3n, env\u00edo de muestras, y a la participaci\u00f3n en premios y concursos nacionales e internacionales.<\/p>\n\n\n\n<p class=\"wp-block-paragraph\">Adem\u00e1s, se realizar\u00e1n <strong>campa\u00f1as de difusi\u00f3n<\/strong> sobre la ubicaci\u00f3n y las caracter\u00edsticas productivas, recreativas y culturales de los vi\u00f1edos y bodegas, con el fin de generar un sitio web donde los vi\u00f1edos y bodegas sumen informaci\u00f3n y material fotogr\u00e1fico actualizado, entre otras medidas.<\/p>\n","protected":false},"excerpt":{"rendered":"<p>Tiene como objetivo promover la comercializaci\u00f3n del vino producido en la provincia. El gobernador de la provincia de Buenos Aires, Axel Kicillof, promulg\u00f3 hoy la Ley 15.404 \u201cVino Buenos Aires\u201d de promoci\u00f3n e incentivo de la vitivinicultura bonaerense. La nueva norma, impulsada por el vicepresidente primero de la C\u00e1mara de Senadores provincial, senador Luis Vivona,&hellip;<\/p>\n","protected":false},"author":1,"featured_media":42407,"comment_status":"open","ping_status":"open","sticky":false,"template":"","format":"standard","meta":{"footnotes":""},"categories":[13],"tags":[13798,154,2450,39253,17851],"class_list":["post-119547","post","type-post","status-publish","format-standard","has-post-thumbnail","hentry","category-politica","tag-axel-kicillof","tag-buenos-aires","tag-diario-el-sindical","tag-ley-15-404","tag-vino"],"_links":{"self":[{"href":"https:\/\/www.elsindical.com.ar\/notas\/wp-json\/wp\/v2\/posts\/119547","targetHints":{"allow":["GET"]}}],"collection":[{"href":"https:\/\/www.elsindical.com.ar\/notas\/wp-json\/wp\/v2\/posts"}],"about":[{"href":"https:\/\/www.elsindical.com.ar\/notas\/wp-json\/wp\/v2\/types\/post"}],"author":[{"embeddable":true,"href":"https:\/\/www.elsindical.com.ar\/notas\/wp-json\/wp\/v2\/users\/1"}],"replies":[{"embeddable":true,"href":"https:\/\/www.elsindical.com.ar\/notas\/wp-json\/wp\/v2\/comments?post=119547"}],"version-history":[{"count":1,"href":"https:\/\/www.elsindical.com.ar\/notas\/wp-json\/wp\/v2\/posts\/119547\/revisions"}],"predecessor-version":[{"id":119548,"href":"https:\/\/www.elsindical.com.ar\/notas\/wp-json\/wp\/v2\/posts\/119547\/revisions\/119548"}],"wp:featuredmedia":[{"embeddable":true,"href":"https:\/\/www.elsindical.com.ar\/notas\/wp-json\/wp\/v2\/media\/42407"}],"wp:attachment":[{"href":"https:\/\/www.elsindical.com.ar\/notas\/wp-json\/wp\/v2\/media?parent=119547"}],"wp:term":[{"taxonomy":"category","embeddable":true,"href":"https:\/\/www.elsindical.com.ar\/notas\/wp-json\/wp\/v2\/categories?post=119547"},{"taxonomy":"post_tag","embeddable":true,"href":"https:\/\/www.elsindical.com.ar\/notas\/wp-json\/wp\/v2\/tags?post=119547"}],"curies":[{"name":"wp","href":"https:\/\/api.w.org\/{rel}","templated":true}]}}