{"id":119525,"date":"2023-01-09T17:18:42","date_gmt":"2023-01-09T20:18:42","guid":{"rendered":"https:\/\/www.elsindical.com.ar\/notas\/?p=119525"},"modified":"2023-01-09T17:18:43","modified_gmt":"2023-01-09T20:18:43","slug":"tres-enfermedades-que-requieren-una-mirada-integral-y-colectiva","status":"publish","type":"post","link":"https:\/\/www.elsindical.com.ar\/notas\/tres-enfermedades-que-requieren-una-mirada-integral-y-colectiva\/","title":{"rendered":"Tres enfermedades que requieren una mirada integral y colectiva"},"content":{"rendered":"<div class=\"wp-block-image\">\n<figure class=\"aligncenter size-full\"><a href=\"https:\/\/www.elsindical.com.ar\/notas\/var\/www\/html\/notas\/wp-content\/uploads\/2023\/01\/mosquito-Dengue.jpg\"><img loading=\"lazy\" decoding=\"async\" width=\"700\" height=\"429\" src=\"https:\/\/www.elsindical.com.ar\/notas\/var\/www\/html\/notas\/wp-content\/uploads\/2023\/01\/mosquito-Dengue.jpg\" alt=\"\" class=\"wp-image-119526\" srcset=\"https:\/\/www.elsindical.com.ar\/notas\/var\/www\/html\/notas\/wp-content\/uploads\/2023\/01\/mosquito-Dengue.jpg 700w, https:\/\/www.elsindical.com.ar\/notas\/var\/www\/html\/notas\/wp-content\/uploads\/2023\/01\/mosquito-Dengue-300x184.jpg 300w, https:\/\/www.elsindical.com.ar\/notas\/var\/www\/html\/notas\/wp-content\/uploads\/2023\/01\/mosquito-Dengue-490x300.jpg 490w\" sizes=\"auto, (max-width: 700px) 100vw, 700px\" \/><\/a><\/figure>\n<\/div>\n\n\n<p class=\"wp-block-paragraph\">El Grupo de Did\u00e1ctica de las Ciencias del CONICET y la Universidad Nacional de La Plata analiza la importancia de no limitar el abordaje de las condiciones de transmisi\u00f3n del Dengue, Zika y Chikungunya al aspecto biom\u00e9dico. Adem\u00e1s, construyeron una gu\u00eda de descarga libre y gratuita con informaci\u00f3n \u00fatil para combatir al mosquito.<\/p>\n\n\n\n<p class=\"wp-block-paragraph\"><strong>Magal\u00ed de Diego (Agencia CTyS-UNLaM) &#8211;<\/strong> Dengue, Zika y Chikungunya son los nombres de tres enfermedades conocidas por ser transmitidas por el mismo mosquito: el conocido <em>Aedes aegypti<\/em>. Si bien al hablar de enfermedades autom\u00e1ticamente se las relaciona con el aspecto biom\u00e9dico, tambi\u00e9n est\u00e1n particularmente atravesadas por otros ejes.<\/p>\n\n\n\n<p class=\"wp-block-paragraph\">\u201cLas condiciones de transmisi\u00f3n no solo se relacionan con lo m\u00e9dico o lo biol\u00f3gico, sino que se involucran con aspectos pol\u00edticos, econ\u00f3micos, sociales, hist\u00f3ricos, culturales\u201d, explica Fernando Garelli, doctor en Ciencias Biol\u00f3gicas y especialista en Educaci\u00f3n en Salud del CONICET, en di\u00e1logo con la <strong>Agencia CTyS-UNLaM<\/strong>.<\/p>\n\n\n\n<p class=\"wp-block-paragraph\">La historia de la llegada del mosquito <em>Aedes aegypti <\/em>al continente americano es un buen ejemplo de la manera en que estas dimensiones atraviesan el problema. \u201cSe cree que esta especie lleg\u00f3 a Am\u00e9rica con la conquista, hacia mediados del siglo XVI, en barcos que tra\u00edan esclavos y esclavas desde \u00c1frica. All\u00ed tambi\u00e9n transportaban barriles con agua en los que se habr\u00edan reproducido los mosquitos a lo largo del viaje. Un conjunto de eventos, decisiones y escenarios que propiciaron su expansi\u00f3n y que no solo tienen que ver con la medicina\u201d, destaca.<\/p>\n\n\n\n<p class=\"wp-block-paragraph\">A su vez, son muchos los especialistas que reconocen la necesidad de dejar de ver la prevenci\u00f3n contra estas enfermedades como algo de exclusiva responsabilidad individual y convocan a contemplarla desde lo colectivo. \u201cEs fundamental que lejos de adoptar el rol de \u2018pacientes\u2019, podamos constituirnos en agentes de transformaci\u00f3n de nuestra salud\u201d, se\u00f1ala Ana Dumrauf, investigadora independiente del CONICET.<\/p>\n\n\n\n<p class=\"wp-block-paragraph\">En relaci\u00f3n a esto, la doctora en Ciencias de la Educaci\u00f3n especializada en el abordaje de enfermedades end\u00e9micas, Mariana Sanmartino sostiene que \u201cla salud debe ser entendida como una construcci\u00f3n colectiva, y que pone en interacci\u00f3n saberes y pr\u00e1cticas instaladas socialmente\u00bb. \u00abEn la salud se expresan las relaciones sociales en general y los v\u00ednculos personales en particular\u201d, agrega.<\/p>\n\n\n<div class=\"wp-block-image\">\n<figure class=\"aligncenter size-full\"><a href=\"https:\/\/www.elsindical.com.ar\/notas\/var\/www\/html\/notas\/wp-content\/uploads\/2023\/01\/acciones-colectivas.jpg\"><img loading=\"lazy\" decoding=\"async\" width=\"700\" height=\"400\" src=\"https:\/\/www.elsindical.com.ar\/notas\/var\/www\/html\/notas\/wp-content\/uploads\/2023\/01\/acciones-colectivas.jpg\" alt=\"\" class=\"wp-image-119527\" srcset=\"https:\/\/www.elsindical.com.ar\/notas\/var\/www\/html\/notas\/wp-content\/uploads\/2023\/01\/acciones-colectivas.jpg 700w, https:\/\/www.elsindical.com.ar\/notas\/var\/www\/html\/notas\/wp-content\/uploads\/2023\/01\/acciones-colectivas-300x171.jpg 300w, https:\/\/www.elsindical.com.ar\/notas\/var\/www\/html\/notas\/wp-content\/uploads\/2023\/01\/acciones-colectivas-500x286.jpg 500w, https:\/\/www.elsindical.com.ar\/notas\/var\/www\/html\/notas\/wp-content\/uploads\/2023\/01\/acciones-colectivas-220x126.jpg 220w\" sizes=\"auto, (max-width: 700px) 100vw, 700px\" \/><\/a><\/figure>\n<\/div>\n\n\n<p class=\"wp-block-paragraph\"><strong>La prevenci\u00f3n, una tarea colectiva<\/strong><\/p>\n\n\n\n<p class=\"wp-block-paragraph\">En todas las cartillas de recomendaciones para tratar de combatir al <em>Aedes aegypti <\/em>se enumeran cambios que se pueden realizar individualmente como, por ejemplo, deshacerse de los contenedores de agua que est\u00e1n en las casas y se convierten en criaderos de mosquitos. Sin embargo, para este equipo interdisciplinario esto no es suficiente.<\/p>\n\n\n\n<p class=\"wp-block-paragraph\">\u201cLa problem\u00e1tica excede a lo que sucede en cada casa. Puede haber criaderos en lugares p\u00fablicos, como cementerios, instituciones o basureros. Puede haber condiciones estructurales que afecten a la problem\u00e1tica. En este sentido, podemos mencionar algunos ejemplos de condiciones que ser\u00edan deseables: que haya una buena gesti\u00f3n y recolecci\u00f3n de los residuos, que nuestros barrios tengan el saneamiento ambiental correspondiente y que tengamos acceso a un aprovisionamiento y almacenamiento de agua adecuados\u201d, explica Adriana Mengascini, investigadora de la Universidad Nacional de La Plata.<\/p>\n\n\n\n<p class=\"wp-block-paragraph\">Por su parte, para Cecilia Mordeglia, qui\u00e9n tambi\u00e9n integra el equipo de investigaci\u00f3n, \u00abes fundamental organizarse entre vecinos para promover la acci\u00f3n colectiva en cada barrio para identificar los problemas particulares de cada lugar y para pensar soluciones e implementarlas o exigirlas al gobierno\u00bb.<\/p>\n","protected":false},"excerpt":{"rendered":"<p>El Grupo de Did\u00e1ctica de las Ciencias del CONICET y la Universidad Nacional de La Plata analiza la importancia de no limitar el abordaje de las condiciones de transmisi\u00f3n del Dengue, Zika y Chikungunya al aspecto biom\u00e9dico. Adem\u00e1s, construyeron una gu\u00eda de descarga libre y gratuita con informaci\u00f3n \u00fatil para combatir al mosquito. Magal\u00ed de&hellip;<\/p>\n","protected":false},"author":1,"featured_media":119526,"comment_status":"open","ping_status":"open","sticky":false,"template":"","format":"standard","meta":{"footnotes":""},"categories":[23],"tags":[39248,5614,8683,2450,5192,22031,39247],"class_list":["post-119525","post","type-post","status-publish","format-standard","has-post-thumbnail","hentry","category-salud","tag-chikungunya","tag-conicet","tag-dengue","tag-diario-el-sindical","tag-enfermedades","tag-salud","tag-zika"],"_links":{"self":[{"href":"https:\/\/www.elsindical.com.ar\/notas\/wp-json\/wp\/v2\/posts\/119525","targetHints":{"allow":["GET"]}}],"collection":[{"href":"https:\/\/www.elsindical.com.ar\/notas\/wp-json\/wp\/v2\/posts"}],"about":[{"href":"https:\/\/www.elsindical.com.ar\/notas\/wp-json\/wp\/v2\/types\/post"}],"author":[{"embeddable":true,"href":"https:\/\/www.elsindical.com.ar\/notas\/wp-json\/wp\/v2\/users\/1"}],"replies":[{"embeddable":true,"href":"https:\/\/www.elsindical.com.ar\/notas\/wp-json\/wp\/v2\/comments?post=119525"}],"version-history":[{"count":1,"href":"https:\/\/www.elsindical.com.ar\/notas\/wp-json\/wp\/v2\/posts\/119525\/revisions"}],"predecessor-version":[{"id":119528,"href":"https:\/\/www.elsindical.com.ar\/notas\/wp-json\/wp\/v2\/posts\/119525\/revisions\/119528"}],"wp:featuredmedia":[{"embeddable":true,"href":"https:\/\/www.elsindical.com.ar\/notas\/wp-json\/wp\/v2\/media\/119526"}],"wp:attachment":[{"href":"https:\/\/www.elsindical.com.ar\/notas\/wp-json\/wp\/v2\/media?parent=119525"}],"wp:term":[{"taxonomy":"category","embeddable":true,"href":"https:\/\/www.elsindical.com.ar\/notas\/wp-json\/wp\/v2\/categories?post=119525"},{"taxonomy":"post_tag","embeddable":true,"href":"https:\/\/www.elsindical.com.ar\/notas\/wp-json\/wp\/v2\/tags?post=119525"}],"curies":[{"name":"wp","href":"https:\/\/api.w.org\/{rel}","templated":true}]}}