{"id":119519,"date":"2023-01-09T11:17:13","date_gmt":"2023-01-09T14:17:13","guid":{"rendered":"https:\/\/www.elsindical.com.ar\/notas\/?p=119519"},"modified":"2023-01-09T11:17:14","modified_gmt":"2023-01-09T14:17:14","slug":"brasil-pidieron-la-captura-del-secretario-de-seguridad-de-brasilia","status":"publish","type":"post","link":"https:\/\/www.elsindical.com.ar\/notas\/brasil-pidieron-la-captura-del-secretario-de-seguridad-de-brasilia\/","title":{"rendered":"Brasil: pidieron la captura del secretario de Seguridad de Brasilia"},"content":{"rendered":"<div class=\"wp-block-image\">\n<figure class=\"aligncenter size-large\"><a href=\"https:\/\/www.elsindical.com.ar\/notas\/var\/www\/html\/notas\/wp-content\/uploads\/2023\/01\/Anderson-Torres-y-Bolsonaro.jpeg\"><img loading=\"lazy\" decoding=\"async\" width=\"1024\" height=\"949\" src=\"https:\/\/www.elsindical.com.ar\/notas\/var\/www\/html\/notas\/wp-content\/uploads\/2023\/01\/Anderson-Torres-y-Bolsonaro-1024x949.jpeg\" alt=\"\" class=\"wp-image-119520\" srcset=\"https:\/\/www.elsindical.com.ar\/notas\/var\/www\/html\/notas\/wp-content\/uploads\/2023\/01\/Anderson-Torres-y-Bolsonaro-1024x949.jpeg 1024w, https:\/\/www.elsindical.com.ar\/notas\/var\/www\/html\/notas\/wp-content\/uploads\/2023\/01\/Anderson-Torres-y-Bolsonaro-300x278.jpeg 300w, https:\/\/www.elsindical.com.ar\/notas\/var\/www\/html\/notas\/wp-content\/uploads\/2023\/01\/Anderson-Torres-y-Bolsonaro-768x712.jpeg 768w, https:\/\/www.elsindical.com.ar\/notas\/var\/www\/html\/notas\/wp-content\/uploads\/2023\/01\/Anderson-Torres-y-Bolsonaro-324x300.jpeg 324w, https:\/\/www.elsindical.com.ar\/notas\/var\/www\/html\/notas\/wp-content\/uploads\/2023\/01\/Anderson-Torres-y-Bolsonaro.jpeg 1170w\" sizes=\"auto, (max-width: 1024px) 100vw, 1024px\" \/><\/a><\/figure>\n<\/div>\n\n\n<p>El gobierno de Lula Da Silva hizo la solicitud al Supremo Tribunal Federal.<\/p>\n\n\n\n<p><strong>El gobierno de Brasil pidi\u00f3 al Supremo Tribunal Federal (STF, corte suprema) que ordene la detenci\u00f3n del reci\u00e9n despedido secretario de Seguridad de Brasilia, <a href=\"https:\/\/twitter.com\/andersongtorres\" target=\"_blank\" rel=\"noreferrer noopener\">Anderson Torres<\/a><\/strong>, por haber permitido el ataque y la invasi\u00f3n de cientos de simpatizantes del expresidente Jair Bolsonaro al Palacio del Planalto, el Congreso y la propia corte, liberando la zona de los delitos.<\/p>\n\n\n\n<p>El pedido, hecho por la Abogac\u00eda General de la Uni\u00f3n (AGU), incluye tambi\u00e9n que el STF determine el cese de la ocupaci\u00f3n de los manifestantes de la puerta de los cuarteles en los cuales piden al Ej\u00e9rcito dar un golpe de estado contra el presidente Luiz In\u00e1cio Lula da Silva para reponer a Bolsonaro.<\/p>\n\n\n\n<p><strong>Torres, quien fuera ministro de Justicia de Bolsonaro, fue despedido del cargo ayer por la tarde por el gobernador Ibaneis Rocha, tambi\u00e9n bolsonarista.<\/strong> Seg\u00fan la prensa local, Torres se encontraba hoy en Orlando, Estados Unidos, junto a Bolsonaro.<\/p>\n\n\n\n<p>Torres hab\u00eda asumido el lunes luego de haber sido hasta el s\u00e1bado 31 de diciembre el ministro de Justicia de Bolsonaro.<\/p>\n\n\n\n<p>Tambi\u00e9n, seg\u00fan un comunicado oficial, <strong>la abogac\u00eda del gobierno pidi\u00f3 que se bloquearan la monetizaci\u00f3n de los sitios y canales digitales de los golpistas que se beneficiaron con la recaudaci\u00f3n de dinero para movilizar a los golpistas.<\/strong><\/p>\n","protected":false},"excerpt":{"rendered":"<p>El gobierno de Lula Da Silva hizo la solicitud al Supremo Tribunal Federal. El gobierno de Brasil pidi\u00f3 al Supremo Tribunal Federal (STF, corte suprema) que ordene la detenci\u00f3n del reci\u00e9n despedido secretario de Seguridad de Brasilia, Anderson Torres, por haber permitido el ataque y la invasi\u00f3n de cientos de simpatizantes del expresidente Jair Bolsonaro&hellip;<\/p>\n","protected":false},"author":1,"featured_media":119520,"comment_status":"open","ping_status":"open","sticky":false,"template":"","format":"standard","meta":{"footnotes":""},"categories":[18],"tags":[39243,95,2450,39244,22156,22157],"class_list":["post-119519","post","type-post","status-publish","format-standard","has-post-thumbnail","hentry","category-internacionales","tag-anderson-torres","tag-brasil","tag-diario-el-sindical","tag-ibaneis-rocha","tag-lula-da-silva","tag-stf"],"_links":{"self":[{"href":"https:\/\/www.elsindical.com.ar\/notas\/wp-json\/wp\/v2\/posts\/119519","targetHints":{"allow":["GET"]}}],"collection":[{"href":"https:\/\/www.elsindical.com.ar\/notas\/wp-json\/wp\/v2\/posts"}],"about":[{"href":"https:\/\/www.elsindical.com.ar\/notas\/wp-json\/wp\/v2\/types\/post"}],"author":[{"embeddable":true,"href":"https:\/\/www.elsindical.com.ar\/notas\/wp-json\/wp\/v2\/users\/1"}],"replies":[{"embeddable":true,"href":"https:\/\/www.elsindical.com.ar\/notas\/wp-json\/wp\/v2\/comments?post=119519"}],"version-history":[{"count":1,"href":"https:\/\/www.elsindical.com.ar\/notas\/wp-json\/wp\/v2\/posts\/119519\/revisions"}],"predecessor-version":[{"id":119521,"href":"https:\/\/www.elsindical.com.ar\/notas\/wp-json\/wp\/v2\/posts\/119519\/revisions\/119521"}],"wp:featuredmedia":[{"embeddable":true,"href":"https:\/\/www.elsindical.com.ar\/notas\/wp-json\/wp\/v2\/media\/119520"}],"wp:attachment":[{"href":"https:\/\/www.elsindical.com.ar\/notas\/wp-json\/wp\/v2\/media?parent=119519"}],"wp:term":[{"taxonomy":"category","embeddable":true,"href":"https:\/\/www.elsindical.com.ar\/notas\/wp-json\/wp\/v2\/categories?post=119519"},{"taxonomy":"post_tag","embeddable":true,"href":"https:\/\/www.elsindical.com.ar\/notas\/wp-json\/wp\/v2\/tags?post=119519"}],"curies":[{"name":"wp","href":"https:\/\/api.w.org\/{rel}","templated":true}]}}