{"id":119495,"date":"2023-01-08T09:34:49","date_gmt":"2023-01-08T12:34:49","guid":{"rendered":"https:\/\/www.elsindical.com.ar\/notas\/?p=119495"},"modified":"2023-01-08T09:34:50","modified_gmt":"2023-01-08T12:34:50","slug":"le-otorgaron-la-eximicion-de-prision-a-una-funcionaria-judicial-acusada-de-provocar-un-fatal-accidente","status":"publish","type":"post","link":"https:\/\/www.elsindical.com.ar\/notas\/le-otorgaron-la-eximicion-de-prision-a-una-funcionaria-judicial-acusada-de-provocar-un-fatal-accidente\/","title":{"rendered":"Le otorgaron la eximici\u00f3n de prisi\u00f3n a una funcionaria judicial acusada de provocar un fatal accidente"},"content":{"rendered":"<div class=\"wp-block-image\">\n<figure class=\"aligncenter size-full\"><a href=\"https:\/\/www.elsindical.com.ar\/notas\/var\/www\/html\/notas\/wp-content\/uploads\/2023\/01\/tunel-y-Emery.jpg\"><img loading=\"lazy\" decoding=\"async\" width=\"950\" height=\"534\" src=\"https:\/\/www.elsindical.com.ar\/notas\/var\/www\/html\/notas\/wp-content\/uploads\/2023\/01\/tunel-y-Emery.jpg\" alt=\"\" class=\"wp-image-119496\" srcset=\"https:\/\/www.elsindical.com.ar\/notas\/var\/www\/html\/notas\/wp-content\/uploads\/2023\/01\/tunel-y-Emery.jpg 950w, https:\/\/www.elsindical.com.ar\/notas\/var\/www\/html\/notas\/wp-content\/uploads\/2023\/01\/tunel-y-Emery-300x169.jpg 300w, https:\/\/www.elsindical.com.ar\/notas\/var\/www\/html\/notas\/wp-content\/uploads\/2023\/01\/tunel-y-Emery-768x432.jpg 768w, https:\/\/www.elsindical.com.ar\/notas\/var\/www\/html\/notas\/wp-content\/uploads\/2023\/01\/tunel-y-Emery-500x281.jpg 500w, https:\/\/www.elsindical.com.ar\/notas\/var\/www\/html\/notas\/wp-content\/uploads\/2023\/01\/tunel-y-Emery-460x260.jpg 460w\" sizes=\"auto, (max-width: 950px) 100vw, 950px\" \/><\/a><\/figure>\n<\/div>\n\n\n<p>La jueza nacional en lo Criminal y Correccional 7, Paula Gonz\u00e1lez, le otorg\u00f3 la eximici\u00f3n de prisi\u00f3n a Romina Luongo, secretaria del Juzgado de Garant\u00edas 8 de Ca\u00f1uelas y ex funcionaria judicial de Lomas de Zamora. La mujer est\u00e1 sospechada de atropellar a un joven en N\u00fa\u00f1ez y escapar.<\/p>\n\n\n<div class=\"wp-block-image\">\n<figure class=\"aligncenter size-full\"><a href=\"https:\/\/www.elsindical.com.ar\/notas\/var\/www\/html\/notas\/wp-content\/uploads\/2023\/01\/Romina-Esther-Luongo.jpg\"><img loading=\"lazy\" decoding=\"async\" width=\"550\" height=\"564\" src=\"https:\/\/www.elsindical.com.ar\/notas\/var\/www\/html\/notas\/wp-content\/uploads\/2023\/01\/Romina-Esther-Luongo.jpg\" alt=\"\" class=\"wp-image-119464\" srcset=\"https:\/\/www.elsindical.com.ar\/notas\/var\/www\/html\/notas\/wp-content\/uploads\/2023\/01\/Romina-Esther-Luongo.jpg 550w, https:\/\/www.elsindical.com.ar\/notas\/var\/www\/html\/notas\/wp-content\/uploads\/2023\/01\/Romina-Esther-Luongo-293x300.jpg 293w, https:\/\/www.elsindical.com.ar\/notas\/var\/www\/html\/notas\/wp-content\/uploads\/2023\/01\/Romina-Esther-Luongo-50x50.jpg 50w\" sizes=\"auto, (max-width: 550px) 100vw, 550px\" \/><\/a><\/figure>\n<\/div>\n\n\n<p>La abogada de Luongo, Patricia Carou, en di\u00e1logo con C5N, dio a conocer la noticia de la excarcelaci\u00f3n y asegur\u00f3 que la ex funcionaria judicial de Lomas \u2013 se desempe\u00f1\u00f3 como secretaria en el Juzgado de Garant\u00edas 3 \u2013 \u201cno hizo abandono de persona\u201d y que su auto Chevrole Onix no golpe\u00f3 a la v\u00edctima, Tom\u00e1s Emery, de 26 a\u00f1os.<\/p>\n\n\n\n<p>Este jueves, la jueza Gonz\u00e1lez dispuso el allanamiento de la vivienda de Luongo, en Burzaco. De all\u00ed, los investigadores se llevaron el Chevrolet Onix que, seg\u00fan testigos, estuvo directamente involucrado en el fatal accidente.<\/p>\n\n\n\n<p>\u201cEl auto no tiene ning\u00fan golpe como para sospechar que haya impactado a la v\u00edctima. Se le sacaron fotos y ya lo tiene la Justicia\u201d, explic\u00f3 la abogada. Y dijo que Luongo pas\u00f3 por el lugar, vio que la moto de Emery&nbsp; \u201czigzagueaba\u201d y luego escuch\u00f3 el impacto.<\/p>\n\n\n\n<p><strong>\u201cElla llam\u00f3 al 911 desde el tel\u00e9fono de la hermana que iba con ella en el auto, se acerc\u00f3 al joven accidentado y otro muchacho le dijo que no lo hiciera porque la imagen era muy fuerte. Ella hizo lo que deb\u00eda hacer y se retir\u00f3\u201d, narr\u00f3 la abogada de la funcionaria judicial.<\/strong><\/p>\n\n\n\n<p>Seg\u00fan este relato, Luongo se dio cuenta de todo lo sucedido al otro d\u00eda, llam\u00f3 a la abogada y la profesional le aconsej\u00f3 no dirigirse a la Polic\u00eda sino directamente a la Justicia.<\/p>\n\n\n\n<p>\u201cNo hubo abandono de persona, mi defendida no particip\u00f3 del accidente y siempre estuvo a disposici\u00f3n de la Justicia\u201d, recalc\u00f3 la letrada.<\/p>\n\n\n\n<p>La historia tuvo su comienzo el lunes pasado, el primer d\u00eda h\u00e1bil del 2023, cuando Emery regresaba a su casa. Algo ocurri\u00f3 en el paso bajo nivel de avenida Libertador y La Pampa que lo desestabiliz\u00f3: vol\u00f3 de su moto y muri\u00f3.<\/p>\n\n\n\n<p>Dos veh\u00edculos estuvieron involucrados en el siniestro vial pero, seg\u00fan pudieron reconstruir los testigos, una mujer que se mov\u00eda en un Chevrolet Onix color azul baj\u00f3 y, al ver la situaci\u00f3n, escap\u00f3.<\/p>\n\n\n\n<p>No estaba sola, iba con una acompa\u00f1ante y simularon \u00abllamar al hermano\u00bb para regresar al veh\u00edculo. Fue ah\u00ed que emprendi\u00f3 la fuga. Tambi\u00e9n se\u00f1alan a una camioneta, aunque no pudieron precisar el modelo.<\/p>\n\n\n\n<p>En redes sociales, familiares y amigos pidieron desesperadamente la ayuda de testigos que hayan podido ver el momento del impacto y que les permitan identificar a los responsables.<\/p>\n\n\n\n<p><strong>Tom\u00e1s Emery era ingeniero recibido en la Universidad Tecnol\u00f3gica Nacional (UTN) y hac\u00eda cuatro meses trabajaba en una empresa dedicada a la exportaci\u00f3n.<\/strong><\/p>\n\n\n\n<p>\u00abLe arrebataron la vida a mi amigo. Unos hijos de mierda lo encerraron y se dieron a la fuga en el t\u00fanel de Avenida Libertador y La Pampa. Necesitamos testigos, informaci\u00f3n\u00bb, pidi\u00f3 desesperada Agustina, una amiga de la v\u00edctima.<\/p>\n\n\n\n<p>\u00abLa que se dio a la fuga es una mujer rubia con vestido negro e iba con una acompa\u00f1ante mujer en un auto azul\u00bb, describi\u00f3.<\/p>\n\n\n\n<p>Fuentes policiales indicaron que fue un testigo del hecho quien alert\u00f3 sobre lo que hab\u00eda pasado y certificaron la muerte a las 19.50. Ese mismo testigo fue quien presenci\u00f3 la escena y vio a la conductora escapar dejando a Tom\u00e1s herido en el suelo.<\/p>\n\n\n\n<p>Esas mismas fuentes indicaron que en las \u00faltimas horas de este jueves se logr\u00f3 notificar a la mujer que habr\u00eda participado del impacto mortal. La investigaci\u00f3n qued\u00f3 caratulada como \u00abhomicidio culposo\u00bb.<\/p>\n","protected":false},"excerpt":{"rendered":"<p>La jueza nacional en lo Criminal y Correccional 7, Paula Gonz\u00e1lez, le otorg\u00f3 la eximici\u00f3n de prisi\u00f3n a Romina Luongo, secretaria del Juzgado de Garant\u00edas 8 de Ca\u00f1uelas y ex funcionaria judicial de Lomas de Zamora. La mujer est\u00e1 sospechada de atropellar a un joven en N\u00fa\u00f1ez y escapar. La abogada de Luongo, Patricia Carou,&hellip;<\/p>\n","protected":false},"author":1,"featured_media":119496,"comment_status":"open","ping_status":"open","sticky":false,"template":"","format":"standard","meta":{"footnotes":""},"categories":[20],"tags":[2450,8067,39233,39234,1998,39225],"class_list":["post-119495","post","type-post","status-publish","format-standard","has-post-thumbnail","hentry","category-judiciales","tag-diario-el-sindical","tag-homicidio-culposo","tag-jueza-paula-gonzalez","tag-romina-luongo","tag-siniestro","tag-tomas-emery"],"_links":{"self":[{"href":"https:\/\/www.elsindical.com.ar\/notas\/wp-json\/wp\/v2\/posts\/119495","targetHints":{"allow":["GET"]}}],"collection":[{"href":"https:\/\/www.elsindical.com.ar\/notas\/wp-json\/wp\/v2\/posts"}],"about":[{"href":"https:\/\/www.elsindical.com.ar\/notas\/wp-json\/wp\/v2\/types\/post"}],"author":[{"embeddable":true,"href":"https:\/\/www.elsindical.com.ar\/notas\/wp-json\/wp\/v2\/users\/1"}],"replies":[{"embeddable":true,"href":"https:\/\/www.elsindical.com.ar\/notas\/wp-json\/wp\/v2\/comments?post=119495"}],"version-history":[{"count":1,"href":"https:\/\/www.elsindical.com.ar\/notas\/wp-json\/wp\/v2\/posts\/119495\/revisions"}],"predecessor-version":[{"id":119497,"href":"https:\/\/www.elsindical.com.ar\/notas\/wp-json\/wp\/v2\/posts\/119495\/revisions\/119497"}],"wp:featuredmedia":[{"embeddable":true,"href":"https:\/\/www.elsindical.com.ar\/notas\/wp-json\/wp\/v2\/media\/119496"}],"wp:attachment":[{"href":"https:\/\/www.elsindical.com.ar\/notas\/wp-json\/wp\/v2\/media?parent=119495"}],"wp:term":[{"taxonomy":"category","embeddable":true,"href":"https:\/\/www.elsindical.com.ar\/notas\/wp-json\/wp\/v2\/categories?post=119495"},{"taxonomy":"post_tag","embeddable":true,"href":"https:\/\/www.elsindical.com.ar\/notas\/wp-json\/wp\/v2\/tags?post=119495"}],"curies":[{"name":"wp","href":"https:\/\/api.w.org\/{rel}","templated":true}]}}