{"id":119463,"date":"2023-01-07T11:39:57","date_gmt":"2023-01-07T14:39:57","guid":{"rendered":"https:\/\/www.elsindical.com.ar\/notas\/?p=119463"},"modified":"2023-01-07T11:39:58","modified_gmt":"2023-01-07T14:39:58","slug":"romina-esther-luongo-es-la-mujer-que-para-la-justicia-mato-a-tomas-emery-en-un-siniestro-vial","status":"publish","type":"post","link":"https:\/\/www.elsindical.com.ar\/notas\/romina-esther-luongo-es-la-mujer-que-para-la-justicia-mato-a-tomas-emery-en-un-siniestro-vial\/","title":{"rendered":"Romina Esther Luongo es la mujer que para la justicia mat\u00f3 a Tom\u00e1s Emery en un siniestro vial"},"content":{"rendered":"<div class=\"wp-block-image\">\n<figure class=\"aligncenter size-full\"><a href=\"https:\/\/www.elsindical.com.ar\/notas\/var\/www\/html\/notas\/wp-content\/uploads\/2023\/01\/Romina-Esther-Luongo.jpg\"><img loading=\"lazy\" decoding=\"async\" width=\"550\" height=\"564\" src=\"https:\/\/www.elsindical.com.ar\/notas\/var\/www\/html\/notas\/wp-content\/uploads\/2023\/01\/Romina-Esther-Luongo.jpg\" alt=\"\" class=\"wp-image-119464\" srcset=\"https:\/\/www.elsindical.com.ar\/notas\/var\/www\/html\/notas\/wp-content\/uploads\/2023\/01\/Romina-Esther-Luongo.jpg 550w, https:\/\/www.elsindical.com.ar\/notas\/var\/www\/html\/notas\/wp-content\/uploads\/2023\/01\/Romina-Esther-Luongo-293x300.jpg 293w, https:\/\/www.elsindical.com.ar\/notas\/var\/www\/html\/notas\/wp-content\/uploads\/2023\/01\/Romina-Esther-Luongo-50x50.jpg 50w\" sizes=\"auto, (max-width: 550px) 100vw, 550px\" \/><\/a><\/figure>\n<\/div>\n\n\n<p class=\"wp-block-paragraph\">   Finalmente la justicia pudo determinar la identidad de la mujer que en un siniestro vial mat\u00f3 al joven motociclista en <strong>el t\u00fanel de la avenida Del Libertador<\/strong> <strong>y Pampa<\/strong>, en el barrio de Belgrano, en tanto que la imputada se fug\u00f3 en su veh\u00edculo lo que promovi\u00f3 una investigaci\u00f3n a cargo la Divisi\u00f3n Homicidios de la fuerza porte\u00f1a.<\/p>\n\n\n\n<p class=\"wp-block-paragraph\">La notificaci\u00f3n se realiz\u00f3 en una vivienda de Burzaco, donde <strong>los efectivos secuestraron el veh\u00edculo implicado en el hecho, un Chevrolet Onix azul oscuro<\/strong> cuya titularidad es de una funcionaria judicial, Romina Esther Luongo <strong>CUIT 27-27820361-7<\/strong> quien es <strong>secretaria de un Juzgado de Garant\u00edas <\/strong>de Lomas de Zamora.<\/p>\n\n\n\n<p class=\"wp-block-paragraph\">Lo grave e inaceptable es que la mujer a diferencia de cualquier ciudadano no fue demorado y es de esperar que el <strong><a href=\"https:\/\/www.cmagistratura.gba.gov.ar\/concursos\/jueza-de-juzgado-de-ejecucion-penal\">Consejo de la Magistratura de la Provincia de Buenos Aires <\/a><\/strong>se expida al respecto de la situaci\u00f3n de la abogada, ya que la misma est\u00e1 ternada para el cargo de <strong>Jueza de Ejecuci\u00f3n Penal<\/strong>, la conducta demostrada es reprochable y las excusas de su defensora est\u00e1n lejos de ser coherentes con la \u00e9tica y la buena fe.<\/p>\n\n\n\n<p class=\"wp-block-paragraph\">La disposici\u00f3n fue ordenada por el Juzgado Nacional en lo Criminal y Correccional 7, <strong>a cargo de Paula Gonz\u00e1lez y ante la Secretar\u00eda \u00danica 121 de Silvina Damiano<\/strong> en el marco de la causa caratulada como homicidio culposo.<\/p>\n\n\n\n<p class=\"wp-block-paragraph\">La orden fue tramitada v\u00eda exhorto ante el <strong>Juzgado de Garant\u00edas 1 <\/strong>del Departamento Judicial de Lomas de Zamora.<\/p>\n\n\n<div class=\"wp-block-image\">\n<figure class=\"aligncenter size-large\"><a href=\"https:\/\/www.elsindical.com.ar\/notas\/var\/www\/html\/notas\/wp-content\/uploads\/2023\/01\/hambre-atropellado-en-tunel-de-Belgrano.jpg\"><img loading=\"lazy\" decoding=\"async\" width=\"1024\" height=\"576\" src=\"https:\/\/www.elsindical.com.ar\/notas\/var\/www\/html\/notas\/wp-content\/uploads\/2023\/01\/hambre-atropellado-en-tunel-de-Belgrano-1024x576.jpg\" alt=\"\" class=\"wp-image-119465\" srcset=\"https:\/\/www.elsindical.com.ar\/notas\/var\/www\/html\/notas\/wp-content\/uploads\/2023\/01\/hambre-atropellado-en-tunel-de-Belgrano-1024x576.jpg 1024w, https:\/\/www.elsindical.com.ar\/notas\/var\/www\/html\/notas\/wp-content\/uploads\/2023\/01\/hambre-atropellado-en-tunel-de-Belgrano-300x169.jpg 300w, https:\/\/www.elsindical.com.ar\/notas\/var\/www\/html\/notas\/wp-content\/uploads\/2023\/01\/hambre-atropellado-en-tunel-de-Belgrano-768x432.jpg 768w, https:\/\/www.elsindical.com.ar\/notas\/var\/www\/html\/notas\/wp-content\/uploads\/2023\/01\/hambre-atropellado-en-tunel-de-Belgrano-500x281.jpg 500w, https:\/\/www.elsindical.com.ar\/notas\/var\/www\/html\/notas\/wp-content\/uploads\/2023\/01\/hambre-atropellado-en-tunel-de-Belgrano-460x260.jpg 460w, https:\/\/www.elsindical.com.ar\/notas\/var\/www\/html\/notas\/wp-content\/uploads\/2023\/01\/hambre-atropellado-en-tunel-de-Belgrano.jpg 1140w\" sizes=\"auto, (max-width: 1024px) 100vw, 1024px\" \/><\/a><\/figure>\n<\/div>\n\n\n<h2 class=\"wp-block-heading\">Testimonios del siniestro<\/h2>\n\n\n\n<p class=\"wp-block-paragraph\">\u201cEl chico andaba en una moto verde y negra de 400 cc. Si realmente fue un accidente y no fue con mala intenci\u00f3n, la persona que fue que d\u00e9 la cara. La familia y amigues quieren saber qu\u00e9 pas\u00f3\u201d, hab\u00eda dicho el d\u00eda antes Paloma, una de las testigos, mientras que otra persona presente en el lugar aclar\u00f3 que <strong>\u201cel auto azul lo encerr\u00f3, lo choc\u00f3 y luego escap\u00f3 como si nada\u201d.<\/strong><\/p>\n\n\n\n<p class=\"wp-block-paragraph\">Facundo, uno de los amigos de Tom\u00e1s Emery, hab\u00eda se\u00f1alado en declaraciones a una se\u00f1al de noticias que <strong>\u201cluego del accidente, la mujer se baj\u00f3 del auto azul, pero la compa\u00f1era la par\u00f3, le dijo que hab\u00eda llamado a la polic\u00eda y se terminaron fugando\u201d.<\/strong><\/p>\n\n\n\n<h2 class=\"wp-block-heading\">La defensa de la imputada<\/h2>\n\n\n\n<p class=\"wp-block-paragraph\">En ese marco, la abogada de Luongo, asegur\u00f3 que su defendida \u201c<strong>no se dio a la fuga\u201d y que \u201cfue testigo no presencial\u201d <\/strong>porque \u201cla moto ven\u00eda desde atr\u00e1s y lo que pudo advertir, es lo que vio a trav\u00e9s del espejo retrovisor\u201d.<\/p>\n\n\n\n<p class=\"wp-block-paragraph\">La letrada Patricia Carou explic\u00f3, en referencia a porque Luongo se retir\u00f3 del lugar al momento de atropellar a Emery, que \u201cella ignora cu\u00e1l es el problema que sufri\u00f3 el muchacho\u201d y al ver que <strong>\u201cya hab\u00eda asistencia y personal de polic\u00eda convocado, entendi\u00f3 que su presencia era innecesaria\u201d.<\/strong><\/p>\n\n\n\n<p class=\"wp-block-paragraph\">Adem\u00e1s agreg\u00f3 que su clienta \u201cfue testigo no presencial\u201d porque <strong>\u201cla moto ven\u00eda desde atr\u00e1s y lo que pudo advertir, es lo que vio a trav\u00e9s del espejo retrovisor\u201d.<\/strong><\/p>\n","protected":false},"excerpt":{"rendered":"<p>Finalmente la justicia pudo determinar la identidad de la mujer que en un siniestro vial mat\u00f3 al joven motociclista en el t\u00fanel de la avenida Del Libertador y Pampa, en el barrio de Belgrano, en tanto que la imputada se fug\u00f3 en su veh\u00edculo lo que promovi\u00f3 una investigaci\u00f3n a cargo la Divisi\u00f3n Homicidios de&hellip;<\/p>\n","protected":false},"author":1,"featured_media":119464,"comment_status":"open","ping_status":"open","sticky":false,"template":"","format":"standard","meta":{"footnotes":""},"categories":[22],"tags":[1225,14083,2450,8067,39224,35659,39225,39226],"class_list":["post-119463","post","type-post","status-publish","format-standard","has-post-thumbnail","hentry","category-policiales","tag-belgrano","tag-consejo-de-la-magistratura-bonaerense","tag-diario-el-sindical","tag-homicidio-culposo","tag-romina-esther-luongo","tag-siniestro-vial","tag-tomas-emery","tag-tunel-avenida-del-libertador"],"_links":{"self":[{"href":"https:\/\/www.elsindical.com.ar\/notas\/wp-json\/wp\/v2\/posts\/119463","targetHints":{"allow":["GET"]}}],"collection":[{"href":"https:\/\/www.elsindical.com.ar\/notas\/wp-json\/wp\/v2\/posts"}],"about":[{"href":"https:\/\/www.elsindical.com.ar\/notas\/wp-json\/wp\/v2\/types\/post"}],"author":[{"embeddable":true,"href":"https:\/\/www.elsindical.com.ar\/notas\/wp-json\/wp\/v2\/users\/1"}],"replies":[{"embeddable":true,"href":"https:\/\/www.elsindical.com.ar\/notas\/wp-json\/wp\/v2\/comments?post=119463"}],"version-history":[{"count":1,"href":"https:\/\/www.elsindical.com.ar\/notas\/wp-json\/wp\/v2\/posts\/119463\/revisions"}],"predecessor-version":[{"id":119466,"href":"https:\/\/www.elsindical.com.ar\/notas\/wp-json\/wp\/v2\/posts\/119463\/revisions\/119466"}],"wp:featuredmedia":[{"embeddable":true,"href":"https:\/\/www.elsindical.com.ar\/notas\/wp-json\/wp\/v2\/media\/119464"}],"wp:attachment":[{"href":"https:\/\/www.elsindical.com.ar\/notas\/wp-json\/wp\/v2\/media?parent=119463"}],"wp:term":[{"taxonomy":"category","embeddable":true,"href":"https:\/\/www.elsindical.com.ar\/notas\/wp-json\/wp\/v2\/categories?post=119463"},{"taxonomy":"post_tag","embeddable":true,"href":"https:\/\/www.elsindical.com.ar\/notas\/wp-json\/wp\/v2\/tags?post=119463"}],"curies":[{"name":"wp","href":"https:\/\/api.w.org\/{rel}","templated":true}]}}