{"id":119447,"date":"2023-01-06T21:13:11","date_gmt":"2023-01-07T00:13:11","guid":{"rendered":"https:\/\/www.elsindical.com.ar\/notas\/?p=119447"},"modified":"2023-01-06T21:13:12","modified_gmt":"2023-01-07T00:13:12","slug":"fabian-doman-le-pidio-ayuda-a-hugo-moyano","status":"publish","type":"post","link":"https:\/\/www.elsindical.com.ar\/notas\/fabian-doman-le-pidio-ayuda-a-hugo-moyano\/","title":{"rendered":"Fabi\u00e1n Doman le pidi\u00f3 ayuda a Hugo Moyano"},"content":{"rendered":"<div class=\"wp-block-image\">\n<figure class=\"aligncenter size-full is-resized\"><a href=\"https:\/\/www.elsindical.com.ar\/notas\/var\/www\/html\/notas\/wp-content\/uploads\/2023\/01\/Doman-y-Moyano.jpg\"><img loading=\"lazy\" decoding=\"async\" src=\"https:\/\/www.elsindical.com.ar\/notas\/var\/www\/html\/notas\/wp-content\/uploads\/2023\/01\/Doman-y-Moyano.jpg\" alt=\"\" class=\"wp-image-119448\" width=\"825\" height=\"432\" srcset=\"https:\/\/www.elsindical.com.ar\/notas\/var\/www\/html\/notas\/wp-content\/uploads\/2023\/01\/Doman-y-Moyano.jpg 800w, https:\/\/www.elsindical.com.ar\/notas\/var\/www\/html\/notas\/wp-content\/uploads\/2023\/01\/Doman-y-Moyano-300x157.jpg 300w, https:\/\/www.elsindical.com.ar\/notas\/var\/www\/html\/notas\/wp-content\/uploads\/2023\/01\/Doman-y-Moyano-768x402.jpg 768w, https:\/\/www.elsindical.com.ar\/notas\/var\/www\/html\/notas\/wp-content\/uploads\/2023\/01\/Doman-y-Moyano-500x262.jpg 500w\" sizes=\"auto, (max-width: 825px) 100vw, 825px\" \/><\/a><\/figure>\n<\/div>\n\n\n<p>   En un ins\u00f3lito acto de desesperaci\u00f3n y demostrando poca capacidad para gestionar, Fabi\u00e1n Doman, tuvo que pedirle ayuda a Hugo Moyano, ante las deudas que el club posee y no se encuentra en condiciones de afrontar.<\/p>\n\n\n\n<p>Cuando asumi\u00f3 en Independiente, <strong>Fabi\u00e1n Doman<\/strong> se encontr\u00f3 con un panorama peor del que hab\u00eda imaginado. Las deudas ascend\u00edan a 6.658 millones de pesos y los reclamos por compromisos no cumplidos con&nbsp;jugadores y clubes no paran de caer. El \u00faltimo reclamo y el m\u00e1s importante tiene que ver con la deuda que el club mantiene con <strong>Am\u00e9rica de M\u00e9xico<\/strong> por los pases de <strong>Silvio Romero<\/strong> y&nbsp;<strong>Cecilio Dom\u00ednguez<\/strong>: despu\u00e9s de caerse el \u00faltimo plan de pagos,<strong> los aztecas le pidieron a la FIFA duras sanciones contra el club de Avellaneda<\/strong>. La cifra que incumpli\u00f3 el Rojo asciende a los <strong>5.700.000 d\u00f3lares<\/strong>.<\/p>\n\n\n\n<p>El presidente de Independiente trabaja contra reloj para evitar una sanci\u00f3n que lo inhiba en los pr\u00f3ximos mercados de pases. Incluso, el Am\u00e9rcia fue m\u00e1s all\u00e1 y hasta le pidi\u00f3 a FIFA una quita de puntos y hasta la posibilidad de perder la categor\u00eda.<\/p>\n\n\n\n<p>En medio de ese panorama complicado, Fabi\u00e1n Doman le pidi\u00f3 ayuda al personaje menos pensado. Es que, el periodista decidi\u00f3 recurrir a Hugo Moyano por considerarlo el responsable de este desastre.<\/p>\n\n\n\n<p>\u201cHabl\u00e9 con Moyano, le ped\u00ed que tiene que hacer un esfuerzo econ\u00f3mico personal por la situaci\u00f3n en la que dej\u00f3 a Independiente\u2026 Estoy esperando que me responda\u201d, revel\u00f3 en DSpors Radio.&nbsp;<\/p>\n\n\n\n<p>\u201cNos hemos encontrado con contratos de jugadores que son obscenos. Me gustar\u00eda una explicaci\u00f3n del Secretario anterior (H\u00e9ctor Maldonado) sobre todo esto\u201d, sigui\u00f3 el nuevo presidente del Rojo.<\/p>\n\n\n\n<p>En cuanto a decisi\u00f3n del Am\u00e9rica de M\u00e9xico de recurrir al Tribunal de Arbitraje Deportivo (TAS) para cobrar sus deudas cuanto antes, Doman fue tajante:&nbsp;\u201cNo sabemos si Am\u00e9rica busca cobrar o lastimar a Independiente, porque le ofrecimos cuatro planes de pago y no acept\u00f3 ninguno\u201d.<\/p>\n","protected":false},"excerpt":{"rendered":"<p>En un ins\u00f3lito acto de desesperaci\u00f3n y demostrando poca capacidad para gestionar, Fabi\u00e1n Doman, tuvo que pedirle ayuda a Hugo Moyano, ante las deudas que el club posee y no se encuentra en condiciones de afrontar. Cuando asumi\u00f3 en Independiente, Fabi\u00e1n Doman se encontr\u00f3 con un panorama peor del que hab\u00eda imaginado. Las deudas ascend\u00edan&hellip;<\/p>\n","protected":false},"author":1,"featured_media":119448,"comment_status":"open","ping_status":"open","sticky":false,"template":"","format":"standard","meta":{"footnotes":""},"categories":[7],"tags":[461,11318,3307,2450,35012,14645,77],"class_list":["post-119447","post","type-post","status-publish","format-standard","has-post-thumbnail","hentry","category-deportes","tag-avellaneda","tag-club-atletico-independiente","tag-deudas","tag-diario-el-sindical","tag-fabian-doman","tag-fifa","tag-hugo-moyano"],"_links":{"self":[{"href":"https:\/\/www.elsindical.com.ar\/notas\/wp-json\/wp\/v2\/posts\/119447","targetHints":{"allow":["GET"]}}],"collection":[{"href":"https:\/\/www.elsindical.com.ar\/notas\/wp-json\/wp\/v2\/posts"}],"about":[{"href":"https:\/\/www.elsindical.com.ar\/notas\/wp-json\/wp\/v2\/types\/post"}],"author":[{"embeddable":true,"href":"https:\/\/www.elsindical.com.ar\/notas\/wp-json\/wp\/v2\/users\/1"}],"replies":[{"embeddable":true,"href":"https:\/\/www.elsindical.com.ar\/notas\/wp-json\/wp\/v2\/comments?post=119447"}],"version-history":[{"count":1,"href":"https:\/\/www.elsindical.com.ar\/notas\/wp-json\/wp\/v2\/posts\/119447\/revisions"}],"predecessor-version":[{"id":119449,"href":"https:\/\/www.elsindical.com.ar\/notas\/wp-json\/wp\/v2\/posts\/119447\/revisions\/119449"}],"wp:featuredmedia":[{"embeddable":true,"href":"https:\/\/www.elsindical.com.ar\/notas\/wp-json\/wp\/v2\/media\/119448"}],"wp:attachment":[{"href":"https:\/\/www.elsindical.com.ar\/notas\/wp-json\/wp\/v2\/media?parent=119447"}],"wp:term":[{"taxonomy":"category","embeddable":true,"href":"https:\/\/www.elsindical.com.ar\/notas\/wp-json\/wp\/v2\/categories?post=119447"},{"taxonomy":"post_tag","embeddable":true,"href":"https:\/\/www.elsindical.com.ar\/notas\/wp-json\/wp\/v2\/tags?post=119447"}],"curies":[{"name":"wp","href":"https:\/\/api.w.org\/{rel}","templated":true}]}}