{"id":119420,"date":"2023-01-06T00:24:22","date_gmt":"2023-01-06T03:24:22","guid":{"rendered":"https:\/\/www.elsindical.com.ar\/notas\/?p=119420"},"modified":"2023-01-06T00:24:23","modified_gmt":"2023-01-06T03:24:23","slug":"les-luthiers-dice-adios-luego-de-55-anos-de-trayectoria","status":"publish","type":"post","link":"https:\/\/www.elsindical.com.ar\/notas\/les-luthiers-dice-adios-luego-de-55-anos-de-trayectoria\/","title":{"rendered":"Les Luthiers dice adi\u00f3s luego de 55 a\u00f1os de trayectoria"},"content":{"rendered":"<div class=\"wp-block-image\">\n<figure class=\"aligncenter size-full\"><a href=\"https:\/\/www.elsindical.com.ar\/notas\/var\/www\/html\/notas\/wp-content\/uploads\/2023\/01\/despedida-les-luthiers.jpeg\"><img loading=\"lazy\" decoding=\"async\" width=\"1024\" height=\"1024\" src=\"https:\/\/www.elsindical.com.ar\/notas\/var\/www\/html\/notas\/wp-content\/uploads\/2023\/01\/despedida-les-luthiers.jpeg\" alt=\"\" class=\"wp-image-119421\" srcset=\"https:\/\/www.elsindical.com.ar\/notas\/var\/www\/html\/notas\/wp-content\/uploads\/2023\/01\/despedida-les-luthiers.jpeg 1024w, https:\/\/www.elsindical.com.ar\/notas\/var\/www\/html\/notas\/wp-content\/uploads\/2023\/01\/despedida-les-luthiers-300x300.jpeg 300w, https:\/\/www.elsindical.com.ar\/notas\/var\/www\/html\/notas\/wp-content\/uploads\/2023\/01\/despedida-les-luthiers-150x150.jpeg 150w, https:\/\/www.elsindical.com.ar\/notas\/var\/www\/html\/notas\/wp-content\/uploads\/2023\/01\/despedida-les-luthiers-768x768.jpeg 768w, https:\/\/www.elsindical.com.ar\/notas\/var\/www\/html\/notas\/wp-content\/uploads\/2023\/01\/despedida-les-luthiers-50x50.jpeg 50w\" sizes=\"auto, (max-width: 1024px) 100vw, 1024px\" \/><\/a><\/figure>\n<\/div>\n\n\n<p>Lo informaron dos de sus integrantes hist\u00f3ricos, Carlos L\u00f3pez Puccio y Jorge Maronna.<\/p>\n\n\n\n<p>Tras 55 a\u00f1os de trayectoria, el conjunto humor\u00edstico-musical <strong>Les Luthiers anunci\u00f3 su despedida definitiva de los escenarios con la gira de \u201cM\u00e1s tropiezos de Mastropiero<\/strong>\u201d, el espect\u00e1culo que se estrenar\u00e1 el pr\u00f3ximo 12 de enero en el Teatro \u00d3pera de Buenos Aires.<\/p>\n\n\n\n<p>La decisi\u00f3n de decirle adi\u00f3s al p\u00fablico fue <strong>tomada por sus dos integrantes \u201chist\u00f3ricos\u201d, que forman parte del grupo desde su creaci\u00f3n en 1967: Carlos L\u00f3pez Puccio y Jorge Maronna.<\/strong><\/p>\n\n\n\n<p>\u201cEste a\u00f1o cumplir\u00e9 77 a\u00f1os y Jorge 75 -explic\u00f3 L\u00f3pez Puccio en un comunicado-. <strong>Nos sentimos muy vitales, y art\u00edsticamente creemos estar en nuestro mejor momento; pero a medida que nos acercamos a los 80 nuestros m\u00fasculos y articulaciones nos anticipan que pronto comenzar\u00e1n a presentarnos impedimentos\u201d.<\/strong><\/p>\n\n\n\n<p>Por su parte, Maronna agreg\u00f3: \u201cNo va a ser f\u00e1cil dar por concluido este maravilloso trabajo que disfrutamos desde muy j\u00f3venes, ni despedirnos del p\u00fablico que nos sigue y apoya, pero <strong>Mastropiero merece descansar despu\u00e9s de tantos a\u00f1os de aventuras\u201d.<\/strong><\/p>\n\n\n\n<figure class=\"wp-block-image size-large\"><a href=\"https:\/\/www.elsindical.com.ar\/notas\/var\/www\/html\/notas\/wp-content\/uploads\/2023\/01\/Les-Luthiers.jpg\"><img loading=\"lazy\" decoding=\"async\" width=\"1024\" height=\"598\" src=\"https:\/\/www.elsindical.com.ar\/notas\/var\/www\/html\/notas\/wp-content\/uploads\/2023\/01\/Les-Luthiers-1024x598.jpg\" alt=\"\" class=\"wp-image-119422\" srcset=\"https:\/\/www.elsindical.com.ar\/notas\/var\/www\/html\/notas\/wp-content\/uploads\/2023\/01\/Les-Luthiers-1024x598.jpg 1024w, https:\/\/www.elsindical.com.ar\/notas\/var\/www\/html\/notas\/wp-content\/uploads\/2023\/01\/Les-Luthiers-300x175.jpg 300w, https:\/\/www.elsindical.com.ar\/notas\/var\/www\/html\/notas\/wp-content\/uploads\/2023\/01\/Les-Luthiers-768x449.jpg 768w, https:\/\/www.elsindical.com.ar\/notas\/var\/www\/html\/notas\/wp-content\/uploads\/2023\/01\/Les-Luthiers-500x292.jpg 500w, https:\/\/www.elsindical.com.ar\/notas\/var\/www\/html\/notas\/wp-content\/uploads\/2023\/01\/Les-Luthiers.jpg 1181w\" sizes=\"auto, (max-width: 1024px) 100vw, 1024px\" \/><\/a><\/figure>\n\n\n\n<h2 class=\"wp-block-heading\">El \u00faltimo acto de Les Luthiers<\/h2>\n\n\n\n<p>El estreno del \u00faltimo espect\u00e1culo tendr\u00e1 lugar <strong>en el teatro \u00d3pera el pr\u00f3ximo jueves 12 de enero, y all\u00ed se presentar\u00e1 todos los fines de semana durante la temporada de verano<\/strong>.<\/p>\n\n\n\n<p><strong>La gira continuar\u00e1 a lo largo de este a\u00f1o por distintas ciudades <\/strong>argentinas adem\u00e1s de recorrer salas de M\u00e9xico, Colombia, Costa Rica, Chile, Uruguay y Espa\u00f1a.<\/p>\n\n\n\n<p>La obra estar\u00e1 interpretada por la <strong>versi\u00f3n 2019 del elenco de Les Luthiers<\/strong>, integrado por Roberto Antier, Tom\u00e1s Mayer-Wolf, Mart\u00edn O\u2019Connor y Horacio Tato Turano, y act\u00faan como alternantes Santiago Otero Ramos y Pablo Rabinovich.<\/p>\n\n\n\n<p><strong>M\u00e1s tropiezos de Mastropiero<\/strong>, es un corolario de la prolongada historia del grupo y a la vez elogio de la carrera del c\u00e9lebre compositor y constituye, por el dise\u00f1o del relato y el novedoso aporte de las virtudes del elenco 2019, una suerte de <strong>s\u00edntesis entre tradici\u00f3n y modernidad<\/strong>.<\/p>\n","protected":false},"excerpt":{"rendered":"<p>Lo informaron dos de sus integrantes hist\u00f3ricos, Carlos L\u00f3pez Puccio y Jorge Maronna. Tras 55 a\u00f1os de trayectoria, el conjunto humor\u00edstico-musical Les Luthiers anunci\u00f3 su despedida definitiva de los escenarios con la gira de \u201cM\u00e1s tropiezos de Mastropiero\u201d, el espect\u00e1culo que se estrenar\u00e1 el pr\u00f3ximo 12 de enero en el Teatro \u00d3pera de Buenos Aires.&hellip;<\/p>\n","protected":false},"author":1,"featured_media":119421,"comment_status":"open","ping_status":"open","sticky":false,"template":"","format":"standard","meta":{"footnotes":""},"categories":[15],"tags":[39203,1490,2450,39204,32850],"class_list":["post-119420","post","type-post","status-publish","format-standard","has-post-thumbnail","hentry","category-espectaculos","tag-conjunto-humoristico-musical","tag-despedida","tag-diario-el-sindical","tag-gira-despedida","tag-les-luthiers"],"_links":{"self":[{"href":"https:\/\/www.elsindical.com.ar\/notas\/wp-json\/wp\/v2\/posts\/119420","targetHints":{"allow":["GET"]}}],"collection":[{"href":"https:\/\/www.elsindical.com.ar\/notas\/wp-json\/wp\/v2\/posts"}],"about":[{"href":"https:\/\/www.elsindical.com.ar\/notas\/wp-json\/wp\/v2\/types\/post"}],"author":[{"embeddable":true,"href":"https:\/\/www.elsindical.com.ar\/notas\/wp-json\/wp\/v2\/users\/1"}],"replies":[{"embeddable":true,"href":"https:\/\/www.elsindical.com.ar\/notas\/wp-json\/wp\/v2\/comments?post=119420"}],"version-history":[{"count":1,"href":"https:\/\/www.elsindical.com.ar\/notas\/wp-json\/wp\/v2\/posts\/119420\/revisions"}],"predecessor-version":[{"id":119423,"href":"https:\/\/www.elsindical.com.ar\/notas\/wp-json\/wp\/v2\/posts\/119420\/revisions\/119423"}],"wp:featuredmedia":[{"embeddable":true,"href":"https:\/\/www.elsindical.com.ar\/notas\/wp-json\/wp\/v2\/media\/119421"}],"wp:attachment":[{"href":"https:\/\/www.elsindical.com.ar\/notas\/wp-json\/wp\/v2\/media?parent=119420"}],"wp:term":[{"taxonomy":"category","embeddable":true,"href":"https:\/\/www.elsindical.com.ar\/notas\/wp-json\/wp\/v2\/categories?post=119420"},{"taxonomy":"post_tag","embeddable":true,"href":"https:\/\/www.elsindical.com.ar\/notas\/wp-json\/wp\/v2\/tags?post=119420"}],"curies":[{"name":"wp","href":"https:\/\/api.w.org\/{rel}","templated":true}]}}