{"id":119401,"date":"2023-01-05T18:28:33","date_gmt":"2023-01-05T21:28:33","guid":{"rendered":"https:\/\/www.elsindical.com.ar\/notas\/?p=119401"},"modified":"2023-01-05T18:37:41","modified_gmt":"2023-01-05T21:37:41","slug":"trabajadores-de-clinicas-privadas-contra-atsa-y-fatsa-consideran-que-hector-daer-es-un-traidor","status":"publish","type":"post","link":"https:\/\/www.elsindical.com.ar\/notas\/trabajadores-de-clinicas-privadas-contra-atsa-y-fatsa-consideran-que-hector-daer-es-un-traidor\/","title":{"rendered":"Trabajadores de cl\u00ednicas privadas contra ATSA y FATSA, consideran que H\u00e9ctor Daer es un traidor"},"content":{"rendered":"\n<figure class=\"wp-block-image size-full\"><a href=\"https:\/\/www.elsindical.com.ar\/notas\/var\/www\/html\/notas\/wp-content\/uploads\/2023\/01\/ATSA-y-FATSA.jpg\"><img loading=\"lazy\" decoding=\"async\" width=\"1000\" height=\"272\" src=\"https:\/\/www.elsindical.com.ar\/notas\/var\/www\/html\/notas\/wp-content\/uploads\/2023\/01\/ATSA-y-FATSA.jpg\" alt=\"\" class=\"wp-image-119402\" srcset=\"https:\/\/www.elsindical.com.ar\/notas\/var\/www\/html\/notas\/wp-content\/uploads\/2023\/01\/ATSA-y-FATSA.jpg 1000w, https:\/\/www.elsindical.com.ar\/notas\/var\/www\/html\/notas\/wp-content\/uploads\/2023\/01\/ATSA-y-FATSA-300x82.jpg 300w, https:\/\/www.elsindical.com.ar\/notas\/var\/www\/html\/notas\/wp-content\/uploads\/2023\/01\/ATSA-y-FATSA-768x209.jpg 768w, https:\/\/www.elsindical.com.ar\/notas\/var\/www\/html\/notas\/wp-content\/uploads\/2023\/01\/ATSA-y-FATSA-500x136.jpg 500w\" sizes=\"auto, (max-width: 1000px) 100vw, 1000px\" \/><\/a><\/figure>\n\n\n\n<p>      Cientos de trabajadores de cl\u00ednicas privadas de CABA y el AMBA, ya est\u00e1n cansados de los delegados que supuestamente los representan, en los sindicatos de primer grado como son los ATSA, que en conjunto conforman la FATSA.<\/p>\n\n\n\n<p>La cara visible del gremio la lleva H\u00e9ctor Ricardo Daer, quien desde que encabez\u00f3 la Lista Celeste y Blanca en 1992, a la fecha se ha mantenido en el cargo de Secretario General integrando adem\u00e1s la conducci\u00f3n de la FATSA y de la CGT, integra los hist\u00f3ricos sindicalistas llamados \u00ablos gordos\u00bb junto a su primo Rodolfo Daer, Secretario General del sindicato de alimentaci\u00f3n STIA y la FTIA, quienes adem\u00e1s de participar en actividades sindicales, tienen una fuerte actividad pol\u00edtica, junto a otro primo Omar Luis Daer, ex abogado de Carlos Menem y apoderado del PJ en la provincia de Buenos Aires.<\/p>\n\n\n\n<p>As\u00ed las cosas, estos millonarios sindicalistas, encuentran un negocio en todo, incluso en asociarse con inescrupulosos empresarios para obtener beneficios econ\u00f3micos y los trabajadores que se jodan, eso s\u00ed, un par de d\u00edas van a ir con la bandera del sindicato, dos redoblantes y un bombo, pero poco cambia la situaci\u00f3n de los trabajadores, cualquier acuerdo siempre ir\u00e1 a menos.<\/p>\n\n\n\n<p>En los \u00faltimos meses, trabajadores de al menos 3 cl\u00ednicas del AMBA, Cl\u00ednica Avellaneda Medical Center, Maternidad de Lomas de Zamora y la Cl\u00ednica San Jorge de Lan\u00fas, a estos trabajadores se suman los del Sanatorio Santa B\u00e1rbara ex UAI, de CABA, pero \u00bfqu\u00e9 tienen todos en com\u00fan?, al empresario multidenunciado Roberto Bustamante, due\u00f1o de varias cl\u00ednicas m\u00e1s, donde tambi\u00e9n se registraron protestas en meses anteriores, pero tambi\u00e9n comparten un mismo mal, la supuesta representaci\u00f3n sindical de la Lista Celeste y Blanca de ATSA.<\/p>\n\n\n\n<figure class=\"wp-block-image size-full\"><a href=\"https:\/\/www.elsindical.com.ar\/notas\/var\/www\/html\/notas\/wp-content\/uploads\/2021\/12\/protesta-clinica-maternal.jpeg\"><img loading=\"lazy\" decoding=\"async\" width=\"1008\" height=\"756\" src=\"https:\/\/www.elsindical.com.ar\/notas\/var\/www\/html\/notas\/wp-content\/uploads\/2021\/12\/protesta-clinica-maternal.jpeg\" alt=\"\" class=\"wp-image-110059\" srcset=\"https:\/\/www.elsindical.com.ar\/notas\/var\/www\/html\/notas\/wp-content\/uploads\/2021\/12\/protesta-clinica-maternal.jpeg 1008w, https:\/\/www.elsindical.com.ar\/notas\/var\/www\/html\/notas\/wp-content\/uploads\/2021\/12\/protesta-clinica-maternal-300x225.jpeg 300w, https:\/\/www.elsindical.com.ar\/notas\/var\/www\/html\/notas\/wp-content\/uploads\/2021\/12\/protesta-clinica-maternal-768x576.jpeg 768w, https:\/\/www.elsindical.com.ar\/notas\/var\/www\/html\/notas\/wp-content\/uploads\/2021\/12\/protesta-clinica-maternal-400x300.jpeg 400w\" sizes=\"auto, (max-width: 1008px) 100vw, 1008px\" \/><\/a><\/figure>\n\n\n\n<figure class=\"wp-block-image size-full\"><a href=\"https:\/\/www.elsindical.com.ar\/notas\/var\/www\/html\/notas\/wp-content\/uploads\/2023\/01\/Clinica-Santa-Barbara-protesta.jpg\"><img loading=\"lazy\" decoding=\"async\" width=\"960\" height=\"720\" src=\"https:\/\/www.elsindical.com.ar\/notas\/var\/www\/html\/notas\/wp-content\/uploads\/2023\/01\/Clinica-Santa-Barbara-protesta.jpg\" alt=\"\" class=\"wp-image-119407\" srcset=\"https:\/\/www.elsindical.com.ar\/notas\/var\/www\/html\/notas\/wp-content\/uploads\/2023\/01\/Clinica-Santa-Barbara-protesta.jpg 960w, https:\/\/www.elsindical.com.ar\/notas\/var\/www\/html\/notas\/wp-content\/uploads\/2023\/01\/Clinica-Santa-Barbara-protesta-300x225.jpg 300w, https:\/\/www.elsindical.com.ar\/notas\/var\/www\/html\/notas\/wp-content\/uploads\/2023\/01\/Clinica-Santa-Barbara-protesta-768x576.jpg 768w, https:\/\/www.elsindical.com.ar\/notas\/var\/www\/html\/notas\/wp-content\/uploads\/2023\/01\/Clinica-Santa-Barbara-protesta-400x300.jpg 400w\" sizes=\"auto, (max-width: 960px) 100vw, 960px\" \/><\/a><\/figure>\n\n\n\n<p>Algunos de estos trabajadores est\u00e1n peor que otros como por ejemplo los de la Maternidad de Lomas de Zamora, donde se denunci\u00f3 en los \u00faltimos d\u00edas del mes de diciembre del 2022 maniobras de vaciamiento por parte de Bustamante, que adem\u00e1s dirige la firma PRORAM, dedicada a productos m\u00e9dicos y proveedor del PAMI, as\u00ed como los Grupos Santa B\u00e1rbara y Organizaci\u00f3n M\u00e9dica S.A entre algunos de sus muchos negocios, donde la precaridad laboral es habitual, as\u00ed como las demoras en los pagos de los salarios.<\/p>\n\n\n\n<p>Con todo esto hay dos posiciones bien distintas, por un lado AMRA, Asociaci\u00f3n de M\u00e9dicos de Argentina, el sindicato de los m\u00e9dicos que en inspecciones a las cl\u00ednicas mencionadas ha encontrado situaciones irregulares que fueron denunciadas y dadas a conocer en los medios de prensa, por el contrario ni ATSA ni FATSA, representan a sus trabajadores, los pocos acuerdos laborales siempre dejan al trabajador con un mal arreglo y en las redes sociales son cientos los que ya no temen insultar o acusar a sus delegados de no hacer nada para beneficio de los trabajadores, mientras ven a los delegados y representantes del sindicato de vacaciones por playas y viviendo una vida muy distinta a la de la mayor\u00eda de los trabajadores.<\/p>\n\n\n\n<p>Finalmente Roberto Bustamante tiene entre sus clientes a algunos sindicatos, que le permiten tener ganancias con pocos controles.<\/p>\n\n\n<div class=\"wp-block-image\">\n<figure class=\"aligncenter size-full\"><a href=\"https:\/\/www.elsindical.com.ar\/notas\/var\/www\/html\/notas\/wp-content\/uploads\/2023\/01\/Roberto-Bustamante-cenando.jpg\"><img loading=\"lazy\" decoding=\"async\" width=\"606\" height=\"531\" src=\"https:\/\/www.elsindical.com.ar\/notas\/var\/www\/html\/notas\/wp-content\/uploads\/2023\/01\/Roberto-Bustamante-cenando.jpg\" alt=\"\" class=\"wp-image-119405\" srcset=\"https:\/\/www.elsindical.com.ar\/notas\/var\/www\/html\/notas\/wp-content\/uploads\/2023\/01\/Roberto-Bustamante-cenando.jpg 606w, https:\/\/www.elsindical.com.ar\/notas\/var\/www\/html\/notas\/wp-content\/uploads\/2023\/01\/Roberto-Bustamante-cenando-300x263.jpg 300w, https:\/\/www.elsindical.com.ar\/notas\/var\/www\/html\/notas\/wp-content\/uploads\/2023\/01\/Roberto-Bustamante-cenando-342x300.jpg 342w\" sizes=\"auto, (max-width: 606px) 100vw, 606px\" \/><\/a><\/figure>\n<\/div>\n\n\n<p>Lo que no se explica es, c\u00f3mo un tipo con varias causas penales, denunciado por ex empleados y familiares de fraudes al PAMI y a pesar de todo eso, sigue siendo proveedor y prestador del organismo, lo que evidencia que la corrupci\u00f3n y la impunidad pesan m\u00e1s que las vidas que se ha cobrado esta mafia que crece a pesar de todo.<\/p>\n\n\n\n<p>De la \u00abteta del Estado\u00bb se dice maman muchos, de la del PAMI son siempre los mismos, pasan los presidentes, los pol\u00edticos pero la \u00abquintita\u00bb de los proveedores y los que negocian con el organismo no cambian.<\/p>\n\n\n\n<figure class=\"wp-block-image size-large\"><a href=\"https:\/\/www.elsindical.com.ar\/notas\/var\/www\/html\/notas\/wp-content\/uploads\/2023\/01\/Daer-y-Luana.jpg\"><img loading=\"lazy\" decoding=\"async\" width=\"1024\" height=\"687\" src=\"https:\/\/www.elsindical.com.ar\/notas\/var\/www\/html\/notas\/wp-content\/uploads\/2023\/01\/Daer-y-Luana-1024x687.jpg\" alt=\"\" class=\"wp-image-119403\" srcset=\"https:\/\/www.elsindical.com.ar\/notas\/var\/www\/html\/notas\/wp-content\/uploads\/2023\/01\/Daer-y-Luana-1024x687.jpg 1024w, https:\/\/www.elsindical.com.ar\/notas\/var\/www\/html\/notas\/wp-content\/uploads\/2023\/01\/Daer-y-Luana-300x201.jpg 300w, https:\/\/www.elsindical.com.ar\/notas\/var\/www\/html\/notas\/wp-content\/uploads\/2023\/01\/Daer-y-Luana-768x515.jpg 768w, https:\/\/www.elsindical.com.ar\/notas\/var\/www\/html\/notas\/wp-content\/uploads\/2023\/01\/Daer-y-Luana-447x300.jpg 447w, https:\/\/www.elsindical.com.ar\/notas\/var\/www\/html\/notas\/wp-content\/uploads\/2023\/01\/Daer-y-Luana.jpg 1476w\" sizes=\"auto, (max-width: 1024px) 100vw, 1024px\" \/><\/a><\/figure>\n\n\n\n<p>Por Marcelo Ricardo Hawrylciw<\/p>\n","protected":false},"excerpt":{"rendered":"<p>Cientos de trabajadores de cl\u00ednicas privadas de CABA y el AMBA, ya est\u00e1n cansados de los delegados que supuestamente los representan, en los sindicatos de primer grado como son los ATSA, que en conjunto conforman la FATSA. La cara visible del gremio la lleva H\u00e9ctor Ricardo Daer, quien desde que encabez\u00f3 la Lista Celeste y&hellip;<\/p>\n","protected":false},"author":1,"featured_media":119402,"comment_status":"open","ping_status":"open","sticky":false,"template":"","format":"standard","meta":{"footnotes":""},"categories":[16],"tags":[3468,3370,4284,19578,39197,2450,3371,36380,39196,36379,39200,3582,39199,39135,39198],"class_list":["post-119401","post","type-post","status-publish","format-standard","has-post-thumbnail","hentry","category-gremiales","tag-amba","tag-atsa","tag-caba","tag-clinica-avellaneda-medical-center","tag-clinica-san-jorge-de-lanus","tag-diario-el-sindical","tag-fatsa","tag-hector-ricardo-daer","tag-maternidad-de-lomas-de-zamora","tag-omar-luis-daer","tag-organizacion-medica-sa","tag-pami","tag-proram","tag-roberto-bustamante","tag-sanatorio-santa-barbara"],"_links":{"self":[{"href":"https:\/\/www.elsindical.com.ar\/notas\/wp-json\/wp\/v2\/posts\/119401","targetHints":{"allow":["GET"]}}],"collection":[{"href":"https:\/\/www.elsindical.com.ar\/notas\/wp-json\/wp\/v2\/posts"}],"about":[{"href":"https:\/\/www.elsindical.com.ar\/notas\/wp-json\/wp\/v2\/types\/post"}],"author":[{"embeddable":true,"href":"https:\/\/www.elsindical.com.ar\/notas\/wp-json\/wp\/v2\/users\/1"}],"replies":[{"embeddable":true,"href":"https:\/\/www.elsindical.com.ar\/notas\/wp-json\/wp\/v2\/comments?post=119401"}],"version-history":[{"count":4,"href":"https:\/\/www.elsindical.com.ar\/notas\/wp-json\/wp\/v2\/posts\/119401\/revisions"}],"predecessor-version":[{"id":119410,"href":"https:\/\/www.elsindical.com.ar\/notas\/wp-json\/wp\/v2\/posts\/119401\/revisions\/119410"}],"wp:featuredmedia":[{"embeddable":true,"href":"https:\/\/www.elsindical.com.ar\/notas\/wp-json\/wp\/v2\/media\/119402"}],"wp:attachment":[{"href":"https:\/\/www.elsindical.com.ar\/notas\/wp-json\/wp\/v2\/media?parent=119401"}],"wp:term":[{"taxonomy":"category","embeddable":true,"href":"https:\/\/www.elsindical.com.ar\/notas\/wp-json\/wp\/v2\/categories?post=119401"},{"taxonomy":"post_tag","embeddable":true,"href":"https:\/\/www.elsindical.com.ar\/notas\/wp-json\/wp\/v2\/tags?post=119401"}],"curies":[{"name":"wp","href":"https:\/\/api.w.org\/{rel}","templated":true}]}}