{"id":119373,"date":"2023-01-04T18:54:11","date_gmt":"2023-01-04T21:54:11","guid":{"rendered":"https:\/\/www.elsindical.com.ar\/notas\/?p=119373"},"modified":"2023-01-04T18:54:44","modified_gmt":"2023-01-04T21:54:44","slug":"pami-corrupcion-e-impunidad-la-ufi-pami-realizo-en-el-2021-36-denuncias-penales-por-estafas-al-estado-y-no-paso-nada","status":"publish","type":"post","link":"https:\/\/www.elsindical.com.ar\/notas\/pami-corrupcion-e-impunidad-la-ufi-pami-realizo-en-el-2021-36-denuncias-penales-por-estafas-al-estado-y-no-paso-nada\/","title":{"rendered":"PAMI corrupci\u00f3n e impunidad la UFI-PAMI realiz\u00f3 en el 2021 36 denuncias penales por estafas al Estado y no pas\u00f3 nada"},"content":{"rendered":"\n<figure class=\"wp-block-image size-full\"><a href=\"https:\/\/www.elsindical.com.ar\/notas\/var\/www\/html\/notas\/wp-content\/uploads\/2023\/01\/titulares-del-PAMI-2015-2019.jpg\"><img loading=\"lazy\" decoding=\"async\" width=\"678\" height=\"332\" src=\"https:\/\/www.elsindical.com.ar\/notas\/var\/www\/html\/notas\/wp-content\/uploads\/2023\/01\/titulares-del-PAMI-2015-2019.jpg\" alt=\"\" class=\"wp-image-119374\" srcset=\"https:\/\/www.elsindical.com.ar\/notas\/var\/www\/html\/notas\/wp-content\/uploads\/2023\/01\/titulares-del-PAMI-2015-2019.jpg 678w, https:\/\/www.elsindical.com.ar\/notas\/var\/www\/html\/notas\/wp-content\/uploads\/2023\/01\/titulares-del-PAMI-2015-2019-300x147.jpg 300w, https:\/\/www.elsindical.com.ar\/notas\/var\/www\/html\/notas\/wp-content\/uploads\/2023\/01\/titulares-del-PAMI-2015-2019-500x245.jpg 500w\" sizes=\"auto, (max-width: 678px) 100vw, 678px\" \/><\/a><\/figure>\n\n\n\n<p class=\"wp-block-paragraph\">Fue tras la dispensa, en 2017, de medicamentos e insumos en farmacias de casi todo el pa\u00eds mediante datos de m\u00e1s de 800 personas que hab\u00edan sido dadas de baja como beneficiarias del instituto por su fallecimiento.<\/p>\n\n\n\n<p class=\"wp-block-paragraph\">La Unidad Fiscal de Investigaci\u00f3n de Delitos Cometidos en el \u00e1mbito de<strong> PAMI (UFI-PAMI)<\/strong>, a cargo de <strong>Javier Arzubi Calvo<\/strong>, realiz\u00f3 el viernes 36 denuncias en 35 jurisdicciones federales de todo el pa\u00eds por una millonaria estafa con valores que -al momento del relevamiento- alcanzar\u00eda un perjuicio al Instituto Nacional de Servicios Sociales para Jubilados y Pensionados (PAMI) superior a los cinco millones de pesos.<\/p>\n\n\n\n<p class=\"wp-block-paragraph\">Las maniobras habr\u00edan acontecido <strong>entre el 1\u00ba de enero y el 31 de diciembre de 2017<\/strong> en diferentes localidades del pa\u00eds, a trav\u00e9s de la dispensa en farmacias de<strong> 14.872<\/strong> unidades de medicamentos e insumos, mediante la utilizaci\u00f3n de datos correspondientes a<strong> 811<\/strong> afiliados que se encontraban dados de bajas como beneficiarios del <strong>INSSJP<\/strong>.<\/p>\n\n\n\n<p class=\"wp-block-paragraph\">Fue tras una denuncia formulada por la<strong> Gerencia de Asuntos Jur\u00eddicos del Instituto Nacional de Servicios Sociales para Jubilados y Pensionados<\/strong> ante la UFI-PAMI, donde se detall\u00f3 que luego de un relevamiento llevado a cabo por la Subgerencia de Auditoria de Medicamentos, de los afiliados a la Obra Social Nacional que fueron dados de baja en raz\u00f3n de su deceso durante el 2017, se encontr\u00f3 que 811 de ellos presentaron consumos con posterioridad a la fecha del fallecimiento.<\/p>\n\n\n\n<p class=\"wp-block-paragraph\">La maniobra consisti\u00f3 en realizar o simular dispensas por un total de 14.872 unidades de medicamentos e insumos, utilizando los datos de beneficiarios que estaban dados de baja en el padr\u00f3n de PAMI por fallecimiento, para obtener un beneficio a costa del Instituto. Fue as\u00ed que se confirm\u00f3 un fraude por un total superior a los cinco millones trescientos mil pesos (<strong>$ 5.300.000<\/strong>).<\/p>\n\n\n\n<p class=\"wp-block-paragraph\">Si bien el mecanismo fue desplegado a lo largo de todo el pa\u00eds, la unidad fiscal se\u00f1al\u00f3 que entre las provincias de C\u00f3rdoba, Santa Fe y el conurbano bonaerense se agrupa el 47.74% de esos consumos (7057), llevados a cabo durante el 2017. Las dispensas ocurrieron en 758 farmacias repartidas en Buenos Aires, la Ciudad Aut\u00f3noma de Buenos Aires, Salta, Chubut, San Juan, Tucum\u00e1n, Catamarca, Misiones, Entre R\u00edos, La Rioja, Corrientes, Formosa, Chaco, Jujuy, Santiago del Estero, C\u00f3rdoba, San Lu\u00eds, Santa Fe, Mendoza, La Pampa, Neuqu\u00e9n, Rio Negro y Santa Cruz.<\/p>\n\n\n<div class=\"wp-block-image\">\n<figure class=\"aligncenter size-full is-resized\"><a href=\"https:\/\/www.elsindical.com.ar\/notas\/var\/www\/html\/notas\/wp-content\/uploads\/2023\/01\/Regazzoni-y-Macri.jpg\"><img loading=\"lazy\" decoding=\"async\" src=\"https:\/\/www.elsindical.com.ar\/notas\/var\/www\/html\/notas\/wp-content\/uploads\/2023\/01\/Regazzoni-y-Macri.jpg\" alt=\"\" class=\"wp-image-119375\" width=\"829\" height=\"490\" srcset=\"https:\/\/www.elsindical.com.ar\/notas\/var\/www\/html\/notas\/wp-content\/uploads\/2023\/01\/Regazzoni-y-Macri.jpg 638w, https:\/\/www.elsindical.com.ar\/notas\/var\/www\/html\/notas\/wp-content\/uploads\/2023\/01\/Regazzoni-y-Macri-300x177.jpg 300w, https:\/\/www.elsindical.com.ar\/notas\/var\/www\/html\/notas\/wp-content\/uploads\/2023\/01\/Regazzoni-y-Macri-500x295.jpg 500w\" sizes=\"auto, (max-width: 829px) 100vw, 829px\" \/><\/a><\/figure>\n<\/div>\n\n\n<p class=\"wp-block-paragraph\">Los hechos denunciados no es un relato, son hechos probados por la justicia, durante la presidencia de Mauricio Macri y con una activa participaci\u00f3n de Mar\u00eda Eugenia Vidal, s\u00ed la misma que en la historia qued\u00f3 manchada por el suicidio de Rene\u00e9 Favaloro cuando ella secundaba a Horacio Rodr\u00edguez Larreta, ya por ese entonces el PAMI era corrupto y costaba vidas, incluso la del ilustre m\u00e9dico.<\/p>\n\n\n<div class=\"wp-block-image\">\n<figure class=\"aligncenter size-large\"><a href=\"https:\/\/www.elsindical.com.ar\/notas\/var\/www\/html\/notas\/wp-content\/uploads\/2023\/01\/Vidal-y-Cassinotti.jpg\"><img loading=\"lazy\" decoding=\"async\" width=\"1024\" height=\"675\" src=\"https:\/\/www.elsindical.com.ar\/notas\/var\/www\/html\/notas\/wp-content\/uploads\/2023\/01\/Vidal-y-Cassinotti-1024x675.jpg\" alt=\"\" class=\"wp-image-119376\" srcset=\"https:\/\/www.elsindical.com.ar\/notas\/var\/www\/html\/notas\/wp-content\/uploads\/2023\/01\/Vidal-y-Cassinotti-1024x675.jpg 1024w, https:\/\/www.elsindical.com.ar\/notas\/var\/www\/html\/notas\/wp-content\/uploads\/2023\/01\/Vidal-y-Cassinotti-300x198.jpg 300w, https:\/\/www.elsindical.com.ar\/notas\/var\/www\/html\/notas\/wp-content\/uploads\/2023\/01\/Vidal-y-Cassinotti-768x506.jpg 768w, https:\/\/www.elsindical.com.ar\/notas\/var\/www\/html\/notas\/wp-content\/uploads\/2023\/01\/Vidal-y-Cassinotti-455x300.jpg 455w, https:\/\/www.elsindical.com.ar\/notas\/var\/www\/html\/notas\/wp-content\/uploads\/2023\/01\/Vidal-y-Cassinotti.jpg 1200w\" sizes=\"auto, (max-width: 1024px) 100vw, 1024px\" \/><\/a><\/figure>\n<\/div>\n\n\n<p class=\"wp-block-paragraph\">Ya en el a\u00f1o 2023, nada a ocurrido, la corrupci\u00f3n en el PAMI como se ve no tiene bander\u00eda pol\u00edtica, s\u00ed tiene IMPUNIDAD, hay responsables pol\u00edticos que nunca rindieron cuentas por su negligencia o corrupci\u00f3n, cuesta creer que no supieran por lo menos qu\u00e9 pasaba y que pasa, si es as\u00ed nunca deber\u00edan asumir un cargo para el que no son aptos.<\/p>\n\n\n\n<p class=\"wp-block-paragraph\">Un dato m\u00e1s de las mafias que se mueven en el PAMI mientras miles de afiliados mueren.<\/p>\n\n\n\n<p class=\"wp-block-paragraph\"><\/p>\n\n\n\n<p class=\"wp-block-paragraph\">Por Marcelo Ricardo Hawrylciw<\/p>\n","protected":false},"excerpt":{"rendered":"<p>Fue tras la dispensa, en 2017, de medicamentos e insumos en farmacias de casi todo el pa\u00eds mediante datos de m\u00e1s de 800 personas que hab\u00edan sido dadas de baja como beneficiarias del instituto por su fallecimiento. La Unidad Fiscal de Investigaci\u00f3n de Delitos Cometidos en el \u00e1mbito de PAMI (UFI-PAMI), a cargo de Javier&hellip;<\/p>\n","protected":false},"author":1,"featured_media":119374,"comment_status":"open","ping_status":"open","sticky":false,"template":"","format":"standard","meta":{"footnotes":""},"categories":[20],"tags":[34641,1451,11462,2450,2704,1943,7265,25111,33135],"class_list":["post-119373","post","type-post","status-publish","format-standard","has-post-thumbnail","hentry","category-judiciales","tag-carlos-javier-regazzoni","tag-corrupcion","tag-denuncias-penales","tag-diario-el-sindical","tag-estafas","tag-horacio-rodriguez-larreta","tag-maria-eugenia-vidal","tag-sergio-cassinotti","tag-ufi-pami"],"_links":{"self":[{"href":"https:\/\/www.elsindical.com.ar\/notas\/wp-json\/wp\/v2\/posts\/119373","targetHints":{"allow":["GET"]}}],"collection":[{"href":"https:\/\/www.elsindical.com.ar\/notas\/wp-json\/wp\/v2\/posts"}],"about":[{"href":"https:\/\/www.elsindical.com.ar\/notas\/wp-json\/wp\/v2\/types\/post"}],"author":[{"embeddable":true,"href":"https:\/\/www.elsindical.com.ar\/notas\/wp-json\/wp\/v2\/users\/1"}],"replies":[{"embeddable":true,"href":"https:\/\/www.elsindical.com.ar\/notas\/wp-json\/wp\/v2\/comments?post=119373"}],"version-history":[{"count":1,"href":"https:\/\/www.elsindical.com.ar\/notas\/wp-json\/wp\/v2\/posts\/119373\/revisions"}],"predecessor-version":[{"id":119377,"href":"https:\/\/www.elsindical.com.ar\/notas\/wp-json\/wp\/v2\/posts\/119373\/revisions\/119377"}],"wp:featuredmedia":[{"embeddable":true,"href":"https:\/\/www.elsindical.com.ar\/notas\/wp-json\/wp\/v2\/media\/119374"}],"wp:attachment":[{"href":"https:\/\/www.elsindical.com.ar\/notas\/wp-json\/wp\/v2\/media?parent=119373"}],"wp:term":[{"taxonomy":"category","embeddable":true,"href":"https:\/\/www.elsindical.com.ar\/notas\/wp-json\/wp\/v2\/categories?post=119373"},{"taxonomy":"post_tag","embeddable":true,"href":"https:\/\/www.elsindical.com.ar\/notas\/wp-json\/wp\/v2\/tags?post=119373"}],"curies":[{"name":"wp","href":"https:\/\/api.w.org\/{rel}","templated":true}]}}