{"id":119368,"date":"2023-01-04T18:12:07","date_gmt":"2023-01-04T21:12:07","guid":{"rendered":"https:\/\/www.elsindical.com.ar\/notas\/?p=119368"},"modified":"2023-01-04T18:24:12","modified_gmt":"2023-01-04T21:24:12","slug":"la-pfa-allani-un-criadero-ilegal-de-perros-y-tambien-rescataron-guacamayos","status":"publish","type":"post","link":"https:\/\/www.elsindical.com.ar\/notas\/la-pfa-allani-un-criadero-ilegal-de-perros-y-tambien-rescataron-guacamayos\/","title":{"rendered":"La PFA allan\u00ed un criadero ilegal de perros y tambi\u00e9n rescataron Guacamayos"},"content":{"rendered":"\n<figure class=\"wp-block-image size-large\"><a href=\"https:\/\/www.elsindical.com.ar\/notas\/var\/www\/html\/notas\/wp-content\/uploads\/2023\/01\/allanamiento-criadero-ilegal-5.jpeg\"><img loading=\"lazy\" decoding=\"async\" width=\"1024\" height=\"768\" src=\"https:\/\/www.elsindical.com.ar\/notas\/var\/www\/html\/notas\/wp-content\/uploads\/2023\/01\/allanamiento-criadero-ilegal-5-1024x768.jpeg\" alt=\"\" class=\"wp-image-119370\" srcset=\"https:\/\/www.elsindical.com.ar\/notas\/var\/www\/html\/notas\/wp-content\/uploads\/2023\/01\/allanamiento-criadero-ilegal-5-1024x768.jpeg 1024w, https:\/\/www.elsindical.com.ar\/notas\/var\/www\/html\/notas\/wp-content\/uploads\/2023\/01\/allanamiento-criadero-ilegal-5-300x225.jpeg 300w, https:\/\/www.elsindical.com.ar\/notas\/var\/www\/html\/notas\/wp-content\/uploads\/2023\/01\/allanamiento-criadero-ilegal-5-768x576.jpeg 768w, https:\/\/www.elsindical.com.ar\/notas\/var\/www\/html\/notas\/wp-content\/uploads\/2023\/01\/allanamiento-criadero-ilegal-5-400x300.jpeg 400w, https:\/\/www.elsindical.com.ar\/notas\/var\/www\/html\/notas\/wp-content\/uploads\/2023\/01\/allanamiento-criadero-ilegal-5-1536x1152.jpeg 1536w, https:\/\/www.elsindical.com.ar\/notas\/var\/www\/html\/notas\/wp-content\/uploads\/2023\/01\/allanamiento-criadero-ilegal-5.jpeg 1600w\" sizes=\"auto, (max-width: 1024px) 100vw, 1024px\" \/><\/a><\/figure>\n\n\n\n<p>Agentes federales del Departamento Delitos Ambientales desbarataron un criadero ilegal de perros y rescataron dos Guacamayos Azul (Ara Ararauna) en cautiverio, en un domicilio cercano a la Estaci\u00f3n del Ferrocarril de la L\u00ednea General San Mart\u00edn, de la Localidad de Jos\u00e9 Le\u00f3n Su\u00e1rez, Provincia de Buenos Aires.<\/p>\n\n\n\n<p>La investigaci\u00f3n se inici\u00f3 a ra\u00edz de una denuncia realizada por la Direcci\u00f3n de Fauna y Flora de la Provincia de Buenos Aires ante autoridades de dicho Departamento. En el mismo se detallaba la posible tenencia en cautiverio de aves ex\u00f3ticas de manera ilegal en un domicilio de esa localidad.<\/p>\n\n\n\n<p>En consecuencia, los efectivos federales iniciaron una investigaci\u00f3n ordenada por la Fiscal\u00eda Federal de Tres de Febrero, a cargo del Dr. Paulo Starc, Secretar\u00eda del Dr. Pablo Fonzo, confirmando dicha informaci\u00f3n.<\/p>\n\n\n\n<p>Con el total de las pruebas recabadas, el Juzgado Federal de San Mart\u00edn N\u00b01 a cargo del Dr. Emiliano Canicoba, Secretaria N\u00b01 a cargo de la Dra. Mar\u00eda Isabel Romano, dispuso el allanamiento de la vivienda.<\/p>\n\n\n\n<p>Durante el operativo fueron rescatados los dos ejemplares de Guacamayo Azul, originarios de bosques tropicales y subtropicales de pa\u00edses de la cuenca amaz\u00f3nica y de Centroam\u00e9rica, los cuales estaban retenidos en jaulones. Asimismo, ocultos en los fondos de la vivienda, hab\u00eda una treintena de perros hacinados y encerrados en peque\u00f1as jaulas comunes, carentes de toda higiene, entre los que se identificaron razas como Bulldogs Franceses, Pomeranias, Caniches Toy y Chihuahuas, con claros indicios de sometimiento a actividades de criadero y posible venta ilegal.<\/p>\n\n\n\n<p>Por ello, el veterinario del Departamento Delitos Ambientales e integrantes de la Direcci\u00f3n de Flora y Fauna de la Provincia de Buenos Aires que colaboraron en el lugar, derivaron a las aves a la sede de la Fundaci\u00f3n Temaik\u00e9n, en la Localidad de Escobar, de la Provincia de Buenos Aires, para su rehabilitaci\u00f3n y reinserci\u00f3n en su medio natural. Asimismo, los perros fueron enviados al refugio de la ONG \u201cGesti\u00f3n en Protecci\u00f3n y Defensa de los Animales\u201d de la Localidad de Berisso.<\/p>\n\n\n\n<p>Finalmente una mujer de 45 a\u00f1os fue notificada de la causa por infracci\u00f3n a la Ley de Protecci\u00f3n de Fauna Silvestre (Ley N\u00b0 22.421) y por los actos de maltrato y crueldad, en infracci\u00f3n a la Ley de Maltrato Animal (Ley N\u00b0 14.346).<\/p>\n\n\n\n<figure class=\"wp-block-embed is-type-video is-provider-youtube wp-block-embed-youtube wp-embed-aspect-16-9 wp-has-aspect-ratio\"><div class=\"wp-block-embed__wrapper\">\n<iframe loading=\"lazy\" title=\"PFA allanamiento a criadero ilegal de perros\" width=\"700\" height=\"394\" src=\"https:\/\/www.youtube.com\/embed\/VbnL32iH3Ps?feature=oembed\" frameborder=\"0\" allow=\"accelerometer; autoplay; clipboard-write; encrypted-media; gyroscope; picture-in-picture; web-share\" allowfullscreen><\/iframe>\n<\/div><\/figure>\n","protected":false},"excerpt":{"rendered":"<p>Agentes federales del Departamento Delitos Ambientales desbarataron un criadero ilegal de perros y rescataron dos Guacamayos Azul (Ara Ararauna) en cautiverio, en un domicilio cercano a la Estaci\u00f3n del Ferrocarril de la L\u00ednea General San Mart\u00edn, de la Localidad de Jos\u00e9 Le\u00f3n Su\u00e1rez, Provincia de Buenos Aires. La investigaci\u00f3n se inici\u00f3 a ra\u00edz de una&hellip;<\/p>\n","protected":false},"author":1,"featured_media":119370,"comment_status":"open","ping_status":"open","sticky":false,"template":"","format":"standard","meta":{"footnotes":""},"categories":[22],"tags":[138,39186,2450,39187,39185,4398],"class_list":["post-119368","post","type-post","status-publish","format-standard","has-post-thumbnail","hentry","category-policiales","tag-allanamiento","tag-criadero-ilegal-de-perros","tag-diario-el-sindical","tag-fiscal-federal-paulo-starc","tag-guacamayos","tag-jose-leon-suarez"],"_links":{"self":[{"href":"https:\/\/www.elsindical.com.ar\/notas\/wp-json\/wp\/v2\/posts\/119368","targetHints":{"allow":["GET"]}}],"collection":[{"href":"https:\/\/www.elsindical.com.ar\/notas\/wp-json\/wp\/v2\/posts"}],"about":[{"href":"https:\/\/www.elsindical.com.ar\/notas\/wp-json\/wp\/v2\/types\/post"}],"author":[{"embeddable":true,"href":"https:\/\/www.elsindical.com.ar\/notas\/wp-json\/wp\/v2\/users\/1"}],"replies":[{"embeddable":true,"href":"https:\/\/www.elsindical.com.ar\/notas\/wp-json\/wp\/v2\/comments?post=119368"}],"version-history":[{"count":3,"href":"https:\/\/www.elsindical.com.ar\/notas\/wp-json\/wp\/v2\/posts\/119368\/revisions"}],"predecessor-version":[{"id":119372,"href":"https:\/\/www.elsindical.com.ar\/notas\/wp-json\/wp\/v2\/posts\/119368\/revisions\/119372"}],"wp:featuredmedia":[{"embeddable":true,"href":"https:\/\/www.elsindical.com.ar\/notas\/wp-json\/wp\/v2\/media\/119370"}],"wp:attachment":[{"href":"https:\/\/www.elsindical.com.ar\/notas\/wp-json\/wp\/v2\/media?parent=119368"}],"wp:term":[{"taxonomy":"category","embeddable":true,"href":"https:\/\/www.elsindical.com.ar\/notas\/wp-json\/wp\/v2\/categories?post=119368"},{"taxonomy":"post_tag","embeddable":true,"href":"https:\/\/www.elsindical.com.ar\/notas\/wp-json\/wp\/v2\/tags?post=119368"}],"curies":[{"name":"wp","href":"https:\/\/api.w.org\/{rel}","templated":true}]}}