{"id":119283,"date":"2023-01-01T11:14:39","date_gmt":"2023-01-01T14:14:39","guid":{"rendered":"https:\/\/www.elsindical.com.ar\/notas\/?p=119283"},"modified":"2023-01-01T11:14:41","modified_gmt":"2023-01-01T14:14:41","slug":"comienza-el-juicio-por-el-asesinato-de-fernando-baez-sosa","status":"publish","type":"post","link":"https:\/\/www.elsindical.com.ar\/notas\/comienza-el-juicio-por-el-asesinato-de-fernando-baez-sosa\/","title":{"rendered":"Comienza el juicio por el asesinato de Fernando B\u00e1ez Sosa"},"content":{"rendered":"\n<figure class=\"wp-block-image size-full\"><a href=\"https:\/\/www.elsindical.com.ar\/notas\/var\/www\/html\/notas\/wp-content\/uploads\/2021\/10\/Fernando-Baez-Sosa-justicia.jpg\"><img loading=\"lazy\" decoding=\"async\" width=\"980\" height=\"543\" src=\"https:\/\/www.elsindical.com.ar\/notas\/var\/www\/html\/notas\/wp-content\/uploads\/2021\/10\/Fernando-Baez-Sosa-justicia.jpg\" alt=\"\" class=\"wp-image-108546\" srcset=\"https:\/\/www.elsindical.com.ar\/notas\/var\/www\/html\/notas\/wp-content\/uploads\/2021\/10\/Fernando-Baez-Sosa-justicia.jpg 980w, https:\/\/www.elsindical.com.ar\/notas\/var\/www\/html\/notas\/wp-content\/uploads\/2021\/10\/Fernando-Baez-Sosa-justicia-300x166.jpg 300w, https:\/\/www.elsindical.com.ar\/notas\/var\/www\/html\/notas\/wp-content\/uploads\/2021\/10\/Fernando-Baez-Sosa-justicia-768x426.jpg 768w, https:\/\/www.elsindical.com.ar\/notas\/var\/www\/html\/notas\/wp-content\/uploads\/2021\/10\/Fernando-Baez-Sosa-justicia-500x277.jpg 500w\" sizes=\"auto, (max-width: 980px) 100vw, 980px\" \/><\/a><\/figure>\n\n\n\n<p>Los rugbiers llegaron al juicio detenidos.<\/p>\n\n\n\n<p><strong>Los ocho rugbiers acusados por el crimen de Fernando B\u00e1ez Sosa, el joven de 18 a\u00f1os asesinado a golpes en enero de 2020 a la salida de un boliche en la localidad balnearia bonaerense de Villa Gesell, ser\u00e1n juzgados desde el pr\u00f3ximo lunes<\/strong> en la ciudad bonaerense de Dolores, en un proceso que se desarrollar\u00e1 en plena feria judicial, que incluir\u00e1 cerca de 150 testigos y en el que se prev\u00e9 la presencia de los imputados a lo largo de cada una de las audiencias.<\/p>\n\n\n\n<p><strong>A casi tres a\u00f1os del homicidio<\/strong> del joven estudiante de abogac\u00eda, M\u00e1ximo Thomsen (23), Enzo Comelli (22), Mat\u00edas Benicelli (23), Blas Cinalli (21), Ayrton Viollaz (23), y Luciano (21), Ciro (22) y Lucas Pertossi (23) enfrentar\u00e1n el juicio oral ante el Tribunal en lo Criminal (TOC) 1 de Dolores, imputados por el delito de \u201chomicidio doblemente agravado por alevos\u00eda y por el concurso premeditado de dos o m\u00e1s personas\u201d.<\/p>\n\n\n\n<p><strong>Los j\u00f3venes, quienes cumplen prisi\u00f3n preventiva en la Alcaid\u00eda 3 del penal bonaerense de Melchor Romero, est\u00e1n acusados de haber asesinado a B\u00e1ez Sosa la madrugada del 18 de enero de 2020, en plena temporada de verano, a la salida del boliche \u201cLe Brique\u201d.<\/strong> Adem\u00e1s, ser\u00e1n juzgados por las lesiones sufridas por cinco amigos de Fernando al momento del ataque.<\/p>\n\n\n\n<p>El juicio se desarrollar\u00e1 en el Palacio de Tribunales de Dolores, en Belgrano 141, en la sala de audiencias de la C\u00e1mara de Apelaciones, la misma en la que casi 23 a\u00f1os atr\u00e1s se realiz\u00f3 el debate oral por el crimen del reportero gr\u00e1fico Jos\u00e9 Luis Cabezas.<\/p>\n\n\n\n<p>Las audiencias se desarrollar\u00e1n desde las 9 a lo largo de 22 jornadas, aunque el cronograma podr\u00eda modificarse a partir del n\u00famero final de testigos que declaren, sobre una lista original de 177, algunos de los cuales ya fueron desistidos por las partes.<\/p>\n\n\n\n<p>El tribunal estar\u00e1 integrado por los jueces Mar\u00eda Claudia Castro, Christian Rabaia y Emiliano L\u00e1zzari, mientras que los fiscales Juan Manuel D\u00e1vila y Gustavo Garc\u00eda intervendr\u00e1n por parte del Ministerio P\u00fablico.<\/p>\n\n\n\n<p>A su vez, los abogados Fernando Burlando y Fabi\u00e1n Am\u00e9ndola encabezar\u00e1n la representaci\u00f3n de los padres de la v\u00edctima en calidad de particular damnificado, mientras que la defensa de los imputados estar\u00e1 a cargo de Hugo Tomei.<\/p>\n\n\n\n<p><strong>Fuentes judiciales indicaron que en la sala podr\u00e1n estar presentes dos familiares por cada uno de los acusados, aunque algunos de ellos no podr\u00e1n presenciar las audiencias desde el primer d\u00eda porque declarar\u00e1n como testigos en las jornadas finales.<\/strong><\/p>\n\n\n\n<p>Los imputados ser\u00e1n trasladados antes del inicio del juicio -probablemente ma\u00f1ana- a la Penitenciar\u00eda 6 de Dolores, donde estuvieron detenidos entre el 29 de enero y el 13 de marzo de 2020, y seg\u00fan fuentes cercanas a la defensa, seguir\u00e1n de manera presencial cada audiencia.<\/p>\n\n\n\n<p><strong>En la jornada inicial presentar\u00e1n su acusaci\u00f3n los fiscales y la querella, mientras que luego plantear\u00e1 sus lineamientos Tomei, defensor particular desde el comienzo de la causa.<\/strong> Finalizadas las intervenciones de las partes, declarar\u00e1n como testigos en la primera jornada \u00fanicamente Graciela Sosa Osorio y Silvino B\u00e1ez, padres de Fernando.<\/p>\n\n\n\n<h2 class=\"wp-block-heading\">La agenda<\/h2>\n\n\n\n<p>A partir del martes 3, est\u00e1n previstas otras doce jornadas con entre 11 y 22 testimonios, algunos de los cuales podr\u00edan realizarse de manera telem\u00e1tica y otros seguramente ser\u00e1n desistidos a medida que avancen las declaraciones.<\/p>\n\n\n\n<p>Ese d\u00eda ser\u00e1 una de las jornadas con testimonios m\u00e1s relevantes, ya que declarar\u00e1 en primer t\u00e9rmino Julieta Rossi, novia del joven asesinado, quien se encontraba dentro del boliche en la madrugada del crimen, y tambi\u00e9n una decena de amigos que veraneaban con Fernando, algunos de los cuales tambi\u00e9n fueron golpeados cuando quisieron defenderlo.<\/p>\n\n\n\n<p>El mi\u00e9rcoles 4 est\u00e1 prevista la declaraci\u00f3n de otros amigos de la v\u00edctima, personal de seguridad de \u201cLe Brique\u201d, del primer efectivo policial que lo asisti\u00f3, y de <a href=\"https:\/\/www.inforegion.com.ar\/2020\/01\/20\/homicidio-en-villa-gesell-declaro-el-joven-detenido-el-sabado\/\">Pablo Ventura<\/a>, el joven remero de Z\u00e1rate que fue imputado falsamente y que fue detenido en las primeras horas de la investigaci\u00f3n.<\/p>\n\n\n\n<p>En la cuarta jornada est\u00e1n citados, entre otros, efectivos que intervinieron en el lugar tras la agresi\u00f3n, una testigo que realiz\u00f3 maniobras de respiraci\u00f3n cardiopulmonar a Fernando, y un comerciante que tambi\u00e9n trat\u00f3 de ayudarlo.<\/p>\n\n\n\n<p>La semana inicial de testimonios cerrar\u00e1 con las declaraciones de la primera testigo que advirti\u00f3 la huida de los rugbiers del lugar del crimen, la due\u00f1a de la casa en la que ellos pasaban sus vacaciones y donde fueron detenidos en la ma\u00f1ana del 18 de enero, y una decena de polic\u00edas que intervinieron en la causa.<\/p>\n\n\n\n<p>En la segunda semana del juicio est\u00e1 programada la declaraci\u00f3n de 50 testigos m\u00e1s, aunque muchos de ellos no fueron notificados finalmente por las partes, por lo que se prev\u00e9 que el n\u00famero sea menor al pautado inicialmente.<\/p>\n\n\n\n<p>El lunes 9 declarar\u00e1n entre otros el m\u00e9dico que practic\u00f3 la autopsia al cuerpo de Fernando, personal policial que revis\u00f3 a los imputados tras su detenci\u00f3n, efectivos que realizaron el an\u00e1lisis de c\u00e1maras de seguridad de la zona y funcionarios judiciales.<\/p>\n\n\n\n<p>Para el d\u00eda siguiente est\u00e1n citados peritos y miembros de Polic\u00eda Cient\u00edfica, y el mi\u00e9rcoles 11 declarar\u00e1n forenses y efectivos de Polic\u00eda Federal que realizaron distintas pericias solicitadas por la fiscal\u00eda, entre otros.<\/p>\n\n\n\n<p>El jueves 12 declarar\u00e1n, en tanto, efectivos de la SubDDI de Villa Gesell, un amigo de Ventura, peritos que realizaron hisopados a los acusados y funcionarios judiciales.<\/p>\n\n\n\n<p>Y la segunda semana de testimonios se cerrar\u00e1 con la declaraci\u00f3n de testigos del presunto enfrentamiento ocurrido dentro del boliche antes de que ambos grupos fueran expulsados, y docentes y allegados de B\u00e1ez Sosa.<\/p>\n\n\n\n<p>En la audiencia que abrir\u00e1 la \u00faltima semana de testimoniales est\u00e1 prevista la declaraci\u00f3n de las madres de Thomsen y Cinalli, y tambi\u00e9n del padre de Ventura y de funcionarios de la fiscal\u00eda.<\/p>\n\n\n\n<p>El martes 17 declarar\u00e1 por pedido de la defensa un perito psic\u00f3logo y una efectivo de bomberos que asisti\u00f3 a la v\u00edctima minutos despu\u00e9s de ser atacada.<\/p>\n\n\n\n<p>La \u00faltima jornada de testimonios coincidir\u00e1 con el tercer aniversario del crimen, e incluir\u00e1 las declaraciones del padre de Benicelli y el de Luciano y Ciro Pertossi, y de las madres de Lucas Pertossi, Comelli y Viollaz.<\/p>\n\n\n\n<p>Adem\u00e1s, declarar\u00e1n un joven de Z\u00e1rate que hab\u00eda denunciado semanas antes a uno de los acusados por otra agresi\u00f3n, un amigo de los imputados que fue se\u00f1alado por la querella como el \u201csospechoso n\u00famero 11\u201d, y cerrar\u00e1n los testimonios Juan Pedro Guarino y Alejo Milanesi, imputados y detenidos en el inicio de la causa y sobrese\u00eddos al momento de la elevaci\u00f3n a juicio.<\/p>\n\n\n\n<p><strong>Tras el cierre de las testimoniales, el tribunal dispondr\u00e1 un cuarto intermedio para que las partes terminen de preparar sus alegatos, que de acuerdo a fuentes cercanas a la causa podr\u00edan comenzar el viernes 20 o el lunes 23, y una vez finalizada esa instancia, el tribunal comunicar\u00e1 la fecha de la sentencia.<\/strong><\/p>\n\n\n\n<p>Durante el juicio, el acceso a prensa estar\u00e1 permitido para medios gr\u00e1ficos, mientras que no se permitir\u00e1 la transmisi\u00f3n por parte de medios audiovisuales, y la Direcci\u00f3n de Prensa y Comunicaci\u00f3n de la Suprema Corte de Justicia bonaerense transmitir\u00e1 a trav\u00e9s de su canal de YouTube la audiencia inicial, los alegatos de cierre y el veredicto.<\/p>\n","protected":false},"excerpt":{"rendered":"<p>Los rugbiers llegaron al juicio detenidos. Los ocho rugbiers acusados por el crimen de Fernando B\u00e1ez Sosa, el joven de 18 a\u00f1os asesinado a golpes en enero de 2020 a la salida de un boliche en la localidad balnearia bonaerense de Villa Gesell, ser\u00e1n juzgados desde el pr\u00f3ximo lunes en la ciudad bonaerense de Dolores,&hellip;<\/p>\n","protected":false},"author":1,"featured_media":108546,"comment_status":"open","ping_status":"open","sticky":false,"template":"","format":"standard","meta":{"footnotes":""},"categories":[20],"tags":[363,1443,2450,4802,39150,516,3481],"class_list":["post-119283","post","type-post","status-publish","format-standard","has-post-thumbnail","hentry","category-judiciales","tag-asesinato","tag-boliche","tag-diario-el-sindical","tag-dolores","tag-fernando-baez-sosa-2","tag-juicio-oral","tag-villa-gesell"],"_links":{"self":[{"href":"https:\/\/www.elsindical.com.ar\/notas\/wp-json\/wp\/v2\/posts\/119283","targetHints":{"allow":["GET"]}}],"collection":[{"href":"https:\/\/www.elsindical.com.ar\/notas\/wp-json\/wp\/v2\/posts"}],"about":[{"href":"https:\/\/www.elsindical.com.ar\/notas\/wp-json\/wp\/v2\/types\/post"}],"author":[{"embeddable":true,"href":"https:\/\/www.elsindical.com.ar\/notas\/wp-json\/wp\/v2\/users\/1"}],"replies":[{"embeddable":true,"href":"https:\/\/www.elsindical.com.ar\/notas\/wp-json\/wp\/v2\/comments?post=119283"}],"version-history":[{"count":1,"href":"https:\/\/www.elsindical.com.ar\/notas\/wp-json\/wp\/v2\/posts\/119283\/revisions"}],"predecessor-version":[{"id":119284,"href":"https:\/\/www.elsindical.com.ar\/notas\/wp-json\/wp\/v2\/posts\/119283\/revisions\/119284"}],"wp:featuredmedia":[{"embeddable":true,"href":"https:\/\/www.elsindical.com.ar\/notas\/wp-json\/wp\/v2\/media\/108546"}],"wp:attachment":[{"href":"https:\/\/www.elsindical.com.ar\/notas\/wp-json\/wp\/v2\/media?parent=119283"}],"wp:term":[{"taxonomy":"category","embeddable":true,"href":"https:\/\/www.elsindical.com.ar\/notas\/wp-json\/wp\/v2\/categories?post=119283"},{"taxonomy":"post_tag","embeddable":true,"href":"https:\/\/www.elsindical.com.ar\/notas\/wp-json\/wp\/v2\/tags?post=119283"}],"curies":[{"name":"wp","href":"https:\/\/api.w.org\/{rel}","templated":true}]}}