{"id":119281,"date":"2023-01-01T11:10:47","date_gmt":"2023-01-01T14:10:47","guid":{"rendered":"https:\/\/www.elsindical.com.ar\/notas\/?p=119281"},"modified":"2023-01-01T11:10:48","modified_gmt":"2023-01-01T14:10:48","slug":"nuevo-aumento-salarial-a-la-policia-bonaerense","status":"publish","type":"post","link":"https:\/\/www.elsindical.com.ar\/notas\/nuevo-aumento-salarial-a-la-policia-bonaerense\/","title":{"rendered":"Nuevo aumento salarial a la polic\u00eda bonaerense"},"content":{"rendered":"\n<figure class=\"wp-block-image size-large\"><a href=\"https:\/\/www.elsindical.com.ar\/notas\/var\/www\/html\/notas\/wp-content\/uploads\/2022\/01\/efectivos-Policia-Bonaerense.jpg\"><img loading=\"lazy\" decoding=\"async\" width=\"1024\" height=\"665\" src=\"https:\/\/www.elsindical.com.ar\/notas\/var\/www\/html\/notas\/wp-content\/uploads\/2022\/01\/efectivos-Policia-Bonaerense-1024x665.jpg\" alt=\"\" class=\"wp-image-110974\" srcset=\"https:\/\/www.elsindical.com.ar\/notas\/var\/www\/html\/notas\/wp-content\/uploads\/2022\/01\/efectivos-Policia-Bonaerense-1024x665.jpg 1024w, https:\/\/www.elsindical.com.ar\/notas\/var\/www\/html\/notas\/wp-content\/uploads\/2022\/01\/efectivos-Policia-Bonaerense-300x195.jpg 300w, https:\/\/www.elsindical.com.ar\/notas\/var\/www\/html\/notas\/wp-content\/uploads\/2022\/01\/efectivos-Policia-Bonaerense-768x498.jpg 768w, https:\/\/www.elsindical.com.ar\/notas\/var\/www\/html\/notas\/wp-content\/uploads\/2022\/01\/efectivos-Policia-Bonaerense-462x300.jpg 462w, https:\/\/www.elsindical.com.ar\/notas\/var\/www\/html\/notas\/wp-content\/uploads\/2022\/01\/efectivos-Policia-Bonaerense-1536x997.jpg 1536w, https:\/\/www.elsindical.com.ar\/notas\/var\/www\/html\/notas\/wp-content\/uploads\/2022\/01\/efectivos-Policia-Bonaerense.jpg 1920w\" sizes=\"auto, (max-width: 1024px) 100vw, 1024px\" \/><\/a><\/figure>\n\n\n\n<p>El cierre de paritarias 2022 anunciado el jueves pasado por el gobierno de la provincia de Buenos Aires para estatales, judiciales y docentes, con un acuerdo que contempla una recomposici\u00f3n del 7%, que significa una suma anual de 97% para los empleados de la administraci\u00f3n p\u00fablica, incluy\u00f3 tambi\u00e9n al personal policial.<\/p>\n\n\n\n<p>\u00abEl incremento adicional del 7% que anunci\u00f3 el gobernador de la provincia de Buenos Aires, Axel Kicillof, para los trabajadores de la Ley N\u00b010.430 se hace extensivo al personal policial\u00bb, indic\u00f3&nbsp; una fuente oficial.<\/p>\n\n\n\n<p>En ese sentido, precis\u00f3 que \u00abel aumento salarial acumulado para el personal policial va a ser del 97% en el a\u00f1o 2022\u00bb y sostuvo que \u00aben diciembre hab\u00eda alcanzado el 90%\u00bb.<\/p>\n\n\n\n<p>Asimismo, se\u00f1al\u00f3 \u00abesos 7 puntos adicionales de aumento se pagar\u00e1n con los sueldos enero 2023, retroactivo al mes de diciembre 2022\u00bb.<\/p>\n\n\n\n<p>El ministro de Seguridad, Sergio Berni, indic\u00f3 en su cuenta de la red social Instagram que: \u00abEl aumento salarial acumulado para el personal policial de la Provincia de Buenos Aires ser\u00e1 del 97% en el a\u00f1o 2022\u00bb.<\/p>\n\n\n\n<p>\u00abHasta diciembre de este a\u00f1o alcanzamos un 90% de incremento. Los 7 puntos adicionales se pagar\u00e1n como retroactivo con los sueldos de enero de 2023\u00bb, concluy\u00f3 el funcionario bonaerense.<\/p>\n","protected":false},"excerpt":{"rendered":"<p>El cierre de paritarias 2022 anunciado el jueves pasado por el gobierno de la provincia de Buenos Aires para estatales, judiciales y docentes, con un acuerdo que contempla una recomposici\u00f3n del 7%, que significa una suma anual de 97% para los empleados de la administraci\u00f3n p\u00fablica, incluy\u00f3 tambi\u00e9n al personal policial. \u00abEl incremento adicional del&hellip;<\/p>\n","protected":false},"author":1,"featured_media":110974,"comment_status":"open","ping_status":"open","sticky":false,"template":"","format":"standard","meta":{"footnotes":""},"categories":[22,13],"tags":[3221,13798,154,2450,3906],"class_list":["post-119281","post","type-post","status-publish","format-standard","has-post-thumbnail","hentry","category-policiales","category-politica","tag-aumento-salarial","tag-axel-kicillof","tag-buenos-aires","tag-diario-el-sindical","tag-policia-bonerense"],"_links":{"self":[{"href":"https:\/\/www.elsindical.com.ar\/notas\/wp-json\/wp\/v2\/posts\/119281","targetHints":{"allow":["GET"]}}],"collection":[{"href":"https:\/\/www.elsindical.com.ar\/notas\/wp-json\/wp\/v2\/posts"}],"about":[{"href":"https:\/\/www.elsindical.com.ar\/notas\/wp-json\/wp\/v2\/types\/post"}],"author":[{"embeddable":true,"href":"https:\/\/www.elsindical.com.ar\/notas\/wp-json\/wp\/v2\/users\/1"}],"replies":[{"embeddable":true,"href":"https:\/\/www.elsindical.com.ar\/notas\/wp-json\/wp\/v2\/comments?post=119281"}],"version-history":[{"count":1,"href":"https:\/\/www.elsindical.com.ar\/notas\/wp-json\/wp\/v2\/posts\/119281\/revisions"}],"predecessor-version":[{"id":119282,"href":"https:\/\/www.elsindical.com.ar\/notas\/wp-json\/wp\/v2\/posts\/119281\/revisions\/119282"}],"wp:featuredmedia":[{"embeddable":true,"href":"https:\/\/www.elsindical.com.ar\/notas\/wp-json\/wp\/v2\/media\/110974"}],"wp:attachment":[{"href":"https:\/\/www.elsindical.com.ar\/notas\/wp-json\/wp\/v2\/media?parent=119281"}],"wp:term":[{"taxonomy":"category","embeddable":true,"href":"https:\/\/www.elsindical.com.ar\/notas\/wp-json\/wp\/v2\/categories?post=119281"},{"taxonomy":"post_tag","embeddable":true,"href":"https:\/\/www.elsindical.com.ar\/notas\/wp-json\/wp\/v2\/tags?post=119281"}],"curies":[{"name":"wp","href":"https:\/\/api.w.org\/{rel}","templated":true}]}}