{"id":119265,"date":"2022-12-31T11:49:58","date_gmt":"2022-12-31T14:49:58","guid":{"rendered":"https:\/\/www.elsindical.com.ar\/notas\/?p=119265"},"modified":"2022-12-31T11:49:59","modified_gmt":"2022-12-31T14:49:59","slug":"antonio-aracre-ex-ceo-de-syngenta-sera-jefe-de-asesores-de-alberto-fernandez","status":"publish","type":"post","link":"https:\/\/www.elsindical.com.ar\/notas\/antonio-aracre-ex-ceo-de-syngenta-sera-jefe-de-asesores-de-alberto-fernandez\/","title":{"rendered":"Antonio Aracre, ex CEO de Syngenta, ser\u00e1 jefe de asesores de Alberto Fern\u00e1ndez"},"content":{"rendered":"\n<figure class=\"wp-block-image size-large\"><a href=\"https:\/\/www.elsindical.com.ar\/notas\/var\/www\/html\/notas\/wp-content\/uploads\/2022\/12\/Antonio-Aracre.jpg\"><img loading=\"lazy\" decoding=\"async\" width=\"1024\" height=\"576\" src=\"https:\/\/www.elsindical.com.ar\/notas\/var\/www\/html\/notas\/wp-content\/uploads\/2022\/12\/Antonio-Aracre-1024x576.jpg\" alt=\"\" class=\"wp-image-119266\" srcset=\"https:\/\/www.elsindical.com.ar\/notas\/var\/www\/html\/notas\/wp-content\/uploads\/2022\/12\/Antonio-Aracre-1024x576.jpg 1024w, https:\/\/www.elsindical.com.ar\/notas\/var\/www\/html\/notas\/wp-content\/uploads\/2022\/12\/Antonio-Aracre-300x169.jpg 300w, https:\/\/www.elsindical.com.ar\/notas\/var\/www\/html\/notas\/wp-content\/uploads\/2022\/12\/Antonio-Aracre-768x432.jpg 768w, https:\/\/www.elsindical.com.ar\/notas\/var\/www\/html\/notas\/wp-content\/uploads\/2022\/12\/Antonio-Aracre-500x281.jpg 500w, https:\/\/www.elsindical.com.ar\/notas\/var\/www\/html\/notas\/wp-content\/uploads\/2022\/12\/Antonio-Aracre-460x260.jpg 460w, https:\/\/www.elsindical.com.ar\/notas\/var\/www\/html\/notas\/wp-content\/uploads\/2022\/12\/Antonio-Aracre.jpg 1200w\" sizes=\"auto, (max-width: 1024px) 100vw, 1024px\" \/><\/a><\/figure>\n\n\n\n<p>El gobierno de Alberto Fern\u00e1ndez prepara el desembarco en el Gabinete nacional <strong>del ex CEO de Syngenta, <a href=\"https:\/\/twitter.com\/tonyaracre\" target=\"_blank\" rel=\"noreferrer noopener\">Antonio Aracre<\/a><\/strong>, quien asumir\u00e1 en breve como el pr\u00f3ximo jefe de asesores de la Presidencia de la Naci\u00f3n.<\/p>\n\n\n\n<p>Antonio Aracre se sumar\u00e1 al Gabinete tras la renuncia de Juli\u00e1n Leunda que se produjo el pasado 6 de diciembre, cuando el entonces funcionario nacional qued\u00f3 envuelto en una pol\u00e9mica por ser mencionado en un <strong>supuesto chat de jueces, funcionarios y empresarios que hicieron un viaje conjunto a la estancia de Joe Lewis<\/strong>, en Lago Escondido.<\/p>\n\n\n\n<p>La llegada <strong>del ex CEO de una de las compa\u00f1\u00edas l\u00edderes mundiales vinculada al agro <\/strong>se oficializar\u00eda la semana entrante, cuando el jefe de Estado haya regresado de Brasil, a donde viajar\u00e1 este domingo para participar de la asunci\u00f3n de Luiz In\u00e1cio \u201cLula\u201d da Silva.<\/p>\n\n\n\n<p>Desde el entorno del empresario afirmaron que se trata de una gran oportunidad para Antonio Aracre, quien buscar\u00e1 <strong>\u201caprender de los desaf\u00edos de la actividad p\u00fablica desde la \u00f3ptica de la actividad privada\u201d <\/strong>y realizar aportes desde su experiencia.<\/p>\n\n\n\n<p>El empresario y el jefe de Estado se hab\u00edan reunido en la <strong>Quinta de Olivos el pasado 19 de diciembre<\/strong>, cuya reuni\u00f3n hab\u00eda sido dada a conocer por Aracre a trav\u00e9s de sus redes sociales.<\/p>\n\n\n\n<p>\u201cAyer Campeones del Mundo con la selecci\u00f3n de \u26bd\ufe0f y hoy Desayuno en Olivos con el Presidente Alberto Fern\u00e1ndez. Podr\u00e1n empezar la semana mejor que yo?\u201d, hab\u00eda publicado Antonio Aracre en su cuenta de Twitter junto a una selfie en la que se lo puede ver con Alberto Fern\u00e1ndez.<\/p>\n\n\n\n<h2 class=\"wp-block-heading\">Qui\u00e9n es Antonio Aracre<\/h2>\n\n\n\n<p>Antonio Aracre ya hab\u00eda adelantado su decisi\u00f3n de dedicarse a la pol\u00edtica cuando renunci\u00f3 a Syngenta: \u201cLuego de 36 a\u00f1os en la compa\u00f1\u00eda y los \u00faltimos 12 como CEO para Latam Sur, <strong>he decidido retirarme tempranamente de Syngenta a partir del 31 de diciembre de este a\u00f1o, para permitirme so\u00f1ar con nuevos desaf\u00edos\u201d.<\/strong><\/p>\n\n\n\n<p><strong>\u201cAhora viene un tiempo en el que me dejar\u00e9 sorprender por la vida y podr\u00e9 elegir hacer lo que me haga m\u00e1s feliz\u201d, <\/strong>poste\u00f3 en su cuenta de Twitter el pasado 12 de octubre.<\/p>\n\n\n\n<p>El ex CEO de Syngenta <strong>es contador, egresado de la Universidad de Buenos Aires<\/strong>, y cuenta con estudios de posgrado en la Universidad Argentina de la Empresa y la Universidad Austral.<\/p>\n","protected":false},"excerpt":{"rendered":"<p>El gobierno de Alberto Fern\u00e1ndez prepara el desembarco en el Gabinete nacional del ex CEO de Syngenta, Antonio Aracre, quien asumir\u00e1 en breve como el pr\u00f3ximo jefe de asesores de la Presidencia de la Naci\u00f3n. Antonio Aracre se sumar\u00e1 al Gabinete tras la renuncia de Juli\u00e1n Leunda que se produjo el pasado 6 de diciembre,&hellip;<\/p>\n","protected":false},"author":1,"featured_media":119266,"comment_status":"open","ping_status":"open","sticky":false,"template":"","format":"standard","meta":{"footnotes":""},"categories":[13],"tags":[11223,39140,2450,39142,39141],"class_list":["post-119265","post","type-post","status-publish","format-standard","has-post-thumbnail","hentry","category-politica","tag-alberto-fernandez","tag-antonio-aracre","tag-diario-el-sindical","tag-jefe-de-asesores","tag-syngenta"],"_links":{"self":[{"href":"https:\/\/www.elsindical.com.ar\/notas\/wp-json\/wp\/v2\/posts\/119265","targetHints":{"allow":["GET"]}}],"collection":[{"href":"https:\/\/www.elsindical.com.ar\/notas\/wp-json\/wp\/v2\/posts"}],"about":[{"href":"https:\/\/www.elsindical.com.ar\/notas\/wp-json\/wp\/v2\/types\/post"}],"author":[{"embeddable":true,"href":"https:\/\/www.elsindical.com.ar\/notas\/wp-json\/wp\/v2\/users\/1"}],"replies":[{"embeddable":true,"href":"https:\/\/www.elsindical.com.ar\/notas\/wp-json\/wp\/v2\/comments?post=119265"}],"version-history":[{"count":1,"href":"https:\/\/www.elsindical.com.ar\/notas\/wp-json\/wp\/v2\/posts\/119265\/revisions"}],"predecessor-version":[{"id":119267,"href":"https:\/\/www.elsindical.com.ar\/notas\/wp-json\/wp\/v2\/posts\/119265\/revisions\/119267"}],"wp:featuredmedia":[{"embeddable":true,"href":"https:\/\/www.elsindical.com.ar\/notas\/wp-json\/wp\/v2\/media\/119266"}],"wp:attachment":[{"href":"https:\/\/www.elsindical.com.ar\/notas\/wp-json\/wp\/v2\/media?parent=119265"}],"wp:term":[{"taxonomy":"category","embeddable":true,"href":"https:\/\/www.elsindical.com.ar\/notas\/wp-json\/wp\/v2\/categories?post=119265"},{"taxonomy":"post_tag","embeddable":true,"href":"https:\/\/www.elsindical.com.ar\/notas\/wp-json\/wp\/v2\/tags?post=119265"}],"curies":[{"name":"wp","href":"https:\/\/api.w.org\/{rel}","templated":true}]}}