{"id":119221,"date":"2022-12-30T09:50:53","date_gmt":"2022-12-30T12:50:53","guid":{"rendered":"https:\/\/www.elsindical.com.ar\/notas\/?p=119221"},"modified":"2022-12-30T09:51:38","modified_gmt":"2022-12-30T12:51:38","slug":"dia-por-dia-espacios-de-creacion-y-talleres-de-arte-para-comenzar-un-nuevo-ano-en-la-ciudad","status":"publish","type":"post","link":"https:\/\/www.elsindical.com.ar\/notas\/dia-por-dia-espacios-de-creacion-y-talleres-de-arte-para-comenzar-un-nuevo-ano-en-la-ciudad\/","title":{"rendered":"D\u00eda por d\u00eda: Espacios de creaci\u00f3n y talleres de arte para comenzar un nuevo a\u00f1o en la Ciudad"},"content":{"rendered":"<div class=\"wp-block-image\">\n<figure class=\"aligncenter size-full is-resized\"><a href=\"https:\/\/www.elsindical.com.ar\/notas\/var\/www\/html\/notas\/wp-content\/uploads\/2022\/12\/talleres-CABA.png\"><img loading=\"lazy\" decoding=\"async\" src=\"https:\/\/www.elsindical.com.ar\/notas\/var\/www\/html\/notas\/wp-content\/uploads\/2022\/12\/talleres-CABA.png\" alt=\"\" class=\"wp-image-119222\" width=\"733\" height=\"491\" srcset=\"https:\/\/www.elsindical.com.ar\/notas\/var\/www\/html\/notas\/wp-content\/uploads\/2022\/12\/talleres-CABA.png 522w, https:\/\/www.elsindical.com.ar\/notas\/var\/www\/html\/notas\/wp-content\/uploads\/2022\/12\/talleres-CABA-300x201.png 300w, https:\/\/www.elsindical.com.ar\/notas\/var\/www\/html\/notas\/wp-content\/uploads\/2022\/12\/talleres-CABA-447x300.png 447w\" sizes=\"auto, (max-width: 733px) 100vw, 733px\" \/><\/a><\/figure>\n<\/div>\n\n\n<p><em>El Ministerio de Cultura de la Ciudad presenta distintas iniciativas del 2 al 8\/1 en los diferentes espacios culturales y de forma online, a trav\u00e9s de la plataforma Vivamos Cultura y las redes sociales del Ministerio.<\/em><\/p>\n\n\n\n<figure class=\"wp-block-table\"><table><tbody><tr><td>En <strong>Sensaciones Modernas<\/strong>, el espacio de exploraci\u00f3n creativa y sustentable del Museo Moderno, los m\u00e1s chicos son convocados a experimentar y activar los sentidos a trav\u00e9s del arte.<\/td><\/tr><tr><td>(Ciudad de Buenos Aires, 29 de diciembre de 2022) &#8211; El Ministerio de Cultura de la Ciudad contin\u00faa acercando su amplia programaci\u00f3n de actividades para disfrutar de forma presencial en los diferentes espacios de la Ciudad, y tambi\u00e9n online a trav\u00e9s de las redes sociales y la plataforma Vivamos Cultura. Aqu\u00ed, las actividades para la <strong>semana del 2 al 8 de enero.<\/strong><\/td><\/tr><tr><td><a href=\"https:\/\/lt.mydplr.com\/98431e8fda11f0e4a4c244c8ef2c8a6f-a770c46baf3f81ea15a47acf687b3cb4\" target=\"_blank\" rel=\"noreferrer noopener\">Gacetilla<\/a><\/td><\/tr><tr><td><a href=\"https:\/\/lt.mydplr.com\/81a3d19efaa0008157cabeb8fa32be37-a770c46baf3f81ea15a47acf687b3cb4\" target=\"_blank\" rel=\"noreferrer noopener\">Fotos<\/a><\/td><\/tr><tr><td><a href=\"https:\/\/lt.mydplr.com\/454e1fc7bc773c56df632b515ace1578-a770c46baf3f81ea15a47acf687b3cb4\" target=\"_blank\" rel=\"noreferrer noopener\">Vivamos Cultura<\/a><\/td><\/tr><\/tbody><\/table><\/figure>\n","protected":false},"excerpt":{"rendered":"<p>El Ministerio de Cultura de la Ciudad presenta distintas iniciativas del 2 al 8\/1 en los diferentes espacios culturales y de forma online, a trav\u00e9s de la plataforma Vivamos Cultura y las redes sociales del Ministerio. En Sensaciones Modernas, el espacio de exploraci\u00f3n creativa y sustentable del Museo Moderno, los m\u00e1s chicos son convocados a&hellip;<\/p>\n","protected":false},"author":1,"featured_media":119222,"comment_status":"open","ping_status":"open","sticky":false,"template":"","format":"standard","meta":{"footnotes":""},"categories":[5],"tags":[2450,26325,39127,815,39126],"class_list":["post-119221","post","type-post","status-publish","format-standard","has-post-thumbnail","hentry","category-cultura","tag-diario-el-sindical","tag-ministerio-de-cultura","tag-museo-moderno","tag-online","tag-sensaciones-modernas"],"_links":{"self":[{"href":"https:\/\/www.elsindical.com.ar\/notas\/wp-json\/wp\/v2\/posts\/119221","targetHints":{"allow":["GET"]}}],"collection":[{"href":"https:\/\/www.elsindical.com.ar\/notas\/wp-json\/wp\/v2\/posts"}],"about":[{"href":"https:\/\/www.elsindical.com.ar\/notas\/wp-json\/wp\/v2\/types\/post"}],"author":[{"embeddable":true,"href":"https:\/\/www.elsindical.com.ar\/notas\/wp-json\/wp\/v2\/users\/1"}],"replies":[{"embeddable":true,"href":"https:\/\/www.elsindical.com.ar\/notas\/wp-json\/wp\/v2\/comments?post=119221"}],"version-history":[{"count":2,"href":"https:\/\/www.elsindical.com.ar\/notas\/wp-json\/wp\/v2\/posts\/119221\/revisions"}],"predecessor-version":[{"id":119224,"href":"https:\/\/www.elsindical.com.ar\/notas\/wp-json\/wp\/v2\/posts\/119221\/revisions\/119224"}],"wp:featuredmedia":[{"embeddable":true,"href":"https:\/\/www.elsindical.com.ar\/notas\/wp-json\/wp\/v2\/media\/119222"}],"wp:attachment":[{"href":"https:\/\/www.elsindical.com.ar\/notas\/wp-json\/wp\/v2\/media?parent=119221"}],"wp:term":[{"taxonomy":"category","embeddable":true,"href":"https:\/\/www.elsindical.com.ar\/notas\/wp-json\/wp\/v2\/categories?post=119221"},{"taxonomy":"post_tag","embeddable":true,"href":"https:\/\/www.elsindical.com.ar\/notas\/wp-json\/wp\/v2\/tags?post=119221"}],"curies":[{"name":"wp","href":"https:\/\/api.w.org\/{rel}","templated":true}]}}