{"id":119213,"date":"2022-12-29T10:12:13","date_gmt":"2022-12-29T13:12:13","guid":{"rendered":"https:\/\/www.elsindical.com.ar\/notas\/?p=119213"},"modified":"2022-12-29T10:12:13","modified_gmt":"2022-12-29T13:12:13","slug":"a-18-anos-actos-y-marchas-por-cromanon","status":"publish","type":"post","link":"https:\/\/www.elsindical.com.ar\/notas\/a-18-anos-actos-y-marchas-por-cromanon\/","title":{"rendered":"A 18 a\u00f1os actos y marchas por Croma\u00f1\u00f3n"},"content":{"rendered":"\n<figure class=\"wp-block-image size-full\"><a href=\"https:\/\/www.elsindical.com.ar\/notas\/var\/www\/html\/notas\/wp-content\/uploads\/2022\/12\/Cromanon-justicia.jpg\"><img loading=\"lazy\" decoding=\"async\" width=\"897\" height=\"506\" src=\"https:\/\/www.elsindical.com.ar\/notas\/var\/www\/html\/notas\/wp-content\/uploads\/2022\/12\/Cromanon-justicia.jpg\" alt=\"\" class=\"wp-image-119214\" srcset=\"https:\/\/www.elsindical.com.ar\/notas\/var\/www\/html\/notas\/wp-content\/uploads\/2022\/12\/Cromanon-justicia.jpg 897w, https:\/\/www.elsindical.com.ar\/notas\/var\/www\/html\/notas\/wp-content\/uploads\/2022\/12\/Cromanon-justicia-300x169.jpg 300w, https:\/\/www.elsindical.com.ar\/notas\/var\/www\/html\/notas\/wp-content\/uploads\/2022\/12\/Cromanon-justicia-768x433.jpg 768w, https:\/\/www.elsindical.com.ar\/notas\/var\/www\/html\/notas\/wp-content\/uploads\/2022\/12\/Cromanon-justicia-500x282.jpg 500w, https:\/\/www.elsindical.com.ar\/notas\/var\/www\/html\/notas\/wp-content\/uploads\/2022\/12\/Cromanon-justicia-460x260.jpg 460w\" sizes=\"auto, (max-width: 897px) 100vw, 897px\" \/><\/a><\/figure>\n\n\n\n<p>Habr\u00e1 recordatorios el 29 y el 30<\/p>\n\n\n\n<p>Marcha, muestras art\u00edsticas, campa\u00f1as solidarias, encuentros con otras v\u00edctimas y bandas en vivo ser\u00e1n algunos de los eventos dise\u00f1ados para conmemorar los 18 a\u00f1os de la tragedia de Croma\u00f1\u00f3n donde murieron 194 personas.<\/p>\n\n\n\n<p>Bajo el lema <strong>M\u00fasica, cultura y solidaridad<\/strong> habr\u00e1 una marcha, muestras art\u00edsticas, campa\u00f1as solidarias, encuentros con otras v\u00edctimas y actuaciones de bandas en vivo, <strong>este jueves y viernes; organizado por sobrevivientes, familiares y amigos de las v\u00edctimas.<\/strong><\/p>\n\n\n\n<p>La Organizaci\u00f3n 30 de Diciembre tiene previsto llevar adelante el <strong>16\u00ba Festival por los Pibxs de Croma\u00f1\u00f3n<\/strong> el pr\u00f3ximo jueves a partir de las 16 en el santuario levantado en Bartolom\u00e9 Mitre y Ecuador donde actuar\u00e1n La Perra que los Pari\u00f3, La Covacha, El Viaje de las Hormigas, Perro Indio, Cabra da Peste, El Delirio de la Parca y El M\u00e1s Ac\u00e1.<\/p>\n\n\n\n<p>Tambi\u00e9n el jueves, la <strong>Coordinadora Croma\u00f1\u00f3n<\/strong> realizar\u00e1 la novena edici\u00f3n del <strong>Encuentro Croma\u00f1\u00f3n Nos Pas\u00f3 a Todos<\/strong> en la Estaci\u00f3n Tapiales del Ferrocarril Roca en Los Nogales 1389 de esa localidad del partido bonaerense de La Matanza, a partir de las 17.<\/p>\n\n\n\n<p>All\u00ed actuar\u00e1n Los P\u00e9rez Garc\u00eda, Nagual, Escorpia, Lobo suelto, Del S\u00f3tano, Dulce Marian, Anacrusa, Cara Negra.<\/p>\n\n\n\n<h2 class=\"wp-block-heading\">18 a\u00f1os de Croma\u00f1\u00f3n: actividades del viernes 30<\/h2>\n\n\n\n<p>Desde las 9 y hasta pasadas las 20, el Movimiento Croma\u00f1\u00f3n encabezar\u00e1 diferentes actividades alternativamente <strong>entre el Santuario y Plaza de Mayo<\/strong>.<\/p>\n\n\n\n<p>Todo comenzar\u00e1 a las 9 en <strong>Bartolom\u00e9 Mitre y Ecuador con el evento Arte y Memoria <\/strong>que incluir\u00e1 muestras de mosaiquismo, muralismo y fotograf\u00edas. A las 16 la actividad se trasladar\u00e1 a Plaza de Mayo donde se realizar\u00e1 el encuentro <strong>Experiencias con Espacios de la Memoria<\/strong> entre sobrevivientes y familiares de v\u00edctimas de Croma\u00f1\u00f3n y del supermercado paraguayo Ycu\u00e1 Bola\u00f1o.<\/p>\n\n\n\n<p>All\u00ed, a las 19, se leer\u00e1 un documento antes de dar inicio a la marcha hacia el santuario, donde a las 20 est\u00e1 previsto que se realice el acto central.<\/p>\n\n\n\n<p>Por \u00faltimo, la organizaci\u00f3n <strong>No Nos Cuenten Croma\u00f1\u00f3n realizar\u00e1 un acto homenaje el viernes a las 18 en el Obelisco<\/strong>, que inicialmente iba a realizarse en el estadio del Club Atl\u00e9tico All Boys.<\/p>\n\n\n\n<h2 class=\"wp-block-heading\">La tragedia de Croma\u00f1\u00f3n<\/h2>\n\n\n\n<p>El <strong>30 de diciembre de 2004, una bengala encendida en el recital de Callejeros,<\/strong> en el boliche Rep\u00fablica Croma\u00f1\u00f3n del barrio de Balvanera, prendi\u00f3 fuego el techo de material inflamable y el incendio desatado en el local, al que hab\u00eda entrado el doble de concurrencia admitido, sumado a la imposibilidad de abandonar el lugar porque las salidas de emergencia estaban bloqueada, <strong>ocasion\u00f3 la muerte de 194 personas y lesiones de diferente consideraci\u00f3n a otras 1.500.<\/strong><\/p>\n\n\n\n<p>En 2009 la justicia <strong>conden\u00f3 al gerenciador del local Omar Chab\u00e1n, al manager de la banda Diego Arga\u00f1araz, <\/strong>al subcomisario Carlos D\u00edaz, al coordinador general del boliche Ra\u00fal Villarreal y a las funcionarias Fabiana Fiszbin y Ana Mar\u00eda Fern\u00e1ndez.<\/p>\n\n\n\n<p>En 2011 <strong>Casaci\u00f3n atenu\u00f3 las calificaciones de incendio doloso a culposo <\/strong>-y achac\u00f3 esa misma figura a los integrantes de Callejeros-; y de incumplimiento a omisi\u00f3n de los deberes de funcionario p\u00fablico.<\/p>\n\n\n\n<p>El pasado 27 de octubre, el Congreso aprob\u00f3 la <a href=\"https:\/\/www.argentina.gob.ar\/normativa\/nacional\/decreto-751-2022-374467\/texto\" target=\"_blank\" rel=\"noreferrer noopener\">ley nacional 27.695<\/a> de expropiaci\u00f3n del local de Croma\u00f1\u00f3n para la creaci\u00f3n de un sitio de memoria.<\/p>\n","protected":false},"excerpt":{"rendered":"<p>Habr\u00e1 recordatorios el 29 y el 30 Marcha, muestras art\u00edsticas, campa\u00f1as solidarias, encuentros con otras v\u00edctimas y bandas en vivo ser\u00e1n algunos de los eventos dise\u00f1ados para conmemorar los 18 a\u00f1os de la tragedia de Croma\u00f1\u00f3n donde murieron 194 personas. Bajo el lema M\u00fasica, cultura y solidaridad habr\u00e1 una marcha, muestras art\u00edsticas, campa\u00f1as solidarias, encuentros&hellip;<\/p>\n","protected":false},"author":1,"featured_media":119214,"comment_status":"open","ping_status":"open","sticky":false,"template":"","format":"standard","meta":{"footnotes":""},"categories":[25],"tags":[346,560,1426,2450,157,156,30260],"class_list":["post-119213","post","type-post","status-publish","format-standard","has-post-thumbnail","hentry","category-sociedad","tag-actos","tag-amigos","tag-cromanon","tag-diario-el-sindical","tag-familiares","tag-marcha","tag-victimas-2"],"_links":{"self":[{"href":"https:\/\/www.elsindical.com.ar\/notas\/wp-json\/wp\/v2\/posts\/119213","targetHints":{"allow":["GET"]}}],"collection":[{"href":"https:\/\/www.elsindical.com.ar\/notas\/wp-json\/wp\/v2\/posts"}],"about":[{"href":"https:\/\/www.elsindical.com.ar\/notas\/wp-json\/wp\/v2\/types\/post"}],"author":[{"embeddable":true,"href":"https:\/\/www.elsindical.com.ar\/notas\/wp-json\/wp\/v2\/users\/1"}],"replies":[{"embeddable":true,"href":"https:\/\/www.elsindical.com.ar\/notas\/wp-json\/wp\/v2\/comments?post=119213"}],"version-history":[{"count":1,"href":"https:\/\/www.elsindical.com.ar\/notas\/wp-json\/wp\/v2\/posts\/119213\/revisions"}],"predecessor-version":[{"id":119215,"href":"https:\/\/www.elsindical.com.ar\/notas\/wp-json\/wp\/v2\/posts\/119213\/revisions\/119215"}],"wp:featuredmedia":[{"embeddable":true,"href":"https:\/\/www.elsindical.com.ar\/notas\/wp-json\/wp\/v2\/media\/119214"}],"wp:attachment":[{"href":"https:\/\/www.elsindical.com.ar\/notas\/wp-json\/wp\/v2\/media?parent=119213"}],"wp:term":[{"taxonomy":"category","embeddable":true,"href":"https:\/\/www.elsindical.com.ar\/notas\/wp-json\/wp\/v2\/categories?post=119213"},{"taxonomy":"post_tag","embeddable":true,"href":"https:\/\/www.elsindical.com.ar\/notas\/wp-json\/wp\/v2\/tags?post=119213"}],"curies":[{"name":"wp","href":"https:\/\/api.w.org\/{rel}","templated":true}]}}