{"id":119210,"date":"2022-12-29T10:05:43","date_gmt":"2022-12-29T13:05:43","guid":{"rendered":"https:\/\/www.elsindical.com.ar\/notas\/?p=119210"},"modified":"2022-12-29T10:05:43","modified_gmt":"2022-12-29T13:05:43","slug":"estatales-bonaerenses-la-provincia-ofrece-entre-un-5-y-7-mas-en-diciembre","status":"publish","type":"post","link":"https:\/\/www.elsindical.com.ar\/notas\/estatales-bonaerenses-la-provincia-ofrece-entre-un-5-y-7-mas-en-diciembre\/","title":{"rendered":"Estatales bonaerenses: la Provincia ofrece entre un 5% y 7% m\u00e1s en diciembre"},"content":{"rendered":"<div class=\"wp-block-image\">\n<figure class=\"aligncenter size-full is-resized\"><a href=\"https:\/\/www.elsindical.com.ar\/notas\/var\/www\/html\/notas\/wp-content\/uploads\/2022\/12\/paritarias-estatales-bonaerenses.jpg\"><img loading=\"lazy\" decoding=\"async\" src=\"https:\/\/www.elsindical.com.ar\/notas\/var\/www\/html\/notas\/wp-content\/uploads\/2022\/12\/paritarias-estatales-bonaerenses.jpg\" alt=\"\" class=\"wp-image-119211\" width=\"801\" height=\"449\" srcset=\"https:\/\/www.elsindical.com.ar\/notas\/var\/www\/html\/notas\/wp-content\/uploads\/2022\/12\/paritarias-estatales-bonaerenses.jpg 696w, https:\/\/www.elsindical.com.ar\/notas\/var\/www\/html\/notas\/wp-content\/uploads\/2022\/12\/paritarias-estatales-bonaerenses-300x168.jpg 300w, https:\/\/www.elsindical.com.ar\/notas\/var\/www\/html\/notas\/wp-content\/uploads\/2022\/12\/paritarias-estatales-bonaerenses-500x280.jpg 500w\" sizes=\"auto, (max-width: 801px) 100vw, 801px\" \/><\/a><\/figure>\n<\/div>\n\n\n<p>Los gremios que representan al sector se reunir\u00e1n con el Gobierno para cerrar la paritaria 2022.<\/p>\n\n\n\n<p>El Gobierno provincial recibir\u00e1 ma\u00f1ana a los gremios que representan a los trabajadores estatales bonaerenses de la administraci\u00f3n p\u00fablica central regulados por la Ley 10.430 con la intenci\u00f3n <strong>de cerrar la paritaria de 2022 y ofrecer\u00eda sumar entre un 5% y un 7% <\/strong>al incremento del mes de diciembre.<\/p>\n\n\n\n<p>Los estatales bonaerenses tienen hasta ahora <strong>acumulado un 90% anual<\/strong>: 16% en marzo, 10% en mayo, 10% en julio y un 24% en septiembre, 8% octubre, 8% noviembre y un 14% en diciembre.<\/p>\n\n\n\n<p>Los gremios que representan al sector se reunir\u00e1n con el Gobierno bonaerense con el objetivo de <strong>cerrar la paritaria 2022.<\/strong><\/p>\n\n\n\n<h2 class=\"wp-block-heading\">\u00bfEstatales bonaerenses sin bono?<\/h2>\n\n\n\n<p>De esta manera, los estatales cobrar\u00edan en el \u00faltimo mes del a\u00f1o un incremento del entre 19% y 21%, y alcanzar\u00edan un incremento anual de entre 95% y 97%. <strong>Los auxiliares del sector podr\u00edan terminar un poco m\u00e1s arriba, ya que hoy est\u00e1n en el 95%.<\/strong><\/p>\n\n\n\n<p>Por otro lado, <strong>no estar\u00eda contemplado el otorgamiento de un bono de fin de a\u00f1o por parte de la Provincia<\/strong>, como hab\u00edan reclamado algunas organizaciones d\u00edas atr\u00e1s.<\/p>\n\n\n\n<p>Los estatales se reunieron la semana pasada con el Gobierno bonaerense en el Ministerio de Trabajo y en el marco de la negociaci\u00f3n pasaron a un cuarto intermedio. <strong>Ahora, se encontrar\u00e1n este jueves a la ma\u00f1ana, aunque a\u00fan no hay horario confirmado.<\/strong><\/p>\n","protected":false},"excerpt":{"rendered":"<p>Los gremios que representan al sector se reunir\u00e1n con el Gobierno para cerrar la paritaria 2022. El Gobierno provincial recibir\u00e1 ma\u00f1ana a los gremios que representan a los trabajadores estatales bonaerenses de la administraci\u00f3n p\u00fablica central regulados por la Ley 10.430 con la intenci\u00f3n de cerrar la paritaria de 2022 y ofrecer\u00eda sumar entre un&hellip;<\/p>\n","protected":false},"author":1,"featured_media":119211,"comment_status":"open","ping_status":"open","sticky":false,"template":"","format":"standard","meta":{"footnotes":""},"categories":[9,13],"tags":[2450,22023,39124,2107],"class_list":["post-119210","post","type-post","status-publish","format-standard","has-post-thumbnail","hentry","category-economia","category-politica","tag-diario-el-sindical","tag-economia","tag-estatales-bonaerenses","tag-paritarias"],"_links":{"self":[{"href":"https:\/\/www.elsindical.com.ar\/notas\/wp-json\/wp\/v2\/posts\/119210","targetHints":{"allow":["GET"]}}],"collection":[{"href":"https:\/\/www.elsindical.com.ar\/notas\/wp-json\/wp\/v2\/posts"}],"about":[{"href":"https:\/\/www.elsindical.com.ar\/notas\/wp-json\/wp\/v2\/types\/post"}],"author":[{"embeddable":true,"href":"https:\/\/www.elsindical.com.ar\/notas\/wp-json\/wp\/v2\/users\/1"}],"replies":[{"embeddable":true,"href":"https:\/\/www.elsindical.com.ar\/notas\/wp-json\/wp\/v2\/comments?post=119210"}],"version-history":[{"count":1,"href":"https:\/\/www.elsindical.com.ar\/notas\/wp-json\/wp\/v2\/posts\/119210\/revisions"}],"predecessor-version":[{"id":119212,"href":"https:\/\/www.elsindical.com.ar\/notas\/wp-json\/wp\/v2\/posts\/119210\/revisions\/119212"}],"wp:featuredmedia":[{"embeddable":true,"href":"https:\/\/www.elsindical.com.ar\/notas\/wp-json\/wp\/v2\/media\/119211"}],"wp:attachment":[{"href":"https:\/\/www.elsindical.com.ar\/notas\/wp-json\/wp\/v2\/media?parent=119210"}],"wp:term":[{"taxonomy":"category","embeddable":true,"href":"https:\/\/www.elsindical.com.ar\/notas\/wp-json\/wp\/v2\/categories?post=119210"},{"taxonomy":"post_tag","embeddable":true,"href":"https:\/\/www.elsindical.com.ar\/notas\/wp-json\/wp\/v2\/tags?post=119210"}],"curies":[{"name":"wp","href":"https:\/\/api.w.org\/{rel}","templated":true}]}}