{"id":119207,"date":"2022-12-29T10:01:51","date_gmt":"2022-12-29T13:01:51","guid":{"rendered":"https:\/\/www.elsindical.com.ar\/notas\/?p=119207"},"modified":"2022-12-29T10:01:52","modified_gmt":"2022-12-29T13:01:52","slug":"sin-acuerdo-entre-unidad-piquetera-y-el-gobierno-la-negociacion-entro-en-compas-de-espera","status":"publish","type":"post","link":"https:\/\/www.elsindical.com.ar\/notas\/sin-acuerdo-entre-unidad-piquetera-y-el-gobierno-la-negociacion-entro-en-compas-de-espera\/","title":{"rendered":"Sin acuerdo entre Unidad Piquetera y el Gobierno la negociaci\u00f3n entr\u00f3 en \u201ccomp\u00e1s de espera\u201d"},"content":{"rendered":"<div class=\"wp-block-image\">\n<figure class=\"aligncenter size-full\"><a href=\"https:\/\/www.elsindical.com.ar\/notas\/var\/www\/html\/notas\/wp-content\/uploads\/2022\/12\/protesta-Unidad-Piquetera-en-CABA.jpg\"><img loading=\"lazy\" decoding=\"async\" width=\"960\" height=\"640\" src=\"https:\/\/www.elsindical.com.ar\/notas\/var\/www\/html\/notas\/wp-content\/uploads\/2022\/12\/protesta-Unidad-Piquetera-en-CABA.jpg\" alt=\"\" class=\"wp-image-119208\" srcset=\"https:\/\/www.elsindical.com.ar\/notas\/var\/www\/html\/notas\/wp-content\/uploads\/2022\/12\/protesta-Unidad-Piquetera-en-CABA.jpg 960w, https:\/\/www.elsindical.com.ar\/notas\/var\/www\/html\/notas\/wp-content\/uploads\/2022\/12\/protesta-Unidad-Piquetera-en-CABA-300x200.jpg 300w, https:\/\/www.elsindical.com.ar\/notas\/var\/www\/html\/notas\/wp-content\/uploads\/2022\/12\/protesta-Unidad-Piquetera-en-CABA-768x512.jpg 768w, https:\/\/www.elsindical.com.ar\/notas\/var\/www\/html\/notas\/wp-content\/uploads\/2022\/12\/protesta-Unidad-Piquetera-en-CABA-450x300.jpg 450w\" sizes=\"auto, (max-width: 960px) 100vw, 960px\" \/><\/a><\/figure>\n<\/div>\n\n\n<p>Desde la Unidad Piquetera consideran que las bajas de los programas sociales apuntan a los referenciados con sus organizaciones.<\/p>\n\n\n\n<p>Luego de tres horas, la reuni\u00f3n entre la ministra de Desarrollo Social, Victoria Tolosa Paz, y los dirigentes de la Unidad Piquetera, <strong>no arroj\u00f3 un acuerdo, aunque la negociaci\u00f3n a\u00fan no se dio por ca\u00edda sino que ingres\u00f3 en \u201cun comp\u00e1s de espera\u201d <\/strong>hasta la pr\u00f3xima semana, se inform\u00f3.<\/p>\n\n\n\n<p>Durante le encuentro, la Unidad Piquetera <strong>reclam\u00f3 por el bono completo <\/strong>\u201cque la ministra redujo a la mitad producto de esa pol\u00edtica de ajuste\u201d.<\/p>\n\n\n\n<p>\u201cLa ministra realiz\u00f3 algunos compromisos que se verificar\u00e1n por parte de las organizaciones en el transcurso de las pr\u00f3ximas 48 horas. <strong>Los compromisos consisten en completar la entrega de los alimentos y de los productos navide\u00f1os que comenz\u00f3 a entregar en esta semana con mucha demora el Ministerio, y que se deber\u00eda completar en los pr\u00f3ximos horas Lo mismo ocurre con varios de los proyectos de herramientas que la ministra se comprometi\u00f3 a entregar en los pr\u00f3ximos d\u00edas<\/strong>\u201c, informaron las organizaciones en un comunicado.<\/p>\n\n\n\n<p>Por todo esto, la Unidad Piquetera resolvi\u00f3 \u201cun comp\u00e1s de espera\u201d y agreg\u00f3: \u201cEsto quiere decir que <strong>esperaremos hasta la semana que viene el cumplimiento de los mismos. Mientras seguimos reclamando el aumento del programa Potenciar Trabajo<\/strong>, su apertura a los que lo necesitan y un bono de emergencia para cumplimentar una recomposici\u00f3n de los programas afectados por la inflaci\u00f3n\u201d.<\/p>\n\n\n\n<p>\u201cTambi\u00e9n se avanz\u00f3 en la reuni\u00f3n en el <strong>levantamiento de programas sociales a compa\u00f1eros que fueron dados de baja en forma equivocada <\/strong>por parte del Ministerio. Esos compa\u00f1eros volver\u00e1n a ser ingresados al cobro la pr\u00f3ximo fecha correspondiente\u201d, se agreg\u00f3.<\/p>\n\n\n\n<p>Adem\u00e1s, este sector -que tiene a Eduardo Belliboni a la cabeza- aprovech\u00f3 para apuntar contra los movimientos sociales m\u00e1s cercanos al oficialismo luego del reciente acuerdo que sellaron: <strong>\u201cRechazamos el acta de paz firmada por UTEP por cuatro meses con el Ministerio\u201d, <\/strong>se\u00f1alaron.<\/p>\n\n\n\n<p>\u201cNo representa los intereses de los desocupados, de los compa\u00f1eros con problemas sociales. Seguiremos impulsando la lucha por nuestras reivindicaciones. <strong>Nos mantenemos en estado de alerta<\/strong>, esperando el cumplimiento de estos m\u00ednimos acuerdos\u201d, insistieron.<\/p>\n\n\n\n<p>El encuentro de este mi\u00e9rcoles, que se paut\u00f3 a cambio del levantamiento del <strong>\u201cacampe navide\u00f1o\u201d <\/strong>que la semana pasada levantaron los piqueteros, se realiz\u00f3 desde las 15 horas en el edificio ministerial de 9 de julio y Moreno.<\/p>\n\n\n\n<h2 class=\"wp-block-heading\">La disputa por el bono<\/h2>\n\n\n\n<p>\u201cSe sigue con la \u2018guerra contra los pobres\u2019 al confirmar el bono \u2018miserable\u2019 que se pagar\u00e1 en dos cuotas de 6.750 pesos con la que la <strong>UTEP denunciaba a T. Paz, a firmar un pacto con la ministra por\u2026 otro bono miserable. <\/strong>Un pacto a la medida del ajuste del FMI\u201d, apunt\u00f3 Belliboni en Twitter.<\/p>\n\n\n\n<p>\u201cA cambio de 1\/2 plato de lentejas \u2018levantan\u2019 medidas de fuerza q nunca hicieron\u201d, agreg\u00f3.<\/p>\n\n\n\n<p>Tanto organizaciones oficialistas como opositoras hab\u00edan <strong>mostrado su negaci\u00f3n a aceptar el bono de fin de a\u00f1o <\/strong>de $ 13.500 que Tolosa Paz anunci\u00f3 para los beneficiarios de Potenciar Trabajo a liquidarse en dos cuotas.<\/p>\n\n\n\n<p>Ayer, sin embargo, <strong>desde la UTEP lo aceptaron con un refuerzo de $13.000 para los titulares del programa Potenciar Trabajo <\/strong>para marzo del 2023, el pago de herramientas y maquinaria, y un aumento de bolsones de comida.<\/p>\n\n\n\n<p>Si bien los reclamos parecen coincidir, desde la Unidad Piquetera consideran que las bajas de los programas sociales en los \u00faltimos meses han estado apuntadas a los beneficiarios referenciados con sus organizaciones. Adem\u00e1s de resolver el conflicto por las bajas, anticiparon que buscar\u00e1n que <strong>\u201cse garanticen los alimentos para los comedores populares, por herramientas de trabajo para los proyectos y por trabajo genuino\u201d.<\/strong><\/p>\n","protected":false},"excerpt":{"rendered":"<p>Desde la Unidad Piquetera consideran que las bajas de los programas sociales apuntan a los referenciados con sus organizaciones. Luego de tres horas, la reuni\u00f3n entre la ministra de Desarrollo Social, Victoria Tolosa Paz, y los dirigentes de la Unidad Piquetera, no arroj\u00f3 un acuerdo, aunque la negociaci\u00f3n a\u00fan no se dio por ca\u00edda sino&hellip;<\/p>\n","protected":false},"author":1,"featured_media":119208,"comment_status":"open","ping_status":"open","sticky":false,"template":"","format":"standard","meta":{"footnotes":""},"categories":[9,13],"tags":[926,6433,2450,22023,39002],"class_list":["post-119207","post","type-post","status-publish","format-standard","has-post-thumbnail","hentry","category-economia","category-politica","tag-acuerdo","tag-bono","tag-diario-el-sindical","tag-economia","tag-unidad-piquetera"],"_links":{"self":[{"href":"https:\/\/www.elsindical.com.ar\/notas\/wp-json\/wp\/v2\/posts\/119207","targetHints":{"allow":["GET"]}}],"collection":[{"href":"https:\/\/www.elsindical.com.ar\/notas\/wp-json\/wp\/v2\/posts"}],"about":[{"href":"https:\/\/www.elsindical.com.ar\/notas\/wp-json\/wp\/v2\/types\/post"}],"author":[{"embeddable":true,"href":"https:\/\/www.elsindical.com.ar\/notas\/wp-json\/wp\/v2\/users\/1"}],"replies":[{"embeddable":true,"href":"https:\/\/www.elsindical.com.ar\/notas\/wp-json\/wp\/v2\/comments?post=119207"}],"version-history":[{"count":1,"href":"https:\/\/www.elsindical.com.ar\/notas\/wp-json\/wp\/v2\/posts\/119207\/revisions"}],"predecessor-version":[{"id":119209,"href":"https:\/\/www.elsindical.com.ar\/notas\/wp-json\/wp\/v2\/posts\/119207\/revisions\/119209"}],"wp:featuredmedia":[{"embeddable":true,"href":"https:\/\/www.elsindical.com.ar\/notas\/wp-json\/wp\/v2\/media\/119208"}],"wp:attachment":[{"href":"https:\/\/www.elsindical.com.ar\/notas\/wp-json\/wp\/v2\/media?parent=119207"}],"wp:term":[{"taxonomy":"category","embeddable":true,"href":"https:\/\/www.elsindical.com.ar\/notas\/wp-json\/wp\/v2\/categories?post=119207"},{"taxonomy":"post_tag","embeddable":true,"href":"https:\/\/www.elsindical.com.ar\/notas\/wp-json\/wp\/v2\/tags?post=119207"}],"curies":[{"name":"wp","href":"https:\/\/api.w.org\/{rel}","templated":true}]}}