{"id":119196,"date":"2022-12-28T15:09:54","date_gmt":"2022-12-28T18:09:54","guid":{"rendered":"https:\/\/www.elsindical.com.ar\/notas\/?p=119196"},"modified":"2022-12-28T15:15:07","modified_gmt":"2022-12-28T18:15:07","slug":"lanus-un-jubilado-mato-a-un-delincuente-en-un-raid-delictivo-en-villa-diamante","status":"publish","type":"post","link":"https:\/\/www.elsindical.com.ar\/notas\/lanus-un-jubilado-mato-a-un-delincuente-en-un-raid-delictivo-en-villa-diamante\/","title":{"rendered":"Lan\u00fas: Un jubilado mat\u00f3 a un delincuente en un raid delictivo en Villa Diamante"},"content":{"rendered":"<div class=\"wp-block-image\">\n<figure class=\"aligncenter size-full is-resized\"><a href=\"https:\/\/www.elsindical.com.ar\/notas\/var\/www\/html\/notas\/wp-content\/uploads\/2022\/12\/calle-Grecia-Lanus.jpg\"><img loading=\"lazy\" decoding=\"async\" src=\"https:\/\/www.elsindical.com.ar\/notas\/var\/www\/html\/notas\/wp-content\/uploads\/2022\/12\/calle-Grecia-Lanus.jpg\" alt=\"\" class=\"wp-image-119197\" width=\"779\" height=\"478\" srcset=\"https:\/\/www.elsindical.com.ar\/notas\/var\/www\/html\/notas\/wp-content\/uploads\/2022\/12\/calle-Grecia-Lanus.jpg 595w, https:\/\/www.elsindical.com.ar\/notas\/var\/www\/html\/notas\/wp-content\/uploads\/2022\/12\/calle-Grecia-Lanus-300x184.jpg 300w, https:\/\/www.elsindical.com.ar\/notas\/var\/www\/html\/notas\/wp-content\/uploads\/2022\/12\/calle-Grecia-Lanus-489x300.jpg 489w\" sizes=\"auto, (max-width: 779px) 100vw, 779px\" \/><\/a><\/figure>\n<\/div>\n\n\n<p class=\"wp-block-paragraph\">   La inseguridad sigue golpeando fuerte a los vecinos de Lan\u00fas que la padecen a diario mientras el intendente N\u00e9stor Grindetti y su responsable de la seguridad Diego Kravetz solo se ocupan de la campa\u00f1a pol\u00edtica y otorgar pauta a los medios para que no informen la realidad que se vive en Lan\u00fas.<\/p>\n\n\n\n<p class=\"wp-block-paragraph\">Un jubilado mat\u00f3 a tiros a un joven que intent\u00f3 ingresar a robar a su vivienda ubicada en Villa Diamante en Lan\u00fas. El hecho ocurri\u00f3 el martes a la noche.<\/p>\n\n\n\n<p class=\"wp-block-paragraph\">La Unidad de Polic\u00eda de Prevenci\u00f3n Local (U.P.P.L.)&nbsp; <strong>recibi\u00f3 una llamado al 911 por un hombre desvanecido y ensangrentado, que se encontraba en la vereda de calle Grecia al 5800<\/strong>, entre Osorio y Lomas Valentina.<\/p>\n\n\n\n<p class=\"wp-block-paragraph\">Cuando lleg\u00f3 el personal policial, el hombre estaba muerto. Acto seguido, <strong>se procedi\u00f3 a estudiar las im\u00e1genes que hab\u00edan sido captadas por las c\u00e1maras de vigilancia del vecindario.<\/strong><\/p>\n\n\n\n<p class=\"wp-block-paragraph\">Seg\u00fan las filmaciones, el hombre trep\u00f3 al techo de una finca del barrio, salt\u00f3 de la terraza de la casa y all\u00ed se agarr\u00f3 del est\u00f3mago para despu\u00e9s caer desmayado en la vereda.<\/p>\n\n\n\n<p class=\"wp-block-paragraph\">Peritos de la delegaci\u00f3n local de la Polic\u00eda Cient\u00edfica lograron determinar que presentaba un impacto de arma de fuego en el t\u00f3rax y que el fallecido carec\u00eda de documentaci\u00f3n identificatoria.<\/p>\n\n\n\n<p class=\"wp-block-paragraph\">Juan Carlos Gonz\u00e1lez es el hombre que se defendi\u00f3 del robo. Tiene 76 a\u00f1os.<\/p>\n\n\n<div class=\"wp-block-image\">\n<figure class=\"aligncenter size-full is-resized\"><a href=\"https:\/\/www.elsindical.com.ar\/notas\/var\/www\/html\/notas\/wp-content\/uploads\/2022\/12\/delincuente-abatido-en-Lanus.jpg\"><img loading=\"lazy\" decoding=\"async\" src=\"https:\/\/www.elsindical.com.ar\/notas\/var\/www\/html\/notas\/wp-content\/uploads\/2022\/12\/delincuente-abatido-en-Lanus.jpg\" alt=\"\" class=\"wp-image-119199\" width=\"831\" height=\"599\" srcset=\"https:\/\/www.elsindical.com.ar\/notas\/var\/www\/html\/notas\/wp-content\/uploads\/2022\/12\/delincuente-abatido-en-Lanus.jpg 656w, https:\/\/www.elsindical.com.ar\/notas\/var\/www\/html\/notas\/wp-content\/uploads\/2022\/12\/delincuente-abatido-en-Lanus-300x216.jpg 300w, https:\/\/www.elsindical.com.ar\/notas\/var\/www\/html\/notas\/wp-content\/uploads\/2022\/12\/delincuente-abatido-en-Lanus-416x300.jpg 416w\" sizes=\"auto, (max-width: 831px) 100vw, 831px\" \/><\/a><\/figure>\n<\/div>","protected":false},"excerpt":{"rendered":"<p>La inseguridad sigue golpeando fuerte a los vecinos de Lan\u00fas que la padecen a diario mientras el intendente N\u00e9stor Grindetti y su responsable de la seguridad Diego Kravetz solo se ocupan de la campa\u00f1a pol\u00edtica y otorgar pauta a los medios para que no informen la realidad que se vive en Lan\u00fas. Un jubilado mat\u00f3&hellip;<\/p>\n","protected":false},"author":1,"featured_media":119197,"comment_status":"open","ping_status":"open","sticky":false,"template":"","format":"standard","meta":{"footnotes":""},"categories":[22],"tags":[614,2450,23470,984,209,5025,116,3262],"class_list":["post-119196","post","type-post","status-publish","format-standard","has-post-thumbnail","hentry","category-policiales","tag-614","tag-diario-el-sindical","tag-diego-kravetz","tag-inseguridad","tag-lanus","tag-nestor-grindetti","tag-robo","tag-villa-diamante"],"_links":{"self":[{"href":"https:\/\/www.elsindical.com.ar\/notas\/wp-json\/wp\/v2\/posts\/119196","targetHints":{"allow":["GET"]}}],"collection":[{"href":"https:\/\/www.elsindical.com.ar\/notas\/wp-json\/wp\/v2\/posts"}],"about":[{"href":"https:\/\/www.elsindical.com.ar\/notas\/wp-json\/wp\/v2\/types\/post"}],"author":[{"embeddable":true,"href":"https:\/\/www.elsindical.com.ar\/notas\/wp-json\/wp\/v2\/users\/1"}],"replies":[{"embeddable":true,"href":"https:\/\/www.elsindical.com.ar\/notas\/wp-json\/wp\/v2\/comments?post=119196"}],"version-history":[{"count":2,"href":"https:\/\/www.elsindical.com.ar\/notas\/wp-json\/wp\/v2\/posts\/119196\/revisions"}],"predecessor-version":[{"id":119200,"href":"https:\/\/www.elsindical.com.ar\/notas\/wp-json\/wp\/v2\/posts\/119196\/revisions\/119200"}],"wp:featuredmedia":[{"embeddable":true,"href":"https:\/\/www.elsindical.com.ar\/notas\/wp-json\/wp\/v2\/media\/119197"}],"wp:attachment":[{"href":"https:\/\/www.elsindical.com.ar\/notas\/wp-json\/wp\/v2\/media?parent=119196"}],"wp:term":[{"taxonomy":"category","embeddable":true,"href":"https:\/\/www.elsindical.com.ar\/notas\/wp-json\/wp\/v2\/categories?post=119196"},{"taxonomy":"post_tag","embeddable":true,"href":"https:\/\/www.elsindical.com.ar\/notas\/wp-json\/wp\/v2\/tags?post=119196"}],"curies":[{"name":"wp","href":"https:\/\/api.w.org\/{rel}","templated":true}]}}